{"id":6569,"date":"2015-04-18T19:21:00","date_gmt":"2015-04-18T17:21:00","guid":{"rendered":""},"modified":"2024-11-12T14:01:47","modified_gmt":"2024-11-12T13:01:47","slug":"nota-de-prensa-de-ribadeo-en-comun-2","status":"publish","type":"post","link":"https:\/\/blogs.amarinha.gal\/ribadeando\/2015\/04\/18\/nota-de-prensa-de-ribadeo-en-comun-2\/","title":{"rendered":"Candidatura completa de Ribadeo en Com\u00fan (ReC), ordeada e con alg\u00fan comentario"},"content":{"rendered":"<p id=\"yui_3_16_0_1_1429364817937_23340\">Adx\u00fantase a nota de prensa que remata de liberar Ribadeo en Com\u00fan:<\/p>\n<p id=\"yui_3_16_0_1_1429364817937_23340\"><em>A<br \/>\n plataforma veci\u00f1al &#8220;Ribadeo en Com\u00fan&#8221; quere facer p\u00fablico o resultado<br \/>\ndas elecci\u00f3ns primarias &nbsp;que ven de celebrar na \u00faltima semana e, polo<br \/>\ntanto, a lista de candidatas e candidatos aprobados pola asemblea e<br \/>\nordenados seguindo un criterio de paridade&nbsp; con lista cremalleira.<\/em><\/p>\n<p id=\"yui_3_16_0_1_1429364817937_23352\"><em><br clear=\"none\" \/><\/em><\/p>\n<p id=\"yui_3_16_0_1_1429364817937_23353\"><em>As\u00ed<br \/>\n mesmo, aproveitamos para agradecer unha vez mais \u00e1 veci\u00f1anza a s\u00faa<br \/>\nparticipaci\u00f3n nas primeiras elecci\u00f3ns primarias que se levan adiante en<br \/>\nRibadeo.<\/em><\/p>\n<p id=\"yui_3_16_0_1_1429364817937_26176\"><em><br clear=\"none\" \/><\/em><\/p>\n<p id=\"yui_3_16_0_1_1429364817937_23345\"><em>Un<br \/>\n total de 182 persoas tiveron dereito a voto. O criterio para a<br \/>\nelaboraci\u00f3n do censo de electores &nbsp;era ter asinado o manifesto da<br \/>\nplataforma&nbsp; ou entregado o tr\u00edptico pre-aval antes do 1 de abril (data<br \/>\nda apertura do prazo para presentarse como candidata), e os niveis de<br \/>\nparticipaci\u00f3n e representatividade obtidos foron valorados pola asemblea<br \/>\n positivamente, tendo en conta as dificultades que levou consigo compartir as<br \/>\ntarefas deste proceso coa recollida de sinaturas para avalar a<br \/>\nagrupaci\u00f3n.<\/em><\/p>\n<p id=\"yui_3_16_0_1_1429364817937_26177\"><em><br clear=\"none\" \/><\/em><\/p>\n<p id=\"yui_3_16_0_1_1429364817937_23354\"><em>Unha<br \/>\n comisi\u00f3n electoral e unha comisi\u00f3n de garant\u00edas, alleos \u00e1 candidatura,<br \/>\nvelaron polo cumprimento do regulamento e o desenvolvemento do proceso.<\/em><\/p>\n<p><span style=\"color: #141823; font-family: &quot;helvetica&quot; , sans-serif; font-size: 10.5pt;\"><em>Candidatura veci\u00f1al de ReC \u00e1s Municipais 2015:<\/em><\/span><\/p>\n<p id=\"yui_3_16_0_1_1429364817937_23346\"><span id=\"yui_3_16_0_1_1429364817937_26181\" style=\"color: #141823; font-family: &quot;helvetica&quot; , sans-serif; font-size: 10.5pt;\"><em>1. Mar\u00eda Victoria L\u00f3pez Louro.<br clear=\"none\" \/>2. Mario Penelo Riva.<br clear=\"none\" \/>3. Mar\u00eda Novo Fern\u00e1ndez.<br clear=\"none\" \/>4. Iv\u00e1n Rodr\u00edguez Lombardero.<br clear=\"none\" \/>5. Lidia Ares Taboada.<br clear=\"none\" \/>6. Evaristo Lombardero Rico.<br clear=\"none\" \/>7. Mar\u00eda del Roc\u00edo Botana Garc\u00eda.<br clear=\"none\" \/>8. Julio C\u00e9sar Gonz\u00e1lez Garc\u00eda.<br clear=\"none\" \/>9. Eva Paula Roca Posada.<br clear=\"none\" \/>10. Carlos Daniel Scavuzzo Mej\u00edas.<br clear=\"none\" \/>11. M\u00aaar\u00edaJos\u00e9 Garc\u00eda Burgo.<br clear=\"none\" \/>12. V\u00edctor Villar Caama\u00f1o.<br clear=\"none\" \/>13. Mar\u00eda Jos\u00e9 L\u00f3pez Mart\u00ednez.<br clear=\"none\" \/>14. David Regueiro Rama.<br clear=\"none\" \/>15.Mar\u00eda \u00c1ngeles Dom\u00ednguez Barroso.<br clear=\"none\" \/>16. H\u00e9ctor Pe\u00f1a D\u00edaz<br clear=\"none\" \/>17. Mar\u00eda Mar Orosa P\u00e9rez.<\/em><\/span><\/p>\n<\/p>\n<p id=\"yui_3_16_0_1_1429364817937_23347\"><span style=\"color: #141823; font-family: &quot;helvetica&quot; , sans-serif; font-size: 10.5pt;\"><em>Suplentes.<\/em><\/span><\/p>\n<p dir=\"ltr\" id=\"yui_3_16_0_1_1429364817937_26184\"><span style=\"color: #141823; font-family: &quot;helvetica&quot; , sans-serif; font-size: 10.5pt;\"><em>1.Emilio Garc\u00eda Garc\u00eda<\/em><\/span><\/p>\n<p dir=\"ltr\" id=\"yui_3_16_0_1_1429364817937_26185\"><span style=\"color: #141823; font-family: &quot;helvetica&quot; , sans-serif; font-size: 10.5pt;\"><em>2.Elvira Rosa Posada Garc\u00eda<\/em><\/span><\/p>\n<p dir=\"ltr\" id=\"yui_3_16_0_1_1429364817937_26186\"><span style=\"color: #141823; font-family: &quot;helvetica&quot; , sans-serif; font-size: 10.5pt;\"><em>3.Mar\u00eda del Carmen Manzanal G\u00f3mez<\/em><\/span><\/p>\n<p dir=\"ltr\" id=\"yui_3_16_0_1_1429364817937_26187\"><span style=\"color: #141823; font-family: &quot;helvetica&quot; , sans-serif;\"><span style=\"font-size: 14px;\"><em><br \/>\n<\/em><\/span><\/span><\/p>\n<p><span id=\"yui_3_16_0_1_1429364817937_26190\" style=\"color: #141823; font-family: &quot;helvetica&quot; , sans-serif;\"><span id=\"yui_3_16_0_1_1429364817937_26189\" style=\"font-size: 14px;\"><em>Pronto recibiredes novas informaci\u00f3ns da nosa alternativa. moitas gracias pola difusi\u00f3n.<\/em><\/span><\/span><\/p>\n<table align=\"center\" cellpadding=\"0\" cellspacing=\"0\" class=\"tr-caption-container\" style=\"margin-left: auto; margin-right: auto; text-align: center;\">\n<tbody>\n<tr>\n<td style=\"text-align: center;\"><a href=\"https:\/\/blogger.googleusercontent.com\/img\/b\/R29vZ2xl\/AVvXsEgjqCxdj6GGQX_tHU2qAbGRbKKyeIbCNTPGMLTaC_wGyi0cSHKscbdxlNivgq_-K4RVocwnIVbeqmBzT9lZEbxvhIJ6yVB2bx46hRdLCnu1HaDD03brCpDlZ7DBMhvWMwiv0LErSg\/s2048\/IMG-20150414-WA0016.jpg\" imageanchor=\"1\" style=\"margin-left: auto; margin-right: auto;\"><img loading=\"lazy\" decoding=\"async\" height=\"640\" src=\"https:\/\/blogger.googleusercontent.com\/img\/b\/R29vZ2xl\/AVvXsEgjqCxdj6GGQX_tHU2qAbGRbKKyeIbCNTPGMLTaC_wGyi0cSHKscbdxlNivgq_-K4RVocwnIVbeqmBzT9lZEbxvhIJ6yVB2bx46hRdLCnu1HaDD03brCpDlZ7DBMhvWMwiv0LErSg\/s2048\/IMG-20150414-WA0016.jpg\" width=\"404\" \/><\/a><\/td>\n<\/tr>\n<tr>\n<td class=\"tr-caption\" style=\"text-align: center;\">Mav\u00ed Louro, no centro, con Mario Penelo. Na outra beira do Marqu\u00e9s, Julio C\u00e9sar Gonz\u00e1lez<\/td>\n<\/tr>\n<\/tbody>\n<\/table>\n<p>Lista cremalleira con maior\u00eda de mulleres, conta co aval do pobo para a presentaci\u00f3n \u00e1s municipais, dando indicaci\u00f3n da s\u00faa representatividade. A lembrar que, con que Ribadeo tivera s\u00f3 17 habitantes menos, o n\u00famero de avais a presentar ter\u00eda sido m\u00e1is de 100, non m\u00e1is de 500.<\/p>\n<p><a href=\"http:\/\/ribadeando.blogspot.com.es\/search\/label\/ReC\">M\u00e1is de ReC<\/a>. <\/p>\n<p>Outras candidaturas:<\/p>\n<p><a href=\"http:\/\/ribadeando.blogspot.com.es\/2015\/04\/candidatura-completa-do-pp-para-ribadeo.html\">PP<\/a><\/p>\n<p><a href=\"http:\/\/ribadeando.blogspot.com.es\/2015\/03\/candidatura-completa-do-bng.html\">BNG<\/a><\/p>\n<p><a href=\"http:\/\/ribadeando.blogspot.com.es\/2015\/04\/candidatura-completa-do-psoe-para.html\">PSOE<\/a><\/p>\n<p>&#8230; e m\u00e1is: <\/p>\n<p><a href=\"http:\/\/ribadeando.blogspot.com.es\/search\/label\/elecci%C3%B3ns%20municipais%202015\">Sobre as elecci\u00f3ns municipais 2015<\/a> <\/p>\n<p><strong><strong><a href=\"http:\/\/ribadeando.blogspot.com.es\/search\/label\/elecci%C3%B3ns%202011\">Sobre as pasadas elecci\u00f3ns municipais de Ribadeo 2011<\/a><\/strong><\/strong><\/p>\n<p><strong><strong><a href=\"http:\/\/ribadeando.blogspot.com.es\/2011\/06\/un-novo-alcalde-de-ribadeo-video.html\">V\u00eddeo da toma de posesi\u00f3n en 2011<\/a>&nbsp; <\/p>\n<p><a href=\"http:\/\/ribadeando.blogspot.com.es\/search\/label\/elecci%C3%B3ns%202011\">E m\u00e1is sobre elecci\u00f3ns<\/a><\/strong><\/strong><\/p>\n","protected":false},"excerpt":{"rendered":"<p>Adx\u00fantase a nota de prensa que remata de liberar Ribadeo en Com\u00fan: A plataforma veci\u00f1al &#8220;Ribadeo en Com\u00fan&#8221; quere facer p\u00fablico o resultado das elecci\u00f3ns primarias &nbsp;que ven de celebrar na \u00faltima semana e, polo tanto, a lista de candidatas e candidatos aprobados pola asemblea e ordenados seguindo un criterio de paridade&nbsp; con lista cremalleira. [&hellip;]<\/p>\n","protected":false},"author":3,"featured_media":0,"comment_status":"open","ping_status":"closed","sticky":false,"template":"","format":"standard","meta":{"activitypub_content_warning":"","activitypub_content_visibility":"","activitypub_max_image_attachments":3,"activitypub_interaction_policy_quote":"anyone","activitypub_status":"federated","footnotes":""},"categories":[1],"tags":[48,132,62,135],"class_list":["post-6569","post","type-post","status-publish","format-standard","hentry","category-sen-categoria","tag-eleccions","tag-eleccions-municipais-2015","tag-ivan-rodriguez","tag-rec"],"_links":{"self":[{"href":"https:\/\/blogs.amarinha.gal\/ribadeando\/wp-json\/wp\/v2\/posts\/6569","targetHints":{"allow":["GET"]}}],"collection":[{"href":"https:\/\/blogs.amarinha.gal\/ribadeando\/wp-json\/wp\/v2\/posts"}],"about":[{"href":"https:\/\/blogs.amarinha.gal\/ribadeando\/wp-json\/wp\/v2\/types\/post"}],"author":[{"embeddable":true,"href":"https:\/\/blogs.amarinha.gal\/ribadeando\/wp-json\/wp\/v2\/users\/3"}],"replies":[{"embeddable":true,"href":"https:\/\/blogs.amarinha.gal\/ribadeando\/wp-json\/wp\/v2\/comments?post=6569"}],"version-history":[{"count":0,"href":"https:\/\/blogs.amarinha.gal\/ribadeando\/wp-json\/wp\/v2\/posts\/6569\/revisions"}],"wp:attachment":[{"href":"https:\/\/blogs.amarinha.gal\/ribadeando\/wp-json\/wp\/v2\/media?parent=6569"}],"wp:term":[{"taxonomy":"category","embeddable":true,"href":"https:\/\/blogs.amarinha.gal\/ribadeando\/wp-json\/wp\/v2\/categories?post=6569"},{"taxonomy":"post_tag","embeddable":true,"href":"https:\/\/blogs.amarinha.gal\/ribadeando\/wp-json\/wp\/v2\/tags?post=6569"}],"curies":[{"name":"wp","href":"https:\/\/api.w.org\/{rel}","templated":true}]}}