{"id":6564,"date":"2015-04-22T16:04:00","date_gmt":"2015-04-22T14:04:00","guid":{"rendered":""},"modified":"2024-11-12T14:01:37","modified_gmt":"2024-11-12T13:01:37","slug":"candidatura-completa-de-cidadans","status":"publish","type":"post","link":"https:\/\/blogs.amarinha.gal\/ribadeando\/2015\/04\/22\/candidatura-completa-de-cidadans\/","title":{"rendered":"Candidatura completa de Cidad\u00e1ns, ordeada e con alg\u00fan comentario"},"content":{"rendered":"<p>Coa <a href=\"http:\/\/www.deputacionlugo.org\/portal_localweb_ag\/RecursosWeb\/DOCUMENTOS\/1\/0_12091_1.pdf#PAGE=52\">publicaci\u00f3n das listas de xeito oficial<\/a> at\u00f3pome coa candidatura de Cidad\u00e1ns en Ribadeo:<\/p>\n<p><em>CIUDADANOS-PARTIDO DE LA CIUDADANIA (C&#8217;s)<\/em><\/p>\n<p><em>1. MARTA MARIA SAIZ GARCIA<\/em><\/p>\n<p><em>2. AGUSTIN REIMONDEZ GANCEDO<\/em><\/p>\n<p><em>3. MARIO ALBERTO MEIRA GARCIA<\/em><\/p>\n<p><em>4. MARIA JOSE VILLARINO LEGASPI<\/em><\/p>\n<p><em>5. JESUS PEREZ PRADA<\/em><\/p>\n<p><em>6. DOMINGO EIRAS PEREZ<\/em><\/p>\n<p><em>7. MARIA DEL CARMEN VILLAGARCIA RIO<\/em><\/p>\n<p><em>8. MARIA JULIA SANTAR GONZALEZ<\/em><\/p>\n<p><em>9. MARIA JOSE VILLALBA BELLO<\/em><\/p>\n<p><em>10. ALBERTO IGLESIAS PEREZ<\/em><\/p>\n<p><em>11. LUCIA MARTINEZ RAMOS<\/em><\/p>\n<p><em>12. ALFONSO RODIL VEIGA<\/em><\/p>\n<p><em>13. MARIA JOSEFA PULPEIRO FERNANDEZ<\/em><\/p>\n<p><em>14. ALBERTO GONZALEZ VILLANUEVA<\/em><\/p>\n<p><em>15. SILVIA MONICA SIXTO AGUEIRA<\/em><\/p>\n<p><em>16. LUCIA ARIAS POSADA<\/em><\/p>\n<p><em>17. RONALDO ESCOBAR MARTINEZ<\/em><\/p>\n<p><em>Suplentes<\/em><\/p>\n<p><em>1. AIDA NOEMI AQUINO CABALLERO<\/em><\/p>\n<p><em>2. JUAN CARLOS GAYOSO RODRIGUEZ<\/em><\/p>\n<p>O primeiro que me chama a atenci\u00f3n \u00e9 que non apareza co nome de Cidad\u00e1ns, que crin oficial.<\/p>\n<p>O segundo, algo que xa esperaba, a confluencia da lista con moitos dos antigos <a href=\"http:\/\/ribadeando.blogspot.com\/2015\/02\/segundo-o-previsto-upri-disolvese.html\">UPRi<\/a>, xunto con xente nova. Nese sentido, obter dous postos ser\u00eda mellorar os resultados anteriores de <a href=\"https:\/\/www.google.es\/search?q=site:http:\/\/ribadeando.blogspot.com.es+UPRi&amp;ie=utf-8&amp;oe=utf-8&amp;gws_rd=cr&amp;ei=yK03VaKvLoSp7AaFp4DIBA\">UPRi<\/a>.<\/p>\n<p>O terceiro, que haxa s\u00f3 dous suplentes.<\/p>\n<p>Actualizaci\u00f3n: nota de prensa.<\/p>\n<p><em>Declaraciones de la candidata:<\/p>\n<p>Reco\u00f1ezo que \u00e9 unha responsabilidade moi grande encabezar esta lista e sei que non ser\u00e1 f\u00e1cil, tam\u00e9n sei que non te\u00f1o experiencia na pol\u00edtica activa&#8230;.pero nac\u00edn en Ribadeo e vivo en Ribadeo e co\u00f1ezo as necesidades politicas de Ribadeo e das s\u00faas parroquias.<\/p>\n<p>&#8211; Somos un equipo de xente sencilla pero sobradamente preparada que reclama SENSATEZ e TRANSPARENCIA na xesti\u00f3n municipal.<\/p>\n<p>&#8211; Non busco ser importante&#8230;QUERO SER \u00daTIL!!!<\/p>\n<p>&#8211; Queremoslle a Ribadeo e queremos que Ribadeo funcione o mellor posible..e para eso necesitase unha pol\u00edtica de IGUALDADE, TRANSPARENCIA e PARTICIPACI\u00d3N CIUDADANA<\/p>\n<p>Desde ciudadanos creemos en la implicaci\u00f3n de todas las personas en el trabajo por lo que los miembros de la lista forma un equipo compacto y coordinado para apoyar a nuestra candidata.<\/em><\/p>\n<p><a href=\"https:\/\/blogger.googleusercontent.com\/img\/b\/R29vZ2xl\/AVvXsEinHHnXI7HTvplMKxqjhsuEoiYYGPBQzrLfEZRbSUh2FWzA35bG1gunzzHCUbqE7wnJbMKR68O9WkGDmWGu1O6z-2SIt1Aa_t7VXk3yesLIBlBwYYKdibezb51tl9xFx03WP5pGeg\/s2048\/Marta+Saiz.jpg\" imageanchor=\"1\" style=\"margin-left: 1em; margin-right: 1em;\"><img loading=\"lazy\" decoding=\"async\" src=\"https:\/\/blogger.googleusercontent.com\/img\/b\/R29vZ2xl\/AVvXsEinHHnXI7HTvplMKxqjhsuEoiYYGPBQzrLfEZRbSUh2FWzA35bG1gunzzHCUbqE7wnJbMKR68O9WkGDmWGu1O6z-2SIt1Aa_t7VXk3yesLIBlBwYYKdibezb51tl9xFx03WP5pGeg\/s2048\/Marta+Saiz.jpg\" height=\"640\" width=\"424\" \/><\/a><\/p>\n<p><a href=\"https:\/\/blogger.googleusercontent.com\/img\/b\/R29vZ2xl\/AVvXsEgZfS1-ZOd0FZDt-AkJBmNra_8D_WsIf3HRJevFCM2mGIz05EXppf6K5fWUmjSCYiFpZog2f6TfDmKcUnwk6f1S5J9_zYK-_-8zsFP7aZXIGgVrpl9WDleMNfRmnolXrXWJjxsAdQ\/s2048\/C's.jpg\" imageanchor=\"1\" style=\"margin-left: 1em; margin-right: 1em;\"><img loading=\"lazy\" decoding=\"async\" src=\"https:\/\/blogger.googleusercontent.com\/img\/b\/R29vZ2xl\/AVvXsEgZfS1-ZOd0FZDt-AkJBmNra_8D_WsIf3HRJevFCM2mGIz05EXppf6K5fWUmjSCYiFpZog2f6TfDmKcUnwk6f1S5J9_zYK-_-8zsFP7aZXIGgVrpl9WDleMNfRmnolXrXWJjxsAdQ\/s2048\/C's.jpg\" height=\"452\" width=\"640\" \/><\/a><\/p>\n<p>Outras candidaturas:<\/p>\n<p><a href=\"http:\/\/ribadeando.blogspot.com.es\/2015\/04\/candidatura-completa-do-pp-para-ribadeo.html\">PP<\/a><\/p>\n<p><a href=\"http:\/\/ribadeando.blogspot.com.es\/2015\/03\/candidatura-completa-do-bng.html\">BNG<\/a><\/p>\n<p><a href=\"http:\/\/ribadeando.blogspot.com.es\/2015\/04\/candidatura-completa-do-psoe-para.html\">PSOE<\/a><\/p>\n<p><a href=\"http:\/\/ribadeando.blogspot.com.es\/2015\/04\/nota-de-prensa-de-ribadeo-en-comun.html\">Ribadeo en Com\u00fan (ReC)<\/a><\/p>\n<p>&#8230; e m\u00e1is: <\/p>\n<p><a href=\"http:\/\/ribadeando.blogspot.com.es\/search\/label\/elecci%C3%B3ns%20municipais%202015\">Sobre as elecci\u00f3ns municipais 2015<\/a> <\/p>\n<p><strong><strong><a href=\"http:\/\/ribadeando.blogspot.com.es\/search\/label\/elecci%C3%B3ns%202011\">Sobre as pasadas elecci\u00f3ns municipais de Ribadeo 2011<\/a><\/strong><\/strong><\/p>\n<p><strong><strong><a href=\"http:\/\/ribadeando.blogspot.com.es\/2011\/06\/un-novo-alcalde-de-ribadeo-video.html\">V\u00eddeo da toma de posesi\u00f3n en 2011<\/a>&nbsp; <\/p>\n<p><a href=\"http:\/\/ribadeando.blogspot.com.es\/search\/label\/elecci%C3%B3ns%202011\">E m\u00e1is sobre elecci\u00f3ns<\/a><\/strong><\/strong><\/p>\n","protected":false},"excerpt":{"rendered":"<p>Coa publicaci\u00f3n das listas de xeito oficial at\u00f3pome coa candidatura de Cidad\u00e1ns en Ribadeo: CIUDADANOS-PARTIDO DE LA CIUDADANIA (C&#8217;s) 1. MARTA MARIA SAIZ GARCIA 2. AGUSTIN REIMONDEZ GANCEDO 3. MARIO ALBERTO MEIRA GARCIA 4. MARIA JOSE VILLARINO LEGASPI 5. JESUS PEREZ PRADA 6. DOMINGO EIRAS PEREZ 7. MARIA DEL CARMEN VILLAGARCIA RIO 8. MARIA JULIA [&hellip;]<\/p>\n","protected":false},"author":3,"featured_media":0,"comment_status":"open","ping_status":"closed","sticky":false,"template":"","format":"standard","meta":{"activitypub_content_warning":"","activitypub_content_visibility":"","activitypub_max_image_attachments":3,"activitypub_interaction_policy_quote":"anyone","activitypub_status":"federated","footnotes":""},"categories":[1],"tags":[48,132],"class_list":["post-6564","post","type-post","status-publish","format-standard","hentry","category-sen-categoria","tag-eleccions","tag-eleccions-municipais-2015"],"_links":{"self":[{"href":"https:\/\/blogs.amarinha.gal\/ribadeando\/wp-json\/wp\/v2\/posts\/6564","targetHints":{"allow":["GET"]}}],"collection":[{"href":"https:\/\/blogs.amarinha.gal\/ribadeando\/wp-json\/wp\/v2\/posts"}],"about":[{"href":"https:\/\/blogs.amarinha.gal\/ribadeando\/wp-json\/wp\/v2\/types\/post"}],"author":[{"embeddable":true,"href":"https:\/\/blogs.amarinha.gal\/ribadeando\/wp-json\/wp\/v2\/users\/3"}],"replies":[{"embeddable":true,"href":"https:\/\/blogs.amarinha.gal\/ribadeando\/wp-json\/wp\/v2\/comments?post=6564"}],"version-history":[{"count":0,"href":"https:\/\/blogs.amarinha.gal\/ribadeando\/wp-json\/wp\/v2\/posts\/6564\/revisions"}],"wp:attachment":[{"href":"https:\/\/blogs.amarinha.gal\/ribadeando\/wp-json\/wp\/v2\/media?parent=6564"}],"wp:term":[{"taxonomy":"category","embeddable":true,"href":"https:\/\/blogs.amarinha.gal\/ribadeando\/wp-json\/wp\/v2\/categories?post=6564"},{"taxonomy":"post_tag","embeddable":true,"href":"https:\/\/blogs.amarinha.gal\/ribadeando\/wp-json\/wp\/v2\/tags?post=6564"}],"curies":[{"name":"wp","href":"https:\/\/api.w.org\/{rel}","templated":true}]}}