{"id":6555,"date":"2015-05-01T11:55:00","date_gmt":"2015-05-01T09:55:00","guid":{"rendered":""},"modified":"2024-11-12T14:01:13","modified_gmt":"2024-11-12T13:01:13","slug":"a-politica-de-ribadeo-traverso-de-radio","status":"publish","type":"post","link":"https:\/\/blogs.amarinha.gal\/ribadeando\/2015\/05\/01\/a-politica-de-ribadeo-traverso-de-radio\/","title":{"rendered":"A pol\u00edtica de Ribadeo a traverso de radio Burela"},"content":{"rendered":"<p><a href=\"http:\/\/www.ustream.tv\/recorded\/61731167\">Onte, o programa Parolando<\/a>, de radio Burela, abrangueu tam\u00e9n a Ribadeo. O programa pretend\u00eda presentar nas ondas \u00e1s novas formaci\u00f3ns que se presentan \u00e1s municipais 2015 na Mari\u00f1a. E chamaron a xente de Viveiro, de Alfoz, de Foz e de Ribadeo.<\/p>\n<p>Os de Viveiro non se presentaron, alegando, dixo o presentador, motivos laborais e de tempo. Non sei se en toda a formaci\u00f3n non puideron sacar algu\u00e9n para ir.<\/p>\n<p>Foz Plataforma de Futuro presentouse, \u00f3 meu ver, como unha formaci\u00f3n nova con xeitos tradicionais, inclu\u00eddo a acaparaci\u00f3n de tempo de emisi\u00f3n. No \u00fanico que estimo marcou diferenzas co partido tradicional foi cando falou de que se propuxeran recoller 500 sinaturas como condici\u00f3n para presentarse, tentando igualarse \u00e1 recollida de sinaturas por parte das agrupaci\u00f3ns de electores. E, en relaci\u00f3n a iso, a parte dalg\u00fan detalle m\u00e1is como que nada se sab\u00eda antes do tema, cabe sinalar que \u00e9 abondo diferente recoller sinaturas que recoller avais con copia do DNI, formatear o conxunto e someterse \u00e1 certificaci\u00f3n.<\/p>\n<p>VIA, os veci\u00f1os independentes de Alfoz, si era unha agrupaci\u00f3n de electores. Pero como Alfoz, \u00f3 contrario de Ribadeo, baixou alg\u00fans habitantes e por iso queda por baixo dos 2000, chegou con 25 avais (de feito, sobraron avais), menos de vinte veces menos que Ribadeo en Com\u00fan, o que \u00e1 forza marca diferenzas.<\/p>\n<p>E Ribadeo en Com\u00fan, ReC.<\/p>\n<table align=\"center\" cellpadding=\"0\" cellspacing=\"0\" class=\"tr-caption-container\" style=\"margin-left: auto; margin-right: auto; text-align: center;\">\n<tbody>\n<tr>\n<td style=\"text-align: center;\"><a href=\"https:\/\/blogger.googleusercontent.com\/img\/b\/R29vZ2xl\/AVvXsEjdpVWoNSXR0Ao2ePGegEolMo4jc_whTm1C6KsZxrSuGIliVylNJH-jJIjSgCAdmaeLzghKC4cuuY9BW06rQXv0w-2eoyo4RCEQFcYd2UbqofjcRqC-f-9asxCA1QC4704nD4m8Mg\/s2048\/candidatura+ReC+2015.jpg\" imageanchor=\"1\" style=\"margin-left: auto; margin-right: auto;\"><img loading=\"lazy\" decoding=\"async\" src=\"https:\/\/blogger.googleusercontent.com\/img\/b\/R29vZ2xl\/AVvXsEjdpVWoNSXR0Ao2ePGegEolMo4jc_whTm1C6KsZxrSuGIliVylNJH-jJIjSgCAdmaeLzghKC4cuuY9BW06rQXv0w-2eoyo4RCEQFcYd2UbqofjcRqC-f-9asxCA1QC4704nD4m8Mg\/s2048\/candidatura+ReC+2015.jpg\" height=\"458\" width=\"640\" \/><\/a><\/td>\n<\/tr>\n<tr>\n<td class=\"tr-caption\" style=\"text-align: center;\">O cartel en chave cos 17 candidatos en orde, contiguas a primeira e a \u00faltima da lista indicando igualdade (non aparecen no cartel os suplentes)<\/td>\n<\/tr>\n<\/tbody>\n<\/table>\n<p>Por ReC estiveron na radio Mav\u00ed e Mario, os dous primeiros <a href=\"http:\/\/ribadeando.blogspot.com.es\/2015\/04\/nota-de-prensa-de-ribadeo-en-comun.html\">candidatos da lista de Ribadeo en Com\u00fan<\/a>. Coido que a novidade de ReC quedou patente en cousas como que o presentador seguir falando de &#8216;partidos&#8217; ata o final, en troques de contemplar as agrupaci\u00f3ns de electores cunha expresi\u00f3n m\u00e1is amplia, ou que unha pregunta fora sobre o &#8216;e ti m\u00e1is&#8217; cando se fixo fincap\u00e9 nun m\u00e9todo propositivo e non de confrontaci\u00f3n, ou que se falara de l\u00edderes ou da &#8216;persoa&#8217; que se moveu para sacar adiante a constituci\u00f3n do grupo, ou que se falara de como se \u00eda conectar coa cidadan\u00eda cando o que se trata \u00e9 de que a cidadan\u00eda conecte de xeito directo coa pol\u00edtica&#8230;<\/p>\n<p>As fotos amosan tres momentos do longo programa (m\u00e1is de hora e media, a\u00ednda que moito menos de media hora falando os representantes de ReC) que coido poden se ilustrativos: en dous deles, o presentador mira para a s\u00faa esquerda: est\u00e1n falando representantes de Foz.<\/p>\n<p>Na \u00faltima foto, a traverso da fiestra do estudo de gravaci\u00f3n, pretendo ter un efecto semellante \u00f3 da transmisi\u00f3n: tomar conciencia da distancia para enxuiciar. E, nese sentido, enxuiciando, coido que para ser a primeira vez que se presenta para ReC unha situaci\u00f3n as\u00ed, en directo, o resultado foi positivo. Hoxe, venres 1\u00ba de maio, un d\u00eda simb\u00f3lico, \u00e9 a presentaci\u00f3n da candidatura de ReC, a \u00faltima candidatura que se presenta das que competir\u00e1n o 24 de maio en Ribadeo.<\/p>\n<table align=\"center\" cellpadding=\"0\" cellspacing=\"0\" class=\"tr-caption-container\" style=\"margin-left: auto; margin-right: auto; text-align: center;\">\n<tbody>\n<tr>\n<td style=\"text-align: center;\"><a href=\"https:\/\/blogger.googleusercontent.com\/img\/b\/R29vZ2xl\/AVvXsEgSDgu8RV1WUIhjdR0bLOSbzDuqEt8kaShqDfZ0bYjaZny6pKmGTREFM7RKdqE_lIYdniPx4_VQd8uySHUAgcv48giFdMTWiuHnP0MMpPT2bncHszoim7zzOSpr59esdW3lkKWkow\/s2048\/Radio+Burela+ReC+20150430_1.jpg\" imageanchor=\"1\" style=\"margin-left: auto; margin-right: auto;\"><img loading=\"lazy\" decoding=\"async\" src=\"https:\/\/blogger.googleusercontent.com\/img\/b\/R29vZ2xl\/AVvXsEgSDgu8RV1WUIhjdR0bLOSbzDuqEt8kaShqDfZ0bYjaZny6pKmGTREFM7RKdqE_lIYdniPx4_VQd8uySHUAgcv48giFdMTWiuHnP0MMpPT2bncHszoim7zzOSpr59esdW3lkKWkow\/s2048\/Radio+Burela+ReC+20150430_1.jpg\" height=\"480\" width=\"640\" \/><\/a><\/td>\n<\/tr>\n<tr>\n<td class=\"tr-caption\" style=\"text-align: center;\">Mentras falan os demais, escoitar, tomar nota, pensar<\/td>\n<\/tr>\n<\/tbody>\n<\/table>\n<table align=\"center\" cellpadding=\"0\" cellspacing=\"0\" class=\"tr-caption-container\" style=\"margin-left: auto; margin-right: auto; text-align: center;\">\n<tbody>\n<tr>\n<td style=\"text-align: center;\"><a href=\"https:\/\/blogger.googleusercontent.com\/img\/b\/R29vZ2xl\/AVvXsEiW96diyqOVVuzyGzxEjVGO0csX-Djqr5Yf92MWZjclgrgTwotn5XgbiKHYECUHmXVA-wMVRdEKiC0xc0HLBqEDedVQFPzzrTmykBIUo28iKDHC_13J_fpD_Q6f9L37egYCJ6B-cw\/s2048\/Radio+Burela+ReC+20150430_2.jpg\" imageanchor=\"1\" style=\"margin-left: auto; margin-right: auto;\"><img loading=\"lazy\" decoding=\"async\" src=\"https:\/\/blogger.googleusercontent.com\/img\/b\/R29vZ2xl\/AVvXsEiW96diyqOVVuzyGzxEjVGO0csX-Djqr5Yf92MWZjclgrgTwotn5XgbiKHYECUHmXVA-wMVRdEKiC0xc0HLBqEDedVQFPzzrTmykBIUo28iKDHC_13J_fpD_Q6f9L37egYCJ6B-cw\/s2048\/Radio+Burela+ReC+20150430_2.jpg\" height=\"480\" width=\"640\" \/><\/a><\/td>\n<\/tr>\n<tr>\n<td class=\"tr-caption\" style=\"text-align: center;\">Cando un fala, o outro, atento<\/td>\n<\/tr>\n<\/tbody>\n<\/table>\n<table align=\"center\" cellpadding=\"0\" cellspacing=\"0\" class=\"tr-caption-container\" style=\"margin-left: auto; margin-right: auto; text-align: center;\">\n<tbody>\n<tr>\n<td style=\"text-align: center;\"><a href=\"https:\/\/blogger.googleusercontent.com\/img\/b\/R29vZ2xl\/AVvXsEjnqVi3ls8xgWa2uIrLhUZo8k-Ff80ZPnINus2PH9SDKbDN26qMIHfcW7jGX-YwVEcPEYMFbc5YWgp3QvxRRUmbAYasD8zwm1ML0mOuPET7wKE6JnB9dXw3Mh0tiYH82vQmZ-912g\/s2048\/Radio+Burela+ReC+20150430_3.jpg\" imageanchor=\"1\" style=\"margin-left: auto; margin-right: auto;\"><img loading=\"lazy\" decoding=\"async\" src=\"https:\/\/blogger.googleusercontent.com\/img\/b\/R29vZ2xl\/AVvXsEjnqVi3ls8xgWa2uIrLhUZo8k-Ff80ZPnINus2PH9SDKbDN26qMIHfcW7jGX-YwVEcPEYMFbc5YWgp3QvxRRUmbAYasD8zwm1ML0mOuPET7wKE6JnB9dXw3Mh0tiYH82vQmZ-912g\/s2048\/Radio+Burela+ReC+20150430_3.jpg\" height=\"480\" width=\"640\" \/><\/a><\/td>\n<\/tr>\n<tr>\n<td class=\"tr-caption\" style=\"text-align: center;\">Tam\u00e9n houbo momentos distendidos<\/td>\n<\/tr>\n<\/tbody>\n<\/table>\n<p>Candidaturas Ribadeo 2015:<\/p>\n<p><a href=\"http:\/\/ribadeando.blogspot.com.es\/2015\/04\/candidatura-completa-do-pp-para-ribadeo.html\">PP<\/a><\/p>\n<p><a href=\"http:\/\/ribadeando.blogspot.com.es\/2015\/03\/candidatura-completa-do-bng.html\">BNG<\/a><\/p>\n<p><a href=\"http:\/\/ribadeando.blogspot.com.es\/2015\/04\/candidatura-completa-do-psoe-para.html\">PSOE<\/a><\/p>\n<p><a href=\"http:\/\/ribadeando.blogspot.com.es\/2015\/04\/nota-de-prensa-de-ribadeo-en-comun.html\">Ribadeo en Com\u00fan (ReC)<\/a><\/p>\n<p><a href=\"http:\/\/ribadeando.blogspot.com.es\/2015\/04\/candidatura-completa-de-cidadans.html\">Ciudadanos<\/a><\/p>\n<p>&#8230; e m\u00e1is: <\/p>\n<p><a href=\"http:\/\/ribadeando.blogspot.com.es\/search\/label\/elecci%C3%B3ns%20municipais%202015\">Sobre as elecci\u00f3ns municipais 2015<\/a> <\/p>\n<p><strong><strong><a href=\"http:\/\/ribadeando.blogspot.com.es\/search\/label\/elecci%C3%B3ns%202011\">Sobre as pasadas elecci\u00f3ns municipais de Ribadeo 2011<\/a><\/strong><\/strong><\/p>\n<p><strong><strong><a href=\"http:\/\/ribadeando.blogspot.com.es\/2011\/06\/un-novo-alcalde-de-ribadeo-video.html\">V\u00eddeo da toma de posesi\u00f3n en 2011<\/a>&nbsp; <\/p>\n<p><a href=\"http:\/\/ribadeando.blogspot.com.es\/search\/label\/elecci%C3%B3ns%202011\">E m\u00e1is sobre elecci\u00f3ns<\/a><\/strong><\/strong><\/p>\n","protected":false},"excerpt":{"rendered":"<p>Onte, o programa Parolando, de radio Burela, abrangueu tam\u00e9n a Ribadeo. O programa pretend\u00eda presentar nas ondas \u00e1s novas formaci\u00f3ns que se presentan \u00e1s municipais 2015 na Mari\u00f1a. E chamaron a xente de Viveiro, de Alfoz, de Foz e de Ribadeo. Os de Viveiro non se presentaron, alegando, dixo o presentador, motivos laborais e de [&hellip;]<\/p>\n","protected":false},"author":3,"featured_media":0,"comment_status":"open","ping_status":"closed","sticky":false,"template":"","format":"standard","meta":{"activitypub_content_warning":"","activitypub_content_visibility":"","activitypub_max_image_attachments":3,"activitypub_interaction_policy_quote":"anyone","activitypub_status":"federated","footnotes":""},"categories":[1],"tags":[48,132,135],"class_list":["post-6555","post","type-post","status-publish","format-standard","hentry","category-sen-categoria","tag-eleccions","tag-eleccions-municipais-2015","tag-rec"],"_links":{"self":[{"href":"https:\/\/blogs.amarinha.gal\/ribadeando\/wp-json\/wp\/v2\/posts\/6555","targetHints":{"allow":["GET"]}}],"collection":[{"href":"https:\/\/blogs.amarinha.gal\/ribadeando\/wp-json\/wp\/v2\/posts"}],"about":[{"href":"https:\/\/blogs.amarinha.gal\/ribadeando\/wp-json\/wp\/v2\/types\/post"}],"author":[{"embeddable":true,"href":"https:\/\/blogs.amarinha.gal\/ribadeando\/wp-json\/wp\/v2\/users\/3"}],"replies":[{"embeddable":true,"href":"https:\/\/blogs.amarinha.gal\/ribadeando\/wp-json\/wp\/v2\/comments?post=6555"}],"version-history":[{"count":0,"href":"https:\/\/blogs.amarinha.gal\/ribadeando\/wp-json\/wp\/v2\/posts\/6555\/revisions"}],"wp:attachment":[{"href":"https:\/\/blogs.amarinha.gal\/ribadeando\/wp-json\/wp\/v2\/media?parent=6555"}],"wp:term":[{"taxonomy":"category","embeddable":true,"href":"https:\/\/blogs.amarinha.gal\/ribadeando\/wp-json\/wp\/v2\/categories?post=6555"},{"taxonomy":"post_tag","embeddable":true,"href":"https:\/\/blogs.amarinha.gal\/ribadeando\/wp-json\/wp\/v2\/tags?post=6555"}],"curies":[{"name":"wp","href":"https:\/\/api.w.org\/{rel}","templated":true}]}}