{"id":6554,"date":"2015-05-01T16:46:00","date_gmt":"2015-05-01T14:46:00","guid":{"rendered":""},"modified":"2024-11-12T14:01:11","modified_gmt":"2024-11-12T13:01:11","slug":"presentacion-da-candidatura-de-ribadeo","status":"publish","type":"post","link":"https:\/\/blogs.amarinha.gal\/ribadeando\/2015\/05\/01\/presentacion-da-candidatura-de-ribadeo\/","title":{"rendered":"Presentaci\u00f3n da candidatura de Ribadeo en Com\u00fan"},"content":{"rendered":"<p>Hoxe vai de ReC. Puxen pola ma\u00f1\u00e1 <a href=\"http:\/\/ribadeando.blogspot.com.es\/2015\/05\/a-politica-de-ribadeo-traverso-de-radio.html\">a pol\u00edtica de Ribadeo a traverso de Radio Burela<\/a>: e agora engado dous audios e algunha foto do acto de presentaci\u00f3n da candidatura no parque hoxe mesmo:<\/p>\n<p>1.<a href=\"http:\/\/www.goear.com\/listen\/19ffd8d\/presentacion-candidatura-rec-2015-ribadeo-comun\">http:\/\/www.goear.com\/listen\/19ffd8d\/presentacion-candidatura-rec-2015-ribadeo-comun<\/a> <\/p>\n<p><iframe loading=\"lazy\" align=\"top\" allowfullscreen=\"\" frameborder=\"0\" height=\"115\" hspace=\"0\" marginheight=\"0\" scrolling=\"no\" src=\"http:\/\/www.goear.com\/embed\/sound\/19ffd8d\" vspace=\"0\" width=\"580\"><\/iframe><\/p>\n<p>2.<a href=\"http:\/\/www.goear.com\/listen\/beaaff3\/presentacion-candidatura-rec-2015-parte-ii-ribadeo-comun\">http:\/\/www.goear.com\/listen\/beaaff3\/presentacion-candidatura-rec-2015-parte-ii-ribadeo-comun<\/a><\/p>\n<p><iframe loading=\"lazy\" align=\"top\" allowfullscreen=\"\" frameborder=\"0\" height=\"115\" hspace=\"0\" marginheight=\"0\" scrolling=\"no\" src=\"http:\/\/www.goear.com\/embed\/sound\/beaaff3\" vspace=\"0\" width=\"580\"><\/iframe><\/p>\n<p>Engadido:<\/p>\n<p dir=\"ltr\" id=\"docs-internal-guid-a4135d7b-7db3-87d5-e6e2-a34cb896a36f\"><span style=\"background-color: transparent; color: black; font-family: 'Times New Roman'; font-size: 16px; font-style: normal; font-variant: normal; font-weight: normal; text-decoration: none; vertical-align: baseline;\">Ideas para un programa de Ribadeo en Com\u00fan (20150517):<\/span><\/p>\n<p><a href=\"https:\/\/docs.google.com\/spreadsheets\/d\/1DWifM7zw4L2MZCsjeb6O6r2VXCdQuUt9YpzgH8sGX8o\/edit?usp=sharing\" style=\"text-decoration: none;\"><span style=\"background-color: transparent; color: #1155cc; font-family: 'Times New Roman'; font-size: 16px; font-style: normal; font-variant: normal; font-weight: normal; text-decoration: underline; vertical-align: baseline;\">https:\/\/docs.google.com\/spreadsheets\/d\/1DWifM7zw4L2MZCsjeb6O6r2VXCdQuUt9YpzgH8sGX8o\/edit?usp=sharing<\/span><\/a><\/p>\n<p><a href=\"https:\/\/blogger.googleusercontent.com\/img\/b\/R29vZ2xl\/AVvXsEiWJD0xAl9CVurAV9CIcfgltoX5pfPDMCtjq7eX8AApKa8VHJF_0dDAY8FRl_MgDxGqcqoLhtVG8YTsagNuTtOABGlMlHyvFPPbjH2a42AFxqqzCvPhv2z2u4va_U2Ymz6Rka7Qkw\/s2048\/no+parque+de+Ribadeo+presentantdo+a+candidatura.jpg\" imageanchor=\"1\"><img decoding=\"async\" src=\"https:\/\/blogger.googleusercontent.com\/img\/b\/R29vZ2xl\/AVvXsEiWJD0xAl9CVurAV9CIcfgltoX5pfPDMCtjq7eX8AApKa8VHJF_0dDAY8FRl_MgDxGqcqoLhtVG8YTsagNuTtOABGlMlHyvFPPbjH2a42AFxqqzCvPhv2z2u4va_U2Ymz6Rka7Qkw\/s2048\/no+parque+de+Ribadeo+presentantdo+a+candidatura.jpg\" \/><\/a><\/p>\n<p><a href=\"http:\/\/ribadeando.blogspot.com.es\/2015\/04\/nota-de-prensa-de-ribadeo-en-comun.html\">Ribadeo en Com\u00fan (ReC)<\/a><\/p>\n<p><a href=\"http:\/\/ribadeando.blogspot.com.es\/2015\/03\/candidatura-completa-do-bng.html\">BNG<\/a><\/p>\n<p><a href=\"http:\/\/ribadeando.blogspot.com.es\/2015\/04\/candidatura-completa-do-psoe-para.html\">PSOE<\/a><\/p>\n<p><a href=\"http:\/\/ribadeando.blogspot.com.es\/2015\/04\/candidatura-completa-do-pp-para-ribadeo.html\">PP<\/a><\/p>\n<p><a href=\"http:\/\/ribadeando.blogspot.com.es\/2015\/04\/candidatura-completa-de-cidadans.html\">Ciudadanos<\/a><\/p>\n<p>&#8230; e m\u00e1is: <\/p>\n<p><a href=\"http:\/\/ribadeando.blogspot.com.es\/search\/label\/elecci%C3%B3ns%20municipais%202015\">Sobre as elecci\u00f3ns municipais 2015<\/a> <\/p>\n<p><strong><strong><a href=\"http:\/\/ribadeando.blogspot.com.es\/search\/label\/elecci%C3%B3ns%202011\">Sobre as pasadas elecci\u00f3ns municipais de Ribadeo 2011<\/a><\/strong><\/strong><\/p>\n<p><strong><strong><a href=\"http:\/\/ribadeando.blogspot.com.es\/2011\/06\/un-novo-alcalde-de-ribadeo-video.html\">V\u00eddeo da toma de posesi\u00f3n en 2011<\/a>&nbsp; <\/p>\n<p><a href=\"http:\/\/ribadeando.blogspot.com.es\/search\/label\/elecci%C3%B3ns%202011\">E m\u00e1is sobre elecci\u00f3ns<\/a><\/strong><\/strong><\/p>\n","protected":false},"excerpt":{"rendered":"<p>Hoxe vai de ReC. Puxen pola ma\u00f1\u00e1 a pol\u00edtica de Ribadeo a traverso de Radio Burela: e agora engado dous audios e algunha foto do acto de presentaci\u00f3n da candidatura no parque hoxe mesmo: 1.http:\/\/www.goear.com\/listen\/19ffd8d\/presentacion-candidatura-rec-2015-ribadeo-comun 2.http:\/\/www.goear.com\/listen\/beaaff3\/presentacion-candidatura-rec-2015-parte-ii-ribadeo-comun Engadido: Ideas para un programa de Ribadeo en Com\u00fan (20150517): https:\/\/docs.google.com\/spreadsheets\/d\/1DWifM7zw4L2MZCsjeb6O6r2VXCdQuUt9YpzgH8sGX8o\/edit?usp=sharing Ribadeo en Com\u00fan (ReC) BNG PSOE PP Ciudadanos [&hellip;]<\/p>\n","protected":false},"author":3,"featured_media":0,"comment_status":"open","ping_status":"closed","sticky":false,"template":"","format":"standard","meta":{"activitypub_content_warning":"","activitypub_content_visibility":"","activitypub_max_image_attachments":3,"activitypub_interaction_policy_quote":"anyone","activitypub_status":"federated","footnotes":""},"categories":[1],"tags":[48,132,135],"class_list":["post-6554","post","type-post","status-publish","format-standard","hentry","category-sen-categoria","tag-eleccions","tag-eleccions-municipais-2015","tag-rec"],"_links":{"self":[{"href":"https:\/\/blogs.amarinha.gal\/ribadeando\/wp-json\/wp\/v2\/posts\/6554","targetHints":{"allow":["GET"]}}],"collection":[{"href":"https:\/\/blogs.amarinha.gal\/ribadeando\/wp-json\/wp\/v2\/posts"}],"about":[{"href":"https:\/\/blogs.amarinha.gal\/ribadeando\/wp-json\/wp\/v2\/types\/post"}],"author":[{"embeddable":true,"href":"https:\/\/blogs.amarinha.gal\/ribadeando\/wp-json\/wp\/v2\/users\/3"}],"replies":[{"embeddable":true,"href":"https:\/\/blogs.amarinha.gal\/ribadeando\/wp-json\/wp\/v2\/comments?post=6554"}],"version-history":[{"count":0,"href":"https:\/\/blogs.amarinha.gal\/ribadeando\/wp-json\/wp\/v2\/posts\/6554\/revisions"}],"wp:attachment":[{"href":"https:\/\/blogs.amarinha.gal\/ribadeando\/wp-json\/wp\/v2\/media?parent=6554"}],"wp:term":[{"taxonomy":"category","embeddable":true,"href":"https:\/\/blogs.amarinha.gal\/ribadeando\/wp-json\/wp\/v2\/categories?post=6554"},{"taxonomy":"post_tag","embeddable":true,"href":"https:\/\/blogs.amarinha.gal\/ribadeando\/wp-json\/wp\/v2\/tags?post=6554"}],"curies":[{"name":"wp","href":"https:\/\/api.w.org\/{rel}","templated":true}]}}