{"id":6553,"date":"2015-05-02T11:09:00","date_gmt":"2015-05-02T09:09:00","guid":{"rendered":""},"modified":"2024-11-12T14:01:09","modified_gmt":"2024-11-12T13:01:09","slug":"previsions","status":"publish","type":"post","link":"https:\/\/blogs.amarinha.gal\/ribadeando\/2015\/05\/02\/previsions\/","title":{"rendered":"Previsi\u00f3ns"},"content":{"rendered":"<p>Xa comezou a veda das previsi\u00f3ns electorais. V\u00e9\u00f1ense facendo dende hai tempo, a\u00ednda que poden variar para adaptarse \u00f3s cambios que se van observando. Porque fixen algunha conta, sei que non te\u00f1en por que coincidir previsi\u00f3ns botando contas con alg\u00fan criterio con previsi\u00f3ns feitas por impresi\u00f3ns, a\u00ednda que estean relacionadas.<\/p>\n<p>Gardo para min agora as previsi\u00f3ns de impresi\u00f3n, e tento facer algunha conta a partir de criterios, simplificando moito as cousas:<\/p>\n<p>0.Parto dos <a href=\"http:\/\/ribadeando.blogspot.com.es\/2013\/02\/cambios-de-normas-electorais-en-ribadeo.html\">votos recibidos na campa\u00f1a pasada<\/a> polas formaci\u00f3ns que se presentaron \u00f3 concello: BNG 2696<br \/>\nPP 1797<br \/>\nUPRi 734<br \/>\nPSOE 712<\/p>\n<p>1.O aumento de n\u00famero de formaci\u00f3ns que se presentan en Ribadeo, xunto coa situaci\u00f3n socioecon\u00f3mica actual estimo que implicar\u00e1 un aumento de votantes. O censo de 8565 persoas nas pasadas municipais en Ribadeo esencialmente non variar\u00e1 en n\u00famero. Se nas pasadas municipais resultaron 6197 votos v\u00e1lidos (72,35%), catro puntos porcentuais m\u00e1is, en n\u00fameros redondos dan 6550 votos v\u00e1lidos.<\/p>\n<p>2.Se ben UPRi reconverteuse en parte en Ciudadanos, cabe esperar que conserve boa parte dos seus votantes e ara\u00f1e alg\u00fan mais \u00f3 PP por esa reconversi\u00f3n. Po\u00f1o o 15 % m\u00e1is, e non fago m\u00e1is contas para ambos partidos, pois se ben a situaci\u00f3n do PP a nivel estatal \u00e9 a co\u00f1ecida, en Ribadeo son oposici\u00f3n.<\/p>\n<p>3.O PSOE tocou fondo nas pasadas elecci\u00f3ns, co que, a pesares da situaci\u00f3n estatal, non \u00e9 previsible que baixe moito m\u00e1is por ese motivo. De calquera xeito, o anterior, xunto co tir\u00f3n inicial dos cabeza de lista das pasadas elecci\u00f3ns e desta, fan que estime a\u00ednda unha pequena baixada: 5%<\/p>\n<p>4.O BNG debera ter un desgaste de goberno. Po\u00f1o o 15% de transvase, toda conta que hai unha nova formaci\u00f3n que a\u00ednda que sexa de base complexa, perc\u00edbese pola cidadan\u00eda de esquerdas.<\/p>\n<p>Co anterior, quedar\u00edan uns resultados nas votaci\u00f3ns como sigue:<\/p>\n<p>BNG 2292<\/p>\n<p>PP 1527<\/p>\n<p>C&#8217;s 1004<\/p>\n<p>PSOE 676<\/p>\n<p>ReC 1051<\/p>\n<p><a href=\"https:\/\/blogger.googleusercontent.com\/img\/b\/R29vZ2xl\/AVvXsEh63w5RpGod_c0pqIDvGSTsibDyZekIHHd54BvJp-nm97TVpUCSSwqcyTXM08LwqrzDk78dyp7Vr9jpcQYBafdhcJIuPtZevtKE9o3v1qJoBFzFKj31P0VJHL6L6JZXQxJmh7E1Yw\/s2048\/previsi%C3%B3ns.jpg\" imageanchor=\"1\" style=\"margin-left: 1em; margin-right: 1em;\"><img loading=\"lazy\" decoding=\"async\" height=\"500\" src=\"https:\/\/blogger.googleusercontent.com\/img\/b\/R29vZ2xl\/AVvXsEh63w5RpGod_c0pqIDvGSTsibDyZekIHHd54BvJp-nm97TVpUCSSwqcyTXM08LwqrzDk78dyp7Vr9jpcQYBafdhcJIuPtZevtKE9o3v1qJoBFzFKj31P0VJHL6L6JZXQxJmh7E1Yw\/s2048\/previsi%C3%B3ns.jpg\" width=\"640\" \/><\/a><\/p>\n<\/p>\n<p>&nbsp;Por suposto, hai que ter en conta as m\u00faltiples variaci\u00f3ns posibles, ou o feito de que os seguintes dous concelleiros ser\u00edan asignados, con moi pouca diferenza, pero nesa orde, por C&#8217;s, BNG e PSOE, respectivamente. As perdas m\u00e1is pr\u00f3ximas vir\u00edan por PSOE e, un pouco m\u00e1is lonxe, por ReC.<\/p>\n<p>En fin, un exercicio de estimaci\u00f3n que pode estar profundamente errado&#8230; ou non.<\/p>\n<p>Notas posteriores:<\/p>\n<p>1.Ter en conta que queda toda a campa\u00f1a electoral.<\/p>\n<p>2.Se me deixo levar polo formato de resultados de enquisas e demais, a presentaci\u00f3n ser\u00eda:<\/p>\n<p>BNG 6-7<\/p>\n<p>PP&nbsp;&nbsp;&nbsp; 4<\/p>\n<p>ReC 3-2<\/p>\n<p>C&#8217;s&nbsp;&nbsp; 2-3<\/p>\n<p>PSOE&nbsp;&nbsp; 2-1<\/p>\n<p>3.Adm\u00edtense (e sexan benvidas) outras previsi\u00f3ns comentando o por que.<\/p>\n<p>&#8212;<\/p>\n<p>Nota posterior &#8230; <a href=\"http:\/\/ribadeando.blogspot.com.es\/2015\/05\/reusltados-ribadeo-eleccions-locais-2015.html\">previsi\u00f3ns erradas<\/a>.<\/p>\n<p>&#8212; <\/p>\n<p><a href=\"http:\/\/ribadeando.blogspot.com.es\/search\/label\/elecci%C3%B3ns%20municipais%202015\">Sobre as elecci\u00f3ns municipais 2015<\/a><\/p>\n","protected":false},"excerpt":{"rendered":"<p>Xa comezou a veda das previsi\u00f3ns electorais. V\u00e9\u00f1ense facendo dende hai tempo, a\u00ednda que poden variar para adaptarse \u00f3s cambios que se van observando. Porque fixen algunha conta, sei que non te\u00f1en por que coincidir previsi\u00f3ns botando contas con alg\u00fan criterio con previsi\u00f3ns feitas por impresi\u00f3ns, a\u00ednda que estean relacionadas. Gardo para min agora as [&hellip;]<\/p>\n","protected":false},"author":3,"featured_media":0,"comment_status":"open","ping_status":"closed","sticky":false,"template":"","format":"standard","meta":{"activitypub_content_warning":"","activitypub_content_visibility":"","activitypub_max_image_attachments":3,"activitypub_interaction_policy_quote":"anyone","activitypub_status":"federated","footnotes":""},"categories":[1],"tags":[48,132],"class_list":["post-6553","post","type-post","status-publish","format-standard","hentry","category-sen-categoria","tag-eleccions","tag-eleccions-municipais-2015"],"_links":{"self":[{"href":"https:\/\/blogs.amarinha.gal\/ribadeando\/wp-json\/wp\/v2\/posts\/6553","targetHints":{"allow":["GET"]}}],"collection":[{"href":"https:\/\/blogs.amarinha.gal\/ribadeando\/wp-json\/wp\/v2\/posts"}],"about":[{"href":"https:\/\/blogs.amarinha.gal\/ribadeando\/wp-json\/wp\/v2\/types\/post"}],"author":[{"embeddable":true,"href":"https:\/\/blogs.amarinha.gal\/ribadeando\/wp-json\/wp\/v2\/users\/3"}],"replies":[{"embeddable":true,"href":"https:\/\/blogs.amarinha.gal\/ribadeando\/wp-json\/wp\/v2\/comments?post=6553"}],"version-history":[{"count":0,"href":"https:\/\/blogs.amarinha.gal\/ribadeando\/wp-json\/wp\/v2\/posts\/6553\/revisions"}],"wp:attachment":[{"href":"https:\/\/blogs.amarinha.gal\/ribadeando\/wp-json\/wp\/v2\/media?parent=6553"}],"wp:term":[{"taxonomy":"category","embeddable":true,"href":"https:\/\/blogs.amarinha.gal\/ribadeando\/wp-json\/wp\/v2\/categories?post=6553"},{"taxonomy":"post_tag","embeddable":true,"href":"https:\/\/blogs.amarinha.gal\/ribadeando\/wp-json\/wp\/v2\/tags?post=6553"}],"curies":[{"name":"wp","href":"https:\/\/api.w.org\/{rel}","templated":true}]}}