{"id":6547,"date":"2015-05-07T08:16:00","date_gmt":"2015-05-07T06:16:00","guid":{"rendered":""},"modified":"2024-11-12T14:01:01","modified_gmt":"2024-11-12T13:01:01","slug":"alimento-para-o-cemento","status":"publish","type":"post","link":"https:\/\/blogs.amarinha.gal\/ribadeando\/2015\/05\/07\/alimento-para-o-cemento\/","title":{"rendered":"Alimento para o cemento"},"content":{"rendered":"<p>O parque est\u00e1 de moda en Ribadeo. Centro das obras &#8216;urxentes&#8217; de fin de mandato, a cubrici\u00f3n de cemento deixa bons\u00e1is en troques de \u00e1rbores, que \u00e9 &#8216;<a href=\"http:\/\/ribadeando.blogspot.com.es\/2015\/03\/memorias-do-vello-parque-infantil.html\">o que se leva agora<\/a>&#8216;.<\/p>\n<p>A estas alturas, a urxencia das obras nun per\u00edodo preelectoral non chama a atenci\u00f3n. A difusi\u00f3n do que se vai facer, xa \u00e9 outra cousa. Ti, s\u00e1belo? Seguro que no pazo de Ib\u00e1\u00f1ez si, pero na r\u00faa, non. Din que se vai unha tirolina no rect\u00e1ngulo que est\u00e1n deixando diferente no paseo paralelo \u00e1 r\/San Francisco. Din. Eu dir\u00eda que non (que non \u00e9 lugar), pero&#8230;<\/p>\n<p>E claro, hai que cementar porque si. Repito, Iso parece:<\/p>\n<p><a href=\"https:\/\/blogger.googleusercontent.com\/img\/b\/R29vZ2xl\/AVvXsEh2xR6mtAD_rKK4AA-Oe1wxySoluCQiEINWyKfh5aQ_nyTK08RAgO8TeuZrv1zriFcKTlHofBcmnXSyayxt3CmkEwL5n4c4dEgw6hLZ7cDF6DpdeaWyYBCfsDTfjpBIhMGlsYFAWg\/s2048\/parque+1.jpg\" imageanchor=\"1\" style=\"margin-left: 1em; margin-right: 1em;\"><img loading=\"lazy\" decoding=\"async\" height=\"480\" src=\"https:\/\/blogger.googleusercontent.com\/img\/b\/R29vZ2xl\/AVvXsEh2xR6mtAD_rKK4AA-Oe1wxySoluCQiEINWyKfh5aQ_nyTK08RAgO8TeuZrv1zriFcKTlHofBcmnXSyayxt3CmkEwL5n4c4dEgw6hLZ7cDF6DpdeaWyYBCfsDTfjpBIhMGlsYFAWg\/s2048\/parque+1.jpg\" width=\"640\" \/><\/a><\/p>\n<p>&nbsp;Ocos para as \u00e1rbores&#8230;<\/p>\n<p><a href=\"https:\/\/blogger.googleusercontent.com\/img\/b\/R29vZ2xl\/AVvXsEhf9ZGc3zcXr9Z1QmL0UStr37MpnS83nv3yICvqttV4yo6Ym3EZZFJEK98vVlcM-BRZKcMG5C_XQZBIfK6C0tvx81uXXBTsftISVuWbpDDLn0UKGi6eNw3ZnGOkOx8J6K7TyEJShw\/s2048\/parque+2.jpg\" imageanchor=\"1\" style=\"margin-left: 1em; margin-right: 1em;\"><img loading=\"lazy\" decoding=\"async\" height=\"182\" src=\"https:\/\/blogger.googleusercontent.com\/img\/b\/R29vZ2xl\/AVvXsEhf9ZGc3zcXr9Z1QmL0UStr37MpnS83nv3yICvqttV4yo6Ym3EZZFJEK98vVlcM-BRZKcMG5C_XQZBIfK6C0tvx81uXXBTsftISVuWbpDDLn0UKGi6eNw3ZnGOkOx8J6K7TyEJShw\/s2048\/parque+2.jpg\" width=\"640\" \/><\/a><\/p>\n<p>Pero non s\u00f3 iso<\/p>\n<p><a href=\"https:\/\/blogger.googleusercontent.com\/img\/b\/R29vZ2xl\/AVvXsEhunVCwdHoBr1V3F28-ohOO3rPTm87Zqex3rd6pKCylI34W1fBQN_hRDkn63KGfduCmdydGqKVjZss8BRpGfWEPwxI4RZtpm_7DrKBl4SQkz4r88nGSIoiFkzyF6Qf_e75p0sf5pA\/s2048\/base+1.jpg\" imageanchor=\"1\" style=\"margin-left: 1em; margin-right: 1em;\"><img loading=\"lazy\" decoding=\"async\" height=\"228\" src=\"https:\/\/blogger.googleusercontent.com\/img\/b\/R29vZ2xl\/AVvXsEhunVCwdHoBr1V3F28-ohOO3rPTm87Zqex3rd6pKCylI34W1fBQN_hRDkn63KGfduCmdydGqKVjZss8BRpGfWEPwxI4RZtpm_7DrKBl4SQkz4r88nGSIoiFkzyF6Qf_e75p0sf5pA\/s2048\/base+1.jpg\" width=\"640\" \/><\/a><\/p>\n<p>Os ocos non foron preservados, sen\u00f3n cheos de cemento primeiro e logo cortado o comento&#8230; e parte do que hab\u00eda embaixo.<\/p>\n<p><a href=\"https:\/\/blogger.googleusercontent.com\/img\/b\/R29vZ2xl\/AVvXsEgBenZXVR4mvi9hlWHImHWKOshKqzu6qhwVqh5x8wDcn5OAIrMqLmDudRpNPdfL6imTLM18OphQj1q6jlIcJ4YY4aEyPGG0I-U_V-4XJeFZk97NdAeds1YQteUOFgjjJ5OC67NZlA\/s2048\/base+2.jpg\" imageanchor=\"1\" style=\"margin-left: 1em; margin-right: 1em;\"><img loading=\"lazy\" decoding=\"async\" height=\"140\" src=\"https:\/\/blogger.googleusercontent.com\/img\/b\/R29vZ2xl\/AVvXsEgBenZXVR4mvi9hlWHImHWKOshKqzu6qhwVqh5x8wDcn5OAIrMqLmDudRpNPdfL6imTLM18OphQj1q6jlIcJ4YY4aEyPGG0I-U_V-4XJeFZk97NdAeds1YQteUOFgjjJ5OC67NZlA\/s2048\/base+2.jpg\" width=\"640\" \/><\/a><\/p>\n<p>Vese que o cemento chega ata os troncos, e que as ra\u00edces m\u00e1is pequenas sufriron o corte.<\/p>\n<p><a href=\"https:\/\/blogger.googleusercontent.com\/img\/b\/R29vZ2xl\/AVvXsEjO5iXdqCcGyXetg2tdyhuhPGmFyrYXNDz6c8TdN57bWMuyXrOxFh62z3YqeTgMdH__OtTz3AxdGkehFv0jzkgKvWRfbNdbevZG6-PDnXl1XKRz8zZDfUhK4y8g3foTDh_rPAb33w\/s2048\/cadro+no+parque.jpg\" imageanchor=\"1\" style=\"margin-left: 1em; margin-right: 1em;\"><img loading=\"lazy\" decoding=\"async\" height=\"640\" src=\"https:\/\/blogger.googleusercontent.com\/img\/b\/R29vZ2xl\/AVvXsEjO5iXdqCcGyXetg2tdyhuhPGmFyrYXNDz6c8TdN57bWMuyXrOxFh62z3YqeTgMdH__OtTz3AxdGkehFv0jzkgKvWRfbNdbevZG6-PDnXl1XKRz8zZDfUhK4y8g3foTDh_rPAb33w\/s2048\/cadro+no+parque.jpg\" width=\"480\" \/><\/a><\/p>\n<p>Un cadro \u00e1 espectativa: que vai a\u00ed?<\/p>\n<p><a href=\"https:\/\/blogger.googleusercontent.com\/img\/b\/R29vZ2xl\/AVvXsEiPfSoqXvKIU3hc4JMMf28PUbsxXvRTm3CwXXNawyc7Of6N2-6hQUSCkScO3DZhnIkAOVofuDTUQDI14jmwe1oNSku3tiHaUd6d45UKX_cGJSX3uUOBN3-1LyeHezBP3oENV-5DPw\/s2048\/bonsai.jpg\" imageanchor=\"1\" style=\"margin-left: 1em; margin-right: 1em;\"><img loading=\"lazy\" decoding=\"async\" height=\"350\" src=\"https:\/\/blogger.googleusercontent.com\/img\/b\/R29vZ2xl\/AVvXsEiPfSoqXvKIU3hc4JMMf28PUbsxXvRTm3CwXXNawyc7Of6N2-6hQUSCkScO3DZhnIkAOVofuDTUQDI14jmwe1oNSku3tiHaUd6d45UKX_cGJSX3uUOBN3-1LyeHezBP3oENV-5DPw\/s2048\/bonsai.jpg\" width=\"640\" \/><\/a><\/p>\n<p>E hai outro segundo tipo de bonsai no parque, estes xa herdados.<\/p>\n<p>&#8216;Cando o fan, por algo ser\u00e1&#8217;. &#8216;Necesitar\u00edao&#8217;. Pode que si: necesita moita explicaci\u00f3n.<\/p>\n<p>Por certo, intentamos falar disto co alcalde, pero parece que non hab\u00eda tempo, e quedou.<\/p>\n","protected":false},"excerpt":{"rendered":"<p>O parque est\u00e1 de moda en Ribadeo. Centro das obras &#8216;urxentes&#8217; de fin de mandato, a cubrici\u00f3n de cemento deixa bons\u00e1is en troques de \u00e1rbores, que \u00e9 &#8216;o que se leva agora&#8216;. A estas alturas, a urxencia das obras nun per\u00edodo preelectoral non chama a atenci\u00f3n. A difusi\u00f3n do que se vai facer, xa \u00e9 [&hellip;]<\/p>\n","protected":false},"author":3,"featured_media":0,"comment_status":"open","ping_status":"closed","sticky":false,"template":"","format":"standard","meta":{"activitypub_content_warning":"","activitypub_content_visibility":"","activitypub_max_image_attachments":3,"activitypub_interaction_policy_quote":"anyone","activitypub_status":"federated","footnotes":""},"categories":[1],"tags":[65,132,13,9],"class_list":["post-6547","post","type-post","status-publish","format-standard","hentry","category-sen-categoria","tag-arquitectura","tag-eleccions-municipais-2015","tag-politica","tag-sociedade"],"_links":{"self":[{"href":"https:\/\/blogs.amarinha.gal\/ribadeando\/wp-json\/wp\/v2\/posts\/6547","targetHints":{"allow":["GET"]}}],"collection":[{"href":"https:\/\/blogs.amarinha.gal\/ribadeando\/wp-json\/wp\/v2\/posts"}],"about":[{"href":"https:\/\/blogs.amarinha.gal\/ribadeando\/wp-json\/wp\/v2\/types\/post"}],"author":[{"embeddable":true,"href":"https:\/\/blogs.amarinha.gal\/ribadeando\/wp-json\/wp\/v2\/users\/3"}],"replies":[{"embeddable":true,"href":"https:\/\/blogs.amarinha.gal\/ribadeando\/wp-json\/wp\/v2\/comments?post=6547"}],"version-history":[{"count":0,"href":"https:\/\/blogs.amarinha.gal\/ribadeando\/wp-json\/wp\/v2\/posts\/6547\/revisions"}],"wp:attachment":[{"href":"https:\/\/blogs.amarinha.gal\/ribadeando\/wp-json\/wp\/v2\/media?parent=6547"}],"wp:term":[{"taxonomy":"category","embeddable":true,"href":"https:\/\/blogs.amarinha.gal\/ribadeando\/wp-json\/wp\/v2\/categories?post=6547"},{"taxonomy":"post_tag","embeddable":true,"href":"https:\/\/blogs.amarinha.gal\/ribadeando\/wp-json\/wp\/v2\/tags?post=6547"}],"curies":[{"name":"wp","href":"https:\/\/api.w.org\/{rel}","templated":true}]}}