{"id":6546,"date":"2015-05-08T08:18:00","date_gmt":"2015-05-08T06:18:00","guid":{"rendered":""},"modified":"2024-11-12T14:00:59","modified_gmt":"2024-11-12T13:00:59","slug":"pegada-de-carteis-unha-experiencia","status":"publish","type":"post","link":"https:\/\/blogs.amarinha.gal\/ribadeando\/2015\/05\/08\/pegada-de-carteis-unha-experiencia\/","title":{"rendered":"Pegada de carteis, unha experiencia (visi\u00f3n persoal)"},"content":{"rendered":"<p>Aproveitando unha figura dun coraz\u00f3n xa marcado no muro, un cartel aproveita o espazo&#8230;<\/p>\n<p><a href=\"https:\/\/blogger.googleusercontent.com\/img\/b\/R29vZ2xl\/AVvXsEhEdfGABg3eO7Y6vxdt1so-CfhsUsPPlUUiZR_MaVcQ4q7N9meBhczpLfjusMpekjV8mp21mSrOGMpsI_BQWyDvFEodjUU39GTML3rDY-v2YUeVJpfDwFSkViQCnzqFv8fyz_cUWw\/s2048\/ReC+pegada.jpg\" imageanchor=\"1\" style=\"margin-left: 1em; margin-right: 1em;\"><img loading=\"lazy\" decoding=\"async\" height=\"317\" src=\"https:\/\/blogger.googleusercontent.com\/img\/b\/R29vZ2xl\/AVvXsEhEdfGABg3eO7Y6vxdt1so-CfhsUsPPlUUiZR_MaVcQ4q7N9meBhczpLfjusMpekjV8mp21mSrOGMpsI_BQWyDvFEodjUU39GTML3rDY-v2YUeVJpfDwFSkViQCnzqFv8fyz_cUWw\/s2048\/ReC+pegada.jpg\" width=\"320\" \/><\/a><\/p>\n<p>Onte (esta noite, a partir das 12) foi o inicio de campa\u00f1a. Polo que parece, soe facerse &#8216;oficial&#8217; coa pegada de carteis. Onte participei. E como participante, te\u00f1o unha visi\u00f3n que a moitos lles parecer\u00e1 sesgada, seguro. Por iso aviso.<\/p>\n<p>Chegar m\u00e1is tarde como novatos no tema, non como desprezo dos mellores lugares onde pegar a carteler\u00eda, sen\u00f3n como tranquilidade de facelo despois de ver que fixeron as outras forzas&#8230; e ver que claro, o que consideraban mellores lugares estaban collidos, e, nalg\u00fan caso, ser\u00eda cousa de dar un toque pola ocupaci\u00f3n de espazo.<\/p>\n<p>Nada m\u00e1is chegar \u00f3 primeiro lugar de colocaci\u00f3n de carteis, as comparaci\u00f3ns: ReC, cartel pequeno, sen cara, con disposici\u00f3n chamativa de logotipo. Vaites, se tam\u00e9n neso \u00e9 diferente! En todo o resto, carteler\u00eda grande, e foto do candidato \u00e1 alcald\u00eda. Propaganda personalista. Ribadeo en com\u00fan ten o seu cartel co logo s\u00f3 acompa\u00f1ado do lema elixido en asemblea: a t\u00faa chave de goberno. Ou sexa: o candidato \u00e9s ti, somos todos. Ribadeo \u00e9 en com\u00fan ou \u00e9 algo particular?<\/p>\n<p>Algunha discusi\u00f3n sobre o espazo, sen a sangue chegar \u00f3 r\u00edo. Alg\u00fan aviso sobre outro espazo que remata en camarader\u00eda e pr\u00e9stamo de material. A despedida, desexando sorte \u00e1 outra formaci\u00f3n. As novatadas p\u00e1ganase, pero entre todos s\u00e1ese delas sen menoscabo.<\/p>\n<p>Cartel pequeno? M\u00e9tese por t\u00f3dolos resquicios, e ata as veces parece que os doutras formaci\u00f3ns quedan sitiados. Xogos de posici\u00f3n e de ideas. De xeito de ver as cousas e de facelas.<\/p>\n<p>Non da para moito a pegada. \u00c9 ilusionante, cun esprito a manter. Algunha foto suelta, m\u00e1is para a posteridade que para o anuncio, a\u00ednda que algunha se cole despois en twitter ou facebook.<\/p>\n<p>De volta xa, cruz\u00e1monos e saudamos de paso \u00f3 alcalde e m\u00e1is xente que ve\u00f1en en grupo. Parece que tam\u00e9n ve\u00f1en sorrindo.&nbsp; Resultar\u00edalles a experiencia tan ilusionante?<\/p>\n","protected":false},"excerpt":{"rendered":"<p>Aproveitando unha figura dun coraz\u00f3n xa marcado no muro, un cartel aproveita o espazo&#8230; Onte (esta noite, a partir das 12) foi o inicio de campa\u00f1a. Polo que parece, soe facerse &#8216;oficial&#8217; coa pegada de carteis. Onte participei. E como participante, te\u00f1o unha visi\u00f3n que a moitos lles parecer\u00e1 sesgada, seguro. Por iso aviso. Chegar [&hellip;]<\/p>\n","protected":false},"author":3,"featured_media":0,"comment_status":"open","ping_status":"closed","sticky":false,"template":"","format":"standard","meta":{"activitypub_content_warning":"","activitypub_content_visibility":"","activitypub_max_image_attachments":3,"activitypub_interaction_policy_quote":"anyone","activitypub_status":"federated","footnotes":""},"categories":[1],"tags":[48,132,135],"class_list":["post-6546","post","type-post","status-publish","format-standard","hentry","category-sen-categoria","tag-eleccions","tag-eleccions-municipais-2015","tag-rec"],"_links":{"self":[{"href":"https:\/\/blogs.amarinha.gal\/ribadeando\/wp-json\/wp\/v2\/posts\/6546","targetHints":{"allow":["GET"]}}],"collection":[{"href":"https:\/\/blogs.amarinha.gal\/ribadeando\/wp-json\/wp\/v2\/posts"}],"about":[{"href":"https:\/\/blogs.amarinha.gal\/ribadeando\/wp-json\/wp\/v2\/types\/post"}],"author":[{"embeddable":true,"href":"https:\/\/blogs.amarinha.gal\/ribadeando\/wp-json\/wp\/v2\/users\/3"}],"replies":[{"embeddable":true,"href":"https:\/\/blogs.amarinha.gal\/ribadeando\/wp-json\/wp\/v2\/comments?post=6546"}],"version-history":[{"count":0,"href":"https:\/\/blogs.amarinha.gal\/ribadeando\/wp-json\/wp\/v2\/posts\/6546\/revisions"}],"wp:attachment":[{"href":"https:\/\/blogs.amarinha.gal\/ribadeando\/wp-json\/wp\/v2\/media?parent=6546"}],"wp:term":[{"taxonomy":"category","embeddable":true,"href":"https:\/\/blogs.amarinha.gal\/ribadeando\/wp-json\/wp\/v2\/categories?post=6546"},{"taxonomy":"post_tag","embeddable":true,"href":"https:\/\/blogs.amarinha.gal\/ribadeando\/wp-json\/wp\/v2\/tags?post=6546"}],"curies":[{"name":"wp","href":"https:\/\/api.w.org\/{rel}","templated":true}]}}