{"id":6545,"date":"2015-05-11T08:02:00","date_gmt":"2015-05-11T06:02:00","guid":{"rendered":""},"modified":"2024-11-12T14:00:57","modified_gmt":"2024-11-12T13:00:57","slug":"equilibrio-ecoloxico-en-ribadeo","status":"publish","type":"post","link":"https:\/\/blogs.amarinha.gal\/ribadeando\/2015\/05\/11\/equilibrio-ecoloxico-en-ribadeo\/","title":{"rendered":"Equilibrio ecol\u00f3xico en Ribadeo"},"content":{"rendered":"<p>Onte, nunha rede social, Iv\u00e1n Rodr\u00edguez ligou un <a href=\"https:\/\/www.youtube.com\/watch?v=dB1KKBpYxvE\">v\u00eddeo sobre ecolox\u00eda<\/a>. Nel c\u00f3ntase como a introduci\u00f3n de 12 lobos no parque de <a href=\"https:\/\/es.wikipedia.org\/wiki\/Parque_nacional_de_Yellowstone\">Yellowstone<\/a>, nos EEUU, a finais do s\u00e9culo pasado, ten desencadeado unha serie de acontecementos que incl\u00faen non s\u00f3 a multiplicaci\u00f3n da poboaci\u00f3n dos propios lobos, sen\u00f3n tam\u00e9n outras cousas tan a primeira vista non conectadas como o cambio na vexetaci\u00f3n ou a lixeira variaci\u00f3n do curso dalg\u00fan r\u00edo.<\/p>\n<p>En Ribadeo estamos a\u00ednda no comezo da visi\u00f3n do equilibrio ecoloxista cando nos referimos \u00e1 ecolox\u00eda animal ou vexetal (a invasi\u00f3n de especies al\u00f3ctonas, por exemplo), pero estamos tam\u00e9n afrontando, te\u00f1amos conciencia deles ou non, cambios en diferentes nichos ecol\u00f3xicos referidos \u00f3s humanos e \u00e1s sociedades humanas.<\/p>\n<p>Nestes d\u00edas, por exemplo, coa campa\u00f1a electoral, f\u00e1lase do impacto que ter\u00e1 a implantaci\u00f3n dun novo partido\/substituci\u00f3n dun partido local por outro de tipo estatal. \u00d3 tempo, irrompe unha agrupaci\u00f3n que pode considerarse relacionada coas asembleas que ten vivido Ribadeo a partires do 15 M e que se daba por desaparecido por moita xente, mentres que perviviu e se desenvolveu en lugares como o <a href=\"http:\/\/ribadeando.blogspot.com.es\/2015\/03\/o-mundo-dos-picaros-en-ribadeo-esta-fin.html\">Formigueiro<\/a> ou asociaci\u00f3ns como <a href=\"http:\/\/es.slideshare.net\/asgrelas\/formigueiro-e-as-grelas\">As Grelas<\/a>, o mesmo que noutros lugares e no propio interior das persoas, como xa se ten posto de manifesto.<\/p>\n<p>Na procura dun novo equilibrio, \u00e9 necesaria a variaci\u00f3n dos partidos asentados en anteriores convocatorias. Necesaria non no sentido de que se pida (esa petici\u00f3n \u00e9 patente, pero \u00e9 outro tipo de interpretaci\u00f3n da necesidade), sen\u00f3n para a s\u00faa adaptaci\u00f3n a un medio que est\u00e1 a cambiar e que presenta unha situaci\u00f3n nova. Unha agrupaci\u00f3n de electores non \u00e9 un partido, e&nbsp; representa un movemento a asumir m\u00e1is que a combater. Algo que chegou con intenci\u00f3n de quedarse e pouco a pouco, e ir deixando pegada tam\u00e9 no longo prazo. Un movemento que se sumo, no eido pol\u00edtico, \u00f3 conxunto de movementos sociais que est\u00e1 constatado que van deixando pegada e cambiando a mentalidade de moita xente. Suave, pero medrando en cantidade de xente ou en riqueza de visi\u00f3n. Un movemento que tenta non ameazar a ningu\u00e9n, pero tam\u00e9n a cambiar moitas cousas: o actual equilibro na ecolox\u00eda pol\u00edtico-social.<\/p>\n<table align=\"center\" cellpadding=\"0\" cellspacing=\"0\" class=\"tr-caption-container\" style=\"margin-left: auto; margin-right: auto; text-align: center;\">\n<tbody>\n<tr>\n<td style=\"text-align: center;\"><a href=\"https:\/\/blogger.googleusercontent.com\/img\/b\/R29vZ2xl\/AVvXsEhR0DKm_0RJrm_MCm6PhRyOTB5waY4tQZOXK8XljmU0QBSieahZQ6LbM2SzcnD1ea_eXjM5WNPJyJR9yJ2yFoXjSh3POi6gpR0_hX42xmE4lLB6fTxKlMlXKnMOPhJSE-G59Ilvzw\/s2048\/Galicia.jpg\" imageanchor=\"1\" style=\"margin-left: auto; margin-right: auto;\"><img loading=\"lazy\" decoding=\"async\" height=\"510\" src=\"https:\/\/blogger.googleusercontent.com\/img\/b\/R29vZ2xl\/AVvXsEhR0DKm_0RJrm_MCm6PhRyOTB5waY4tQZOXK8XljmU0QBSieahZQ6LbM2SzcnD1ea_eXjM5WNPJyJR9yJ2yFoXjSh3POi6gpR0_hX42xmE4lLB6fTxKlMlXKnMOPhJSE-G59Ilvzw\/s2048\/Galicia.jpg\" width=\"640\" \/><\/a><\/td>\n<\/tr>\n<tr>\n<td class=\"tr-caption\" style=\"text-align: center;\">Imaxe obtida de http:\/\/mapas.xunta.es\/visores\/conservaciondanatureza\/. Outro d\u00eda tocar\u00e1 falar desta ligaz\u00f3n..<\/td>\n<\/tr>\n<\/tbody>\n<\/table>\n<p>E, se a introduci\u00f3n de 12 lobos nun parque do tama\u00f1o de Yellowstone puido lograr unha variaci\u00f3n tan tremenda en menos de d\u00faas d\u00e9cadas&#8230;<\/p>\n","protected":false},"excerpt":{"rendered":"<p>Onte, nunha rede social, Iv\u00e1n Rodr\u00edguez ligou un v\u00eddeo sobre ecolox\u00eda. Nel c\u00f3ntase como a introduci\u00f3n de 12 lobos no parque de Yellowstone, nos EEUU, a finais do s\u00e9culo pasado, ten desencadeado unha serie de acontecementos que incl\u00faen non s\u00f3 a multiplicaci\u00f3n da poboaci\u00f3n dos propios lobos, sen\u00f3n tam\u00e9n outras cousas tan a primeira vista [&hellip;]<\/p>\n","protected":false},"author":3,"featured_media":0,"comment_status":"open","ping_status":"closed","sticky":false,"template":"","format":"standard","meta":{"activitypub_content_warning":"","activitypub_content_visibility":"","activitypub_max_image_attachments":3,"activitypub_interaction_policy_quote":"anyone","activitypub_status":"federated","footnotes":""},"categories":[1],"tags":[48,132,62,9],"class_list":["post-6545","post","type-post","status-publish","format-standard","hentry","category-sen-categoria","tag-eleccions","tag-eleccions-municipais-2015","tag-ivan-rodriguez","tag-sociedade"],"_links":{"self":[{"href":"https:\/\/blogs.amarinha.gal\/ribadeando\/wp-json\/wp\/v2\/posts\/6545","targetHints":{"allow":["GET"]}}],"collection":[{"href":"https:\/\/blogs.amarinha.gal\/ribadeando\/wp-json\/wp\/v2\/posts"}],"about":[{"href":"https:\/\/blogs.amarinha.gal\/ribadeando\/wp-json\/wp\/v2\/types\/post"}],"author":[{"embeddable":true,"href":"https:\/\/blogs.amarinha.gal\/ribadeando\/wp-json\/wp\/v2\/users\/3"}],"replies":[{"embeddable":true,"href":"https:\/\/blogs.amarinha.gal\/ribadeando\/wp-json\/wp\/v2\/comments?post=6545"}],"version-history":[{"count":0,"href":"https:\/\/blogs.amarinha.gal\/ribadeando\/wp-json\/wp\/v2\/posts\/6545\/revisions"}],"wp:attachment":[{"href":"https:\/\/blogs.amarinha.gal\/ribadeando\/wp-json\/wp\/v2\/media?parent=6545"}],"wp:term":[{"taxonomy":"category","embeddable":true,"href":"https:\/\/blogs.amarinha.gal\/ribadeando\/wp-json\/wp\/v2\/categories?post=6545"},{"taxonomy":"post_tag","embeddable":true,"href":"https:\/\/blogs.amarinha.gal\/ribadeando\/wp-json\/wp\/v2\/tags?post=6545"}],"curies":[{"name":"wp","href":"https:\/\/api.w.org\/{rel}","templated":true}]}}