{"id":6541,"date":"2015-05-15T08:35:00","date_gmt":"2015-05-15T06:35:00","guid":{"rendered":""},"modified":"2024-11-12T14:00:44","modified_gmt":"2024-11-12T13:00:44","slug":"cara-cara","status":"publish","type":"post","link":"https:\/\/blogs.amarinha.gal\/ribadeando\/2015\/05\/15\/cara-cara\/","title":{"rendered":"Cara a cara? (E un xamon!)"},"content":{"rendered":"<p>Onte debeu sa\u00edr no xornal el Progreso (a\u00ednda non o vin&#8230;) cada un dos candidatos n\u00famero un das listas electorais de cada formaci\u00f3n \u00f3 concello de Ribadeo. Hoxe haber\u00e1 un &#8216;debate cara a cara&#8217; \u00e1s oito da tarde no cine teatro promovido pola Voz. Naturalmente, un pequeno acto nunha parroquia (Cedofeita, escola) \u00e1s nove da noite queda totalmente apantallado nos medios polo &#8216;acto principal&#8217;.<\/p>\n<p>Sorr\u00edn para min \u00f3 comprobar o que puxen no primeiro par\u00e1grafo, para poder explicarme dun xeito correcto. E \u00e9 que as verbas xa est\u00e1n adaptadas a unha realidade que todos din querer cambiar (eu tam\u00e9n) pero, se pretendes cambiala, tes unha das primeiras barreiras (e hai moitas) na mesma lingua.<\/p>\n<table align=\"center\" cellpadding=\"0\" cellspacing=\"0\" class=\"tr-caption-container\" style=\"margin-left: auto; margin-right: auto; text-align: center;\">\n<tbody>\n<tr>\n<td style=\"text-align: center;\"><a href=\"https:\/\/blogger.googleusercontent.com\/img\/b\/R29vZ2xl\/AVvXsEgSmD0sBj2bDVl8St8LbNYQLWEZs4F2GThZtgXjZOAyyeptNyc8w8aQ_RkgYTyUTowUihzFToUbVu1FEnl6hpjPYo5yo2h0ta_VeOpaMBV2PdbNCsqeGWA7t5m2qKg4YX5CQAv-XQ\/s2048\/xam%C3%B3n+no+parque.jpg\" imageanchor=\"1\" style=\"margin-left: auto; margin-right: auto;\"><img loading=\"lazy\" decoding=\"async\" height=\"480\" src=\"https:\/\/blogger.googleusercontent.com\/img\/b\/R29vZ2xl\/AVvXsEgSmD0sBj2bDVl8St8LbNYQLWEZs4F2GThZtgXjZOAyyeptNyc8w8aQ_RkgYTyUTowUihzFToUbVu1FEnl6hpjPYo5yo2h0ta_VeOpaMBV2PdbNCsqeGWA7t5m2qKg4YX5CQAv-XQ\/s2048\/xam%C3%B3n+no+parque.jpg\" width=\"640\" \/><\/a><\/td>\n<\/tr>\n<tr>\n<td class=\"tr-caption\" style=\"text-align: center;\">Xam\u00f3n no parque. <a href=\"http:\/\/ribadeando.blogspot.com.es\/2012\/04\/ante-o-dia-do-traballo-resposta-de.html\">Tomada hai alg\u00fan tempo dun xam\u00f3n abandoado al\u00ed<\/a>.<\/td>\n<\/tr>\n<\/tbody>\n<\/table>\n<p>As\u00ed, se pretendes que haxa participaci\u00f3n, tes que comezar por procurala na mesma agrupaci\u00f3n coa que te presentas. E, se te presentas de n\u00famero un, xa \u00e9s &#8216;o candidato&#8217; (ou candidata), como se o resto da lista non foran tam\u00e9n candidatos. Dirase: ben \u00e9 que son &#8216;os candidatos \u00e1 alcald\u00eda&#8217;. Resposta: unha volta no concello, un grupo non pode presentar \u00e1 alcald\u00eda algu\u00e9n diferente do cabez de lista? Non \u00e9 t\u00e9cnicamente posible? Que pasar\u00eda pois se un grupo presentase os seus 17 candidatos en orde de apelidos? Logo, &#8216;candidato n\u00famero un&#8217;, non sinxelamente &#8216;candidato&#8217;, a\u00ednda que comecen a entrar no consistorio polo &#8216;n\u00famero 1&#8217;.<\/p>\n<p>Listas electorais de cada formaci\u00f3n. Ben, poder\u00eda ser substitu\u00eddo, \u00f3 ser listas cerradas, polo nome da formaci\u00f3n, ou mesmo, despois do dito antes, polo nome do cabeza de lista. Para que gastar tanto papel? Que se saiba, s\u00f3 houbo primarias en ReC, aceptando pois o principio de que o cabeza de lista vese como candidato \u00e1 alcald\u00eda. Pero, despois diso, con lista cerrada obrigada, e entrando por orde de lista, chegaba cunha papeleta que puxera ReC, ou Ribadeo en Com\u00fan, co logotipo elixido. \u00c9 dicir, por imperativo legal, semellante \u00f3s demais partidos. E paso logo \u00f3 tema de &#8216;cada formaci\u00f3n&#8217;. <\/p>\n<table align=\"center\" cellpadding=\"0\" cellspacing=\"0\" class=\"tr-caption-container\" style=\"margin-left: auto; margin-right: auto; text-align: center;\">\n<tbody>\n<tr>\n<td style=\"text-align: center;\"><a href=\"https:\/\/blogger.googleusercontent.com\/img\/b\/R29vZ2xl\/AVvXsEgiHiKsoTcOY9gAGnrGokqqFYjd2LfbeFIi6dsTjEiLtlz7KQ65LeAkfSFyvjr25v9BoqqNpK1dAhgsToMzPk0EBnqPRdXtRDU2fK6OmWfgmmzjvOeZ-6GXBpER8YzfAHVNeAytow\/s2048\/SNC03691_p.jpg\" imageanchor=\"1\" style=\"margin-left: auto; margin-right: auto;\"><img loading=\"lazy\" decoding=\"async\" height=\"340\" src=\"https:\/\/blogger.googleusercontent.com\/img\/b\/R29vZ2xl\/AVvXsEgiHiKsoTcOY9gAGnrGokqqFYjd2LfbeFIi6dsTjEiLtlz7KQ65LeAkfSFyvjr25v9BoqqNpK1dAhgsToMzPk0EBnqPRdXtRDU2fK6OmWfgmmzjvOeZ-6GXBpER8YzfAHVNeAytow\/s2048\/SNC03691_p.jpg\" width=\"640\" \/><\/a><\/td>\n<\/tr>\n<tr>\n<td class=\"tr-caption\" style=\"text-align: center;\">O pobo, <a href=\"http:\/\/ribadeando.blogspot.com.es\/2012\/04\/unha-manifestacion-para-lembrar-o-dia-i.html\">pedindo a residencia<\/a> diante da Casa do Concello<\/td>\n<\/tr>\n<\/tbody>\n<\/table>\n<p>Dende que hai unha agrupaci\u00f3n de electores, xa non \u00e9 v\u00e1lido dicir &#8216;partidos&#8217;, porque non corresponde. M\u00e1is \u00e9 o &#8216;usado universalmente&#8217;; o que os electores nos agrupemos para ter representaci\u00f3n non est\u00e1 ben visto nin contemplado na lingua. Algo as\u00ed como un &#8220;\u00e9 minoritario ata o momento, que siga a selo&#8221;.<\/p>\n<p>Co anterior, case non me queda tempo para o &#8216;cara a cara&#8217; desta tarde. Cara a cara con quen? Pois &#8216;entre os candidatos&#8217;, claro! Como dir\u00eda o outro, &#8216;como non pode ser doutro xeito&#8217;&#8230; Non cara a cara coa cidadan\u00eda, con cada un de n\u00f3s. Ser\u00eda moi farragoso? Home, \u00f3 fin, \u00e9 unha mellora patente fronte \u00f3s tradicionais m\u00edtins que non son m\u00e1is que arengas desprovistas de sentido m\u00e1is al\u00f3 de exacerbar alg\u00fans sentimentos. Deix\u00e9molo a\u00ed, que o tempo pasa, e non quero privar a ningu\u00e9n de tempo para achegarse esta tarde \u00f3 cine teatro a ver e escoitar (a iso quedar\u00e1 limitado) &#8216;\u00f3s candidatos&#8217;.<\/p>\n<p>&#8230; por certo, as fotos xa s\u00edron con anterioridade en ribadeando, e \u00e9 que Ribadeo ten facetas que \u00e1s veces se esquecen, como que o pobo pode participar, mesmo impulsar&#8230;<\/p>\n","protected":false},"excerpt":{"rendered":"<p>Onte debeu sa\u00edr no xornal el Progreso (a\u00ednda non o vin&#8230;) cada un dos candidatos n\u00famero un das listas electorais de cada formaci\u00f3n \u00f3 concello de Ribadeo. Hoxe haber\u00e1 un &#8216;debate cara a cara&#8217; \u00e1s oito da tarde no cine teatro promovido pola Voz. Naturalmente, un pequeno acto nunha parroquia (Cedofeita, escola) \u00e1s nove da [&hellip;]<\/p>\n","protected":false},"author":3,"featured_media":0,"comment_status":"open","ping_status":"closed","sticky":false,"template":"","format":"standard","meta":{"activitypub_content_warning":"","activitypub_content_visibility":"","activitypub_max_image_attachments":3,"activitypub_interaction_policy_quote":"anyone","activitypub_status":"federate","footnotes":""},"categories":[1],"tags":[48,132,93,13,9],"class_list":["post-6541","post","type-post","status-publish","format-standard","hentry","category-sen-categoria","tag-eleccions","tag-eleccions-municipais-2015","tag-fotos-ribadeo","tag-politica","tag-sociedade"],"_links":{"self":[{"href":"https:\/\/blogs.amarinha.gal\/ribadeando\/wp-json\/wp\/v2\/posts\/6541","targetHints":{"allow":["GET"]}}],"collection":[{"href":"https:\/\/blogs.amarinha.gal\/ribadeando\/wp-json\/wp\/v2\/posts"}],"about":[{"href":"https:\/\/blogs.amarinha.gal\/ribadeando\/wp-json\/wp\/v2\/types\/post"}],"author":[{"embeddable":true,"href":"https:\/\/blogs.amarinha.gal\/ribadeando\/wp-json\/wp\/v2\/users\/3"}],"replies":[{"embeddable":true,"href":"https:\/\/blogs.amarinha.gal\/ribadeando\/wp-json\/wp\/v2\/comments?post=6541"}],"version-history":[{"count":0,"href":"https:\/\/blogs.amarinha.gal\/ribadeando\/wp-json\/wp\/v2\/posts\/6541\/revisions"}],"wp:attachment":[{"href":"https:\/\/blogs.amarinha.gal\/ribadeando\/wp-json\/wp\/v2\/media?parent=6541"}],"wp:term":[{"taxonomy":"category","embeddable":true,"href":"https:\/\/blogs.amarinha.gal\/ribadeando\/wp-json\/wp\/v2\/categories?post=6541"},{"taxonomy":"post_tag","embeddable":true,"href":"https:\/\/blogs.amarinha.gal\/ribadeando\/wp-json\/wp\/v2\/tags?post=6541"}],"curies":[{"name":"wp","href":"https:\/\/api.w.org\/{rel}","templated":true}]}}