{"id":6536,"date":"2015-05-17T23:11:00","date_gmt":"2015-05-17T21:11:00","guid":{"rendered":""},"modified":"2024-11-12T14:00:35","modified_gmt":"2024-11-12T13:00:35","slug":"o-debate-entre-candidatos-alcaldia-de","status":"publish","type":"post","link":"https:\/\/blogs.amarinha.gal\/ribadeando\/2015\/05\/17\/o-debate-entre-candidatos-alcaldia-de\/","title":{"rendered":"O(s) debate entre candidatos \u00e1 alcald\u00eda de Ribadeo"},"content":{"rendered":"<p>Xa est\u00e1 na rede o debate promovido pola Voz, collido por &#8216;<a href=\"https:\/\/www.facebook.com\/audiovisualeselfarero\">El Farero<\/a>&#8216;:<br \/>\n<iframe loading=\"lazy\" allowfullscreen=\"\" frameborder=\"0\" height=\"360\" src=\"https:\/\/www.youtube.com\/embed\/XhXClpkBoR8\" width=\"640\"><\/iframe><\/p>\n<p>Tam\u00e9n o de ORT:<br \/>\n<iframe loading=\"lazy\" allowfullscreen=\"\" frameborder=\"0\" height=\"480\" src=\"https:\/\/www.youtube.com\/embed\/K2W3940zGFA\" width=\"640\"><\/iframe><br \/>\nS\u00f3 unha lembranza:<a href=\"http:\/\/ribadeando.blogspot.com.es\/2015\/05\/cara-cara.html\"> http:\/\/ribadeando.blogspot.com.es\/2015\/05\/cara-cara.html<\/a><\/p>\n","protected":false},"excerpt":{"rendered":"<p>Xa est\u00e1 na rede o debate promovido pola Voz, collido por &#8216;El Farero&#8216;: Tam\u00e9n o de ORT: S\u00f3 unha lembranza: http:\/\/ribadeando.blogspot.com.es\/2015\/05\/cara-cara.html<\/p>\n","protected":false},"author":3,"featured_media":0,"comment_status":"open","ping_status":"closed","sticky":false,"template":"","format":"standard","meta":{"activitypub_content_warning":"","activitypub_content_visibility":"","activitypub_max_image_attachments":3,"activitypub_interaction_policy_quote":"anyone","activitypub_status":"federate","footnotes":""},"categories":[1],"tags":[48,132],"class_list":["post-6536","post","type-post","status-publish","format-standard","hentry","category-sen-categoria","tag-eleccions","tag-eleccions-municipais-2015"],"_links":{"self":[{"href":"https:\/\/blogs.amarinha.gal\/ribadeando\/wp-json\/wp\/v2\/posts\/6536","targetHints":{"allow":["GET"]}}],"collection":[{"href":"https:\/\/blogs.amarinha.gal\/ribadeando\/wp-json\/wp\/v2\/posts"}],"about":[{"href":"https:\/\/blogs.amarinha.gal\/ribadeando\/wp-json\/wp\/v2\/types\/post"}],"author":[{"embeddable":true,"href":"https:\/\/blogs.amarinha.gal\/ribadeando\/wp-json\/wp\/v2\/users\/3"}],"replies":[{"embeddable":true,"href":"https:\/\/blogs.amarinha.gal\/ribadeando\/wp-json\/wp\/v2\/comments?post=6536"}],"version-history":[{"count":0,"href":"https:\/\/blogs.amarinha.gal\/ribadeando\/wp-json\/wp\/v2\/posts\/6536\/revisions"}],"wp:attachment":[{"href":"https:\/\/blogs.amarinha.gal\/ribadeando\/wp-json\/wp\/v2\/media?parent=6536"}],"wp:term":[{"taxonomy":"category","embeddable":true,"href":"https:\/\/blogs.amarinha.gal\/ribadeando\/wp-json\/wp\/v2\/categories?post=6536"},{"taxonomy":"post_tag","embeddable":true,"href":"https:\/\/blogs.amarinha.gal\/ribadeando\/wp-json\/wp\/v2\/tags?post=6536"}],"curies":[{"name":"wp","href":"https:\/\/api.w.org\/{rel}","templated":true}]}}