{"id":6535,"date":"2015-05-18T07:58:00","date_gmt":"2015-05-18T05:58:00","guid":{"rendered":""},"modified":"2024-11-12T14:00:34","modified_gmt":"2024-11-12T13:00:34","slug":"ribadeo-vistas-cinco-dias-de-campana","status":"publish","type":"post","link":"https:\/\/blogs.amarinha.gal\/ribadeando\/2015\/05\/18\/ribadeo-vistas-cinco-dias-de-campana\/","title":{"rendered":"Ribadeo, vistas a cinco d\u00edas de campa\u00f1a"},"content":{"rendered":"<p>Quedan cinco d\u00edas de campa\u00f1a electoral para as municipais 2015. Son momentos para mirar e pensar. Si, coma sempre, pero o sistema, polo momento, funciona as\u00ed, a golpes cada catro anos.<\/p>\n<p>Non se trata de mirar coa mente chea coas ideas preconcebidas, sen\u00f3n dun xeito aberto.<\/p>\n<p>A primeira foto est\u00e1 tomada dende a Garganta, s\u00e1bado, cun aparello con pouca definici\u00f3n, si, pero tam\u00e9n entre n\u00e9boa, e encadra Ribadeo \u00f3 fondo, m\u00e1is ou menos centrado. Vese? Hai que tomar referencias. As\u00ed pasa na realidade: como non contemplemos \u00f3s nosos veci\u00f1os, &#8216;non somos nada&#8217;&#8230;<\/p>\n<p><a href=\"https:\/\/blogger.googleusercontent.com\/img\/b\/R29vZ2xl\/AVvXsEik8ToOels5wdOXWpv0KgLYtlFd6RFRjj5mmI4vaiFjOitu_Zszod4tSTUzW8hZ4Lrd3wwFYjcwVgWqOdt3tLbRXj9ikHPGrqm6lZAb7Nk7rAbhAMQRUwLEwjeA6q2mD_uwxrbFqw\/s2048\/Ribadeo.jpg\" imageanchor=\"1\" style=\"margin-left: 1em; margin-right: 1em;\"><img loading=\"lazy\" decoding=\"async\" height=\"400\" src=\"https:\/\/blogger.googleusercontent.com\/img\/b\/R29vZ2xl\/AVvXsEik8ToOels5wdOXWpv0KgLYtlFd6RFRjj5mmI4vaiFjOitu_Zszod4tSTUzW8hZ4Lrd3wwFYjcwVgWqOdt3tLbRXj9ikHPGrqm6lZAb7Nk7rAbhAMQRUwLEwjeA6q2mD_uwxrbFqw\/s2048\/Ribadeo.jpg\" width=\"640\" \/><\/a><\/p>\n<p>A segunda foto \u00e9 m\u00e1is prosaica. Contedores nunha r\u00faa rec\u00e9n &#8216;humanizada&#8217;. Os contedores flotan con sitio de m\u00e1is no lugar constru\u00eddo para eles. Non est\u00e1 dimensionado. As cousas feitas moi grandes, ou moi pequenas, non s\u00f3 se desaproveitan e rematan costando m\u00e1is, sen\u00f3n que se esnaquizan antes e se traballa peor con elas. Necesitamos pensar d\u00faas veces as cousas antes de actuar. Pensar e actuar, entre todos.<\/p>\n<p><a href=\"https:\/\/blogger.googleusercontent.com\/img\/b\/R29vZ2xl\/AVvXsEi9Y9UFw_g17stVuwRIKiFhswIKNpC4okM_5aYuJrRltlktOxJNZ6WSFBwGVpndJIRMupUa75vmBU6zcliWcZP1lJtd5mhANZzOYvnGFCYJTwfH3Y8_r-2WPlVBW7z9XRiKqSFS8A\/s2048\/contedores+recontidos.jpg\" imageanchor=\"1\" style=\"margin-left: 1em; margin-right: 1em;\"><img loading=\"lazy\" decoding=\"async\" height=\"480\" src=\"https:\/\/blogger.googleusercontent.com\/img\/b\/R29vZ2xl\/AVvXsEi9Y9UFw_g17stVuwRIKiFhswIKNpC4okM_5aYuJrRltlktOxJNZ6WSFBwGVpndJIRMupUa75vmBU6zcliWcZP1lJtd5mhANZzOYvnGFCYJTwfH3Y8_r-2WPlVBW7z9XRiKqSFS8A\/s2048\/contedores+recontidos.jpg\" width=\"640\" \/><\/a><\/p>\n<p>Unha r\u00faa renovada. Ram\u00f3n Gonz\u00e1lez. A\u00ednda est\u00e1 sen estrear, pero xa est\u00e1 apra as elecci\u00f3ns. Obra realizada con urxencia electoral. Como tantas outras veces por gobernos anteriores. T\u00e9\u00f1enme dito que non leva piso adecuado porque vai o cemento case (ou sen case) sobre terra. Non son t\u00e9cnico, veremos. Pero o que veremos antes ser\u00e1 unha nova r\u00faa xusto antes das elecci\u00f3ns. A\u00ednda que s\u00f3 sexa nova en parte, o resto do tramo xa estaba feito.<\/p>\n<p><a href=\"https:\/\/blogger.googleusercontent.com\/img\/b\/R29vZ2xl\/AVvXsEifalfJMy5KkbIYGuJNZbjurk1T9k2iXIoN0CGsqhIOBVDZ-riVue-aFGz81EV651_l03tCusdhxTNVpLIKTPb1idpJwFQSq-JJtFPUQVhkLZNBwH3EUUbVNUJH7O2HljlfuvhKuQ\/s2048\/r%C3%BAa+de+Ram%C3%B3n+Gonz%C3%A1lez.jpg\" imageanchor=\"1\" style=\"margin-left: 1em; margin-right: 1em;\"><img loading=\"lazy\" decoding=\"async\" height=\"640\" src=\"https:\/\/blogger.googleusercontent.com\/img\/b\/R29vZ2xl\/AVvXsEifalfJMy5KkbIYGuJNZbjurk1T9k2iXIoN0CGsqhIOBVDZ-riVue-aFGz81EV651_l03tCusdhxTNVpLIKTPb1idpJwFQSq-JJtFPUQVhkLZNBwH3EUUbVNUJH7O2HljlfuvhKuQ\/s2048\/r%C3%BAa+de+Ram%C3%B3n+Gonz%C3%A1lez.jpg\" width=\"480\" \/><\/a><\/p>\n<p>E unha alegor\u00eda, usando os carteis colgados por un partido pol\u00edtico: s\u00f3 \u00e9 posible co teu voto, din, a pares, co nome do partido relocendo e mov\u00e9ndose \u00f3 vento. E, que hai detr\u00e1s? Me refiro, a m\u00e1is dun peso en carteler\u00eda, un traballo realizado para colgalo e a clara idea de que un partido sen votos non ser\u00eda posible.<\/p>\n<p><a href=\"https:\/\/blogger.googleusercontent.com\/img\/b\/R29vZ2xl\/AVvXsEjBTFgTSo-zL8_ruXNAachdRiapKqIHhWbqzjRuQyMl5ERWa7iURf8gRtgRU6nmcVyFzQrH3ya81Q1DKYSsP3Sc-c0IcnNLONg-_sn7hpyiYmPeiN1dUpIDmb-hA103WdsvQ7Qt8A\/s2048\/so+%C3%A9+posible+co+teu+voto.jpg\" imageanchor=\"1\" style=\"margin-left: 1em; margin-right: 1em;\"><img loading=\"lazy\" decoding=\"async\" height=\"270\" src=\"https:\/\/blogger.googleusercontent.com\/img\/b\/R29vZ2xl\/AVvXsEjBTFgTSo-zL8_ruXNAachdRiapKqIHhWbqzjRuQyMl5ERWa7iURf8gRtgRU6nmcVyFzQrH3ya81Q1DKYSsP3Sc-c0IcnNLONg-_sn7hpyiYmPeiN1dUpIDmb-hA103WdsvQ7Qt8A\/s2048\/so+%C3%A9+posible+co+teu+voto.jpg\" width=\"640\" \/><\/a><\/p>\n","protected":false},"excerpt":{"rendered":"<p>Quedan cinco d\u00edas de campa\u00f1a electoral para as municipais 2015. Son momentos para mirar e pensar. Si, coma sempre, pero o sistema, polo momento, funciona as\u00ed, a golpes cada catro anos. Non se trata de mirar coa mente chea coas ideas preconcebidas, sen\u00f3n dun xeito aberto. A primeira foto est\u00e1 tomada dende a Garganta, s\u00e1bado, [&hellip;]<\/p>\n","protected":false},"author":3,"featured_media":0,"comment_status":"open","ping_status":"closed","sticky":false,"template":"","format":"standard","meta":{"activitypub_content_warning":"","activitypub_content_visibility":"","activitypub_max_image_attachments":3,"activitypub_interaction_policy_quote":"anyone","activitypub_status":"federated","footnotes":""},"categories":[1],"tags":[48,132,103,93],"class_list":["post-6535","post","type-post","status-publish","format-standard","hentry","category-sen-categoria","tag-eleccions","tag-eleccions-municipais-2015","tag-fotos","tag-fotos-ribadeo"],"_links":{"self":[{"href":"https:\/\/blogs.amarinha.gal\/ribadeando\/wp-json\/wp\/v2\/posts\/6535","targetHints":{"allow":["GET"]}}],"collection":[{"href":"https:\/\/blogs.amarinha.gal\/ribadeando\/wp-json\/wp\/v2\/posts"}],"about":[{"href":"https:\/\/blogs.amarinha.gal\/ribadeando\/wp-json\/wp\/v2\/types\/post"}],"author":[{"embeddable":true,"href":"https:\/\/blogs.amarinha.gal\/ribadeando\/wp-json\/wp\/v2\/users\/3"}],"replies":[{"embeddable":true,"href":"https:\/\/blogs.amarinha.gal\/ribadeando\/wp-json\/wp\/v2\/comments?post=6535"}],"version-history":[{"count":0,"href":"https:\/\/blogs.amarinha.gal\/ribadeando\/wp-json\/wp\/v2\/posts\/6535\/revisions"}],"wp:attachment":[{"href":"https:\/\/blogs.amarinha.gal\/ribadeando\/wp-json\/wp\/v2\/media?parent=6535"}],"wp:term":[{"taxonomy":"category","embeddable":true,"href":"https:\/\/blogs.amarinha.gal\/ribadeando\/wp-json\/wp\/v2\/categories?post=6535"},{"taxonomy":"post_tag","embeddable":true,"href":"https:\/\/blogs.amarinha.gal\/ribadeando\/wp-json\/wp\/v2\/tags?post=6535"}],"curies":[{"name":"wp","href":"https:\/\/api.w.org\/{rel}","templated":true}]}}