{"id":6531,"date":"2015-05-20T08:27:00","date_gmt":"2015-05-20T06:27:00","guid":{"rendered":""},"modified":"2024-11-12T14:00:28","modified_gmt":"2024-11-12T13:00:28","slug":"o-que-pesa-campana-electoral","status":"publish","type":"post","link":"https:\/\/blogs.amarinha.gal\/ribadeando\/2015\/05\/20\/o-que-pesa-campana-electoral\/","title":{"rendered":"O que pesa a campa\u00f1a electoral"},"content":{"rendered":"<p>Pretender pesar unha campa\u00f1a electoral parece algo estra\u00f1o. Se consideramos o medio ambiente, non o \u00e9.<\/p>\n<p>O que \u00e9, \u00e9 dif\u00edcil que calquera veci\u00f1o se aproxime \u00e1s cifras reais. Parecer\u00eda, pero de calquera xeito, poden facerse algunhas aproximaci\u00f3ns. Non pretendo pesar os grandes carteis pl\u00e1sticos que penden das farolas, ou os pend\u00f3ns da rotonda do instituto, nin tampouco os m\u00faltiples carteis murais pegados cada un coa s\u00faa cola. Non, s\u00f3 chamar a atenci\u00f3n sobre todo iso a partires dunha soa parte: a propaganda que nos chega \u00e1s casas, polo correo ou a traverso de persoas que a reparten. A\u00ednda as\u00ed, abonda para facerse unha idea, polo baixo, do que estamos a falar.<\/p>\n<p>Sei que a\u00ednda non rematou a campa\u00f1a, co que pode haber aumentos nas cifras que dou (de feito xa vin propaganda que a\u00ednda non me chegou; procurarei manter as cifras \u00f3 d\u00eda se vai chegando), ou variaci\u00f3ns de propaganda dunha casa a outra por diversos temas. As\u00ed, \u00f3s sobres que ve\u00f1en individualizados, con nome e apelidos, sobrep\u00f3\u00f1ense os buzoneos indiscriminados de folletos ou &#8216;impresos postais sen enderezo&#8217;, co que as contas xerais, a\u00ednda cingu\u00edndose \u00e1 propaganda que chega \u00e1s casas, s\u00f3 son aproximadas.<\/p>\n<p><a href=\"https:\/\/blogger.googleusercontent.com\/img\/b\/R29vZ2xl\/AVvXsEgua39R8KXu_WEB3I9a7eg2-XjskHciEeLlgEUqDWb8eDcm5Q5Jo419fc8NMZ6ZUdfpiBSYNhcTOrXRx89GtDGXhqq8M99JSTInjVwT1g76NCHkT5DgXPQREmhhxYnkvX5VD05yIA\/s2048\/propaganda+electoral.jpg\" imageanchor=\"1\" style=\"margin-left: 1em; margin-right: 1em;\"><img loading=\"lazy\" decoding=\"async\" height=\"300\" src=\"https:\/\/blogger.googleusercontent.com\/img\/b\/R29vZ2xl\/AVvXsEgua39R8KXu_WEB3I9a7eg2-XjskHciEeLlgEUqDWb8eDcm5Q5Jo419fc8NMZ6ZUdfpiBSYNhcTOrXRx89GtDGXhqq8M99JSTInjVwT1g76NCHkT5DgXPQREmhhxYnkvX5VD05yIA\/s2048\/propaganda+electoral.jpg\" width=\"400\" \/><\/a><\/p>\n<p>Por partes, tomemos primeiro a masa en gramos de cada partida de propaganda electoral:<\/p>\n<p>Sobre con voto (de calquera partido):<\/p>\n<p>5,2 <\/p>\n<p>Sobre grande BNG:<\/p>\n<p>10,0<\/p>\n<p>Programa BNG:<\/p>\n<p>23,1<\/p>\n<p>Parladoiro BNG (foi botado antes de comezo da campa\u00f1a, pero \u00e9 claramente con intenci\u00f3n de campa\u00f1a):<\/p>\n<p>29,7 <\/p>\n<p>Programa Ciudadanos:<\/p>\n<p>12,3 <\/p>\n<p>Folleto sinxelo Ciudadanos:<\/p>\n<p>4,8<\/p>\n<p>Sobre propaganda individualizado PP:<\/p>\n<p>14,8<\/p>\n<p>Bolet\u00edn formativo PP:<\/p>\n<p>16,7<\/p>\n<p>Folleto propaganda PP:<\/p>\n<p>18,5 <\/p>\n<p>Sobre propaganda individualizado PSOE:<\/p>\n<p>15,0<\/p>\n<p>Co que temos os totais, por orden alfab\u00e9tico de siglas:<\/p>\n<p><strong>BNG<\/strong>:<\/p>\n<p>29,7 + 23,1 + 3*5,2 =&nbsp;&nbsp;&nbsp;&nbsp;&nbsp;&nbsp;&nbsp;&nbsp;&nbsp;&nbsp;&nbsp;&nbsp;&nbsp;&nbsp;&nbsp;&nbsp;&nbsp; <strong>68,4<\/strong> g<\/p>\n<p><strong>C&#8217;s<\/strong>:<\/p>\n<p>4*5,2 + 2*12,3 + 4,8 =&nbsp;&nbsp;&nbsp;&nbsp;&nbsp;&nbsp;&nbsp;&nbsp;&nbsp;&nbsp;&nbsp;&nbsp;&nbsp;&nbsp;&nbsp; <strong>45,0<\/strong> g<\/p>\n<p><strong>PP<\/strong>:<\/p>\n<p>3*14,8 + 16,7 + 2\u00b75,2 + 18,5 =&nbsp;&nbsp; <strong>90,0<\/strong> g &nbsp; <\/p>\n<p><strong>PSOE<\/strong>:<\/p>\n<p>3*15,0 =&nbsp;&nbsp;&nbsp;&nbsp;&nbsp;&nbsp;&nbsp;&nbsp;&nbsp;&nbsp;&nbsp;&nbsp;&nbsp;&nbsp;&nbsp;&nbsp;&nbsp;&nbsp;&nbsp;&nbsp;&nbsp;&nbsp;&nbsp;&nbsp;&nbsp;&nbsp;&nbsp;&nbsp;&nbsp;&nbsp;&nbsp;&nbsp;&nbsp;&nbsp;&nbsp;&nbsp;&nbsp;&nbsp; <strong>45,0<\/strong> g<\/p>\n<p><strong>ReC<\/strong>:<\/p>\n<p><strong>&nbsp;&nbsp;&nbsp;&nbsp;&nbsp;&nbsp;&nbsp;&nbsp;&nbsp;&nbsp;&nbsp;&nbsp;&nbsp;&nbsp;&nbsp;&nbsp;&nbsp;&nbsp;&nbsp;&nbsp;&nbsp;&nbsp;&nbsp;&nbsp;&nbsp;&nbsp;&nbsp;&nbsp;&nbsp; &nbsp; &nbsp; &nbsp; &nbsp; &nbsp; &nbsp;&nbsp;&nbsp;&nbsp;&nbsp; 0,0<\/strong> g<\/p>\n<p><strong>Total: 248,4 g<\/strong><\/p>\n<p>Botando contas a nivel Ribadeo, a raz\u00f3n de preto de 250 g por casa ou 80 g por persoa, segundo como se fagan as contas, saen en calquera caso m\u00e1is de 3 000 kg de material distribu\u00eddo polas vivendas de Ribadeo.<\/p>\n<p>Repito que haber\u00eda que sumarlle a carteler\u00eda exterior pegada ou colgada, abondo menor en cantidades, pero abondo maior en peso individual, e sobre a que se me ocorre que poder\u00eda tam\u00e9n mirar se o fin de semana seguinte \u00e1s elecci\u00f3ns est\u00e1 retirada ou non, como primeiro \u00edndice da actuaci\u00f3n posterior \u00e1s elecci\u00f3ns de cada grupo, mantendo Ribadeo m\u00e1is limpo. Lembro a\u00ednda un cartel electoral que se mantivo longo tempo \u00e1 entrada de Ribadeo, xa descolorido e que tivo que causar roxez de cara no candidato correspondente que non fora retirado polo seu grupo. Espero polo menos que, despois dese cartel que cito e avisos coma este, a propaganda se retirar\u00e1 de xeito conveniente, sen ter que intervir o servizo de limpeza do concello.<\/p>\n","protected":false},"excerpt":{"rendered":"<p>Pretender pesar unha campa\u00f1a electoral parece algo estra\u00f1o. Se consideramos o medio ambiente, non o \u00e9. O que \u00e9, \u00e9 dif\u00edcil que calquera veci\u00f1o se aproxime \u00e1s cifras reais. Parecer\u00eda, pero de calquera xeito, poden facerse algunhas aproximaci\u00f3ns. Non pretendo pesar os grandes carteis pl\u00e1sticos que penden das farolas, ou os pend\u00f3ns da rotonda do [&hellip;]<\/p>\n","protected":false},"author":3,"featured_media":0,"comment_status":"open","ping_status":"closed","sticky":false,"template":"","format":"standard","meta":{"activitypub_content_warning":"","activitypub_content_visibility":"","activitypub_max_image_attachments":3,"activitypub_interaction_policy_quote":"anyone","activitypub_status":"federated","footnotes":""},"categories":[1],"tags":[48,132],"class_list":["post-6531","post","type-post","status-publish","format-standard","hentry","category-sen-categoria","tag-eleccions","tag-eleccions-municipais-2015"],"_links":{"self":[{"href":"https:\/\/blogs.amarinha.gal\/ribadeando\/wp-json\/wp\/v2\/posts\/6531","targetHints":{"allow":["GET"]}}],"collection":[{"href":"https:\/\/blogs.amarinha.gal\/ribadeando\/wp-json\/wp\/v2\/posts"}],"about":[{"href":"https:\/\/blogs.amarinha.gal\/ribadeando\/wp-json\/wp\/v2\/types\/post"}],"author":[{"embeddable":true,"href":"https:\/\/blogs.amarinha.gal\/ribadeando\/wp-json\/wp\/v2\/users\/3"}],"replies":[{"embeddable":true,"href":"https:\/\/blogs.amarinha.gal\/ribadeando\/wp-json\/wp\/v2\/comments?post=6531"}],"version-history":[{"count":0,"href":"https:\/\/blogs.amarinha.gal\/ribadeando\/wp-json\/wp\/v2\/posts\/6531\/revisions"}],"wp:attachment":[{"href":"https:\/\/blogs.amarinha.gal\/ribadeando\/wp-json\/wp\/v2\/media?parent=6531"}],"wp:term":[{"taxonomy":"category","embeddable":true,"href":"https:\/\/blogs.amarinha.gal\/ribadeando\/wp-json\/wp\/v2\/categories?post=6531"},{"taxonomy":"post_tag","embeddable":true,"href":"https:\/\/blogs.amarinha.gal\/ribadeando\/wp-json\/wp\/v2\/tags?post=6531"}],"curies":[{"name":"wp","href":"https:\/\/api.w.org\/{rel}","templated":true}]}}