{"id":6525,"date":"2015-05-25T07:57:00","date_gmt":"2015-05-25T05:57:00","guid":{"rendered":""},"modified":"2024-11-12T14:00:19","modified_gmt":"2024-11-12T13:00:19","slug":"resultados-ribadeo-eleccions-locais","status":"publish","type":"post","link":"https:\/\/blogs.amarinha.gal\/ribadeando\/2015\/05\/25\/resultados-ribadeo-eleccions-locais\/","title":{"rendered":"Resultados Ribadeo. Elecci\u00f3ns locais 2015 (II Lista de concelleiros)"},"content":{"rendered":"<p>Despois dos datos dos <a href=\"http:\/\/ribadeando.blogspot.com.es\/2015\/05\/reusltados-ribadeo-eleccions-locais-2015.html\">resultados das elecci\u00f3ns municipais en Ribadeo 2015, a lista de concelleiros<\/a>:<\/p>\n<p>1.BNG-Fernando Su\u00e1rez Barcia<\/p>\n<p>2.BNG-Mari Luz \u00c1lvarez Lastra<\/p>\n<p>3.PP-Jes\u00fas L\u00f3pez Penabad<\/p>\n<p>4.BNG-Vicente Castro Reigosa<\/p>\n<p>5.BNG-Ana Mar\u00eda Mart\u00ednez Fern\u00e1ndez<\/p>\n<p>6.PP-Mar\u00eda Rosina Tosar L\u00f3pez<\/p>\n<p>7.BNG-Xos\u00e9 Farruco Gra\u00f1a<\/p>\n<p>8.PSOE-Roberto Ramos Pi\u00f1eiro<\/p>\n<p>9.BNG-Sonia Meil\u00e1n Vizoso<\/p>\n<p>10.BNG-David Ribas Pe\u00f1a<\/p>\n<p>11.C&#8217;s- Marta Mar\u00eda Saiz Garc\u00eda<\/p>\n<p>12.PP-Jos\u00e9 Juan Est\u00e9vez Fern\u00e1ndez<\/p>\n<p>13.BNG-Paz Ermida Igrexas<\/p>\n<p>14.BNG-Jorge D\u00edaz Freije<\/p>\n<p>15.PP-Jos\u00e9 Mar\u00eda Su\u00e1rez Garc\u00eda<\/p>\n<p>16.BNG-Vanesa Yanes Rivas<\/p>\n<p>17.PSOE-David Fern\u00e1ndez Feijoo<\/p>\n<p>Outros: <a href=\"http:\/\/ribadeando.blogspot.com.es\/2015\/05\/reusltados-ribadeo-eleccions-locais-2015.html\">Resultados elecci\u00f3ns municipais<\/a><\/p>\n<p><a href=\"http:\/\/ribadeando.blogspot.com.es\/2015\/05\/resultados-ribadeo-eleccions-locais.html\">Lista de concelleiros<\/a><\/p>\n<p><a href=\"http:\/\/ribadeando.blogspot.com.es\/2015\/05\/resultados-ribadeo-eleccions-locais_25.html\">Hist\u00f3rico<\/a><\/p>\n<p><a href=\"http:\/\/ribadeando.blogspot.com.es\/2015\/05\/resultados-ribadeo-eleccions-locais_38.html\">Rematando cos datos<\/a><\/p>\n<p><a href=\"http:\/\/ribadeando.blogspot.com.es\/search\/label\/elecci%C3%B3ns%20municipais%202015\">Elecci\u00f3ns municipais 2015<\/a><\/p>\n","protected":false},"excerpt":{"rendered":"<p>Despois dos datos dos resultados das elecci\u00f3ns municipais en Ribadeo 2015, a lista de concelleiros: 1.BNG-Fernando Su\u00e1rez Barcia 2.BNG-Mari Luz \u00c1lvarez Lastra 3.PP-Jes\u00fas L\u00f3pez Penabad 4.BNG-Vicente Castro Reigosa 5.BNG-Ana Mar\u00eda Mart\u00ednez Fern\u00e1ndez 6.PP-Mar\u00eda Rosina Tosar L\u00f3pez 7.BNG-Xos\u00e9 Farruco Gra\u00f1a 8.PSOE-Roberto Ramos Pi\u00f1eiro 9.BNG-Sonia Meil\u00e1n Vizoso 10.BNG-David Ribas Pe\u00f1a 11.C&#8217;s- Marta Mar\u00eda Saiz Garc\u00eda 12.PP-Jos\u00e9 Juan [&hellip;]<\/p>\n","protected":false},"author":3,"featured_media":0,"comment_status":"open","ping_status":"closed","sticky":false,"template":"","format":"standard","meta":{"activitypub_content_warning":"","activitypub_content_visibility":"","activitypub_max_image_attachments":3,"activitypub_interaction_policy_quote":"anyone","activitypub_status":"federated","footnotes":""},"categories":[1],"tags":[48,132],"class_list":["post-6525","post","type-post","status-publish","format-standard","hentry","category-sen-categoria","tag-eleccions","tag-eleccions-municipais-2015"],"_links":{"self":[{"href":"https:\/\/blogs.amarinha.gal\/ribadeando\/wp-json\/wp\/v2\/posts\/6525","targetHints":{"allow":["GET"]}}],"collection":[{"href":"https:\/\/blogs.amarinha.gal\/ribadeando\/wp-json\/wp\/v2\/posts"}],"about":[{"href":"https:\/\/blogs.amarinha.gal\/ribadeando\/wp-json\/wp\/v2\/types\/post"}],"author":[{"embeddable":true,"href":"https:\/\/blogs.amarinha.gal\/ribadeando\/wp-json\/wp\/v2\/users\/3"}],"replies":[{"embeddable":true,"href":"https:\/\/blogs.amarinha.gal\/ribadeando\/wp-json\/wp\/v2\/comments?post=6525"}],"version-history":[{"count":0,"href":"https:\/\/blogs.amarinha.gal\/ribadeando\/wp-json\/wp\/v2\/posts\/6525\/revisions"}],"wp:attachment":[{"href":"https:\/\/blogs.amarinha.gal\/ribadeando\/wp-json\/wp\/v2\/media?parent=6525"}],"wp:term":[{"taxonomy":"category","embeddable":true,"href":"https:\/\/blogs.amarinha.gal\/ribadeando\/wp-json\/wp\/v2\/categories?post=6525"},{"taxonomy":"post_tag","embeddable":true,"href":"https:\/\/blogs.amarinha.gal\/ribadeando\/wp-json\/wp\/v2\/tags?post=6525"}],"curies":[{"name":"wp","href":"https:\/\/api.w.org\/{rel}","templated":true}]}}