{"id":6523,"date":"2015-05-25T21:55:00","date_gmt":"2015-05-25T19:55:00","guid":{"rendered":""},"modified":"2024-11-12T14:00:16","modified_gmt":"2024-11-12T13:00:16","slug":"resultados-ribadeo-eleccions-locais_38","status":"publish","type":"post","link":"https:\/\/blogs.amarinha.gal\/ribadeando\/2015\/05\/25\/resultados-ribadeo-eleccions-locais_38\/","title":{"rendered":"Resultados Ribadeo. Elecci\u00f3ns locais 2015 (IV Rematando cos datos)"},"content":{"rendered":"<p>Para rematar coa base de datos (pode que siga empregando alg\u00fan dato derivado m\u00e1is, pero de xeito espor\u00e1dico), deixo d\u00faas gr\u00e1ficas comparativas 2011-2015 por mesas, vila e campo e total:<\/p>\n<p><a href=\"https:\/\/blogger.googleusercontent.com\/img\/b\/R29vZ2xl\/AVvXsEilhlZoFQIdm5oku8E_QWhJwe5GWHstYAyualVyhDcrvNhrPBMq6WZCMyZYAuKcnguqACXvI2RZNWoLAhzhVTHFC59Drq3XVAvZ5LVj9P8mPrncxyLIHbaQJRfYaiDhGm24tqpgkw\/s2048\/resume.jpg\" imageanchor=\"1\" style=\"margin-left: 1em; margin-right: 1em;\"><img loading=\"lazy\" decoding=\"async\" height=\"640\" src=\"https:\/\/blogger.googleusercontent.com\/img\/b\/R29vZ2xl\/AVvXsEilhlZoFQIdm5oku8E_QWhJwe5GWHstYAyualVyhDcrvNhrPBMq6WZCMyZYAuKcnguqACXvI2RZNWoLAhzhVTHFC59Drq3XVAvZ5LVj9P8mPrncxyLIHbaQJRfYaiDhGm24tqpgkw\/s2048\/resume.jpg\" width=\"580\" \/><\/a><\/p>\n<p>Coido que o anterior \u00e9 abondo ilustrativo: O BNG aumentou as porcentaxes de votos tanto na vila como no campo, de xeito semellante, mantendo a avantaxe as porcentaxes do campo. O PP, en cambio, que controlaba m\u00e1is a Vila, perdendo porcentaxes en ambos lugares, ten xa m\u00e1is votos relativamente no campo. O PSOE dimin\u00fae en votos de xeito proporcional en ambas, e ReC e sobre todo, ReC, son fen\u00f3menos urbanos.<\/p>\n<p>A seguinte t\u00e1boa desgrana os mesmos datos por mesas electorais. Saeu un pouco m\u00e1is complicada a s\u00faa interpretaci\u00f3n, pero vese claramente onde est\u00e1n os principais viveiros de votos dos partidos. O BNG chega a preto do 70% en Covelas no 2015, aumentando un pouco o dato anterior, e aprox\u00edmase tam\u00e9n en Vilaframil, onde sube m\u00e1is. O PP, segundo partido en votos, \u00e9 m\u00e1is regular no 2015, minimizando \u00e1 baixa as diferencias de 2011.<\/p>\n<p><a href=\"https:\/\/blogger.googleusercontent.com\/img\/b\/R29vZ2xl\/AVvXsEjGSiVqLM5CzBfuG2cIAsq_i1A1cyWjecGDDsF2Qa2PBEgLnJbq4dro6NE98MmZZ7CCGTCTjDMBxW2gPTeFo_Vdll5ReRhbytZlStZiAMe482CunAwPwnGwSFXuchTEAQ2hzL7LzA\/s2048\/resumes.jpg\" imageanchor=\"1\" style=\"margin-left: 1em; margin-right: 1em;\"><img loading=\"lazy\" decoding=\"async\" height=\"298\" src=\"https:\/\/blogger.googleusercontent.com\/img\/b\/R29vZ2xl\/AVvXsEjGSiVqLM5CzBfuG2cIAsq_i1A1cyWjecGDDsF2Qa2PBEgLnJbq4dro6NE98MmZZ7CCGTCTjDMBxW2gPTeFo_Vdll5ReRhbytZlStZiAMe482CunAwPwnGwSFXuchTEAQ2hzL7LzA\/s2048\/resumes.jpg\" width=\"640\" \/><\/a><\/p>\n<p>&#8212;<\/p>\n<p><a href=\"http:\/\/ribadeando.blogspot.com.es\/2015\/05\/reusltados-ribadeo-eleccions-locais-2015.html\">Resultados elecci\u00f3ns municipais<\/a><\/p>\n<p><a href=\"http:\/\/ribadeando.blogspot.com.es\/2015\/05\/resultados-ribadeo-eleccions-locais.html\">Lista de concelleiros<\/a><\/p>\n<p><a href=\"http:\/\/ribadeando.blogspot.com.es\/2015\/05\/resultados-ribadeo-eleccions-locais_25.html\">Hist\u00f3rico<\/a><\/p>\n<p><a href=\"http:\/\/ribadeando.blogspot.com.es\/2015\/05\/resultados-ribadeo-eleccions-locais_38.html\">Rematando cos datos<\/a><\/p>\n","protected":false},"excerpt":{"rendered":"<p>Para rematar coa base de datos (pode que siga empregando alg\u00fan dato derivado m\u00e1is, pero de xeito espor\u00e1dico), deixo d\u00faas gr\u00e1ficas comparativas 2011-2015 por mesas, vila e campo e total: Coido que o anterior \u00e9 abondo ilustrativo: O BNG aumentou as porcentaxes de votos tanto na vila como no campo, de xeito semellante, mantendo a [&hellip;]<\/p>\n","protected":false},"author":3,"featured_media":0,"comment_status":"open","ping_status":"closed","sticky":false,"template":"","format":"standard","meta":{"activitypub_content_warning":"","activitypub_content_visibility":"","activitypub_max_image_attachments":3,"activitypub_interaction_policy_quote":"anyone","activitypub_status":"federated","footnotes":""},"categories":[1],"tags":[48,132],"class_list":["post-6523","post","type-post","status-publish","format-standard","hentry","category-sen-categoria","tag-eleccions","tag-eleccions-municipais-2015"],"_links":{"self":[{"href":"https:\/\/blogs.amarinha.gal\/ribadeando\/wp-json\/wp\/v2\/posts\/6523","targetHints":{"allow":["GET"]}}],"collection":[{"href":"https:\/\/blogs.amarinha.gal\/ribadeando\/wp-json\/wp\/v2\/posts"}],"about":[{"href":"https:\/\/blogs.amarinha.gal\/ribadeando\/wp-json\/wp\/v2\/types\/post"}],"author":[{"embeddable":true,"href":"https:\/\/blogs.amarinha.gal\/ribadeando\/wp-json\/wp\/v2\/users\/3"}],"replies":[{"embeddable":true,"href":"https:\/\/blogs.amarinha.gal\/ribadeando\/wp-json\/wp\/v2\/comments?post=6523"}],"version-history":[{"count":0,"href":"https:\/\/blogs.amarinha.gal\/ribadeando\/wp-json\/wp\/v2\/posts\/6523\/revisions"}],"wp:attachment":[{"href":"https:\/\/blogs.amarinha.gal\/ribadeando\/wp-json\/wp\/v2\/media?parent=6523"}],"wp:term":[{"taxonomy":"category","embeddable":true,"href":"https:\/\/blogs.amarinha.gal\/ribadeando\/wp-json\/wp\/v2\/categories?post=6523"},{"taxonomy":"post_tag","embeddable":true,"href":"https:\/\/blogs.amarinha.gal\/ribadeando\/wp-json\/wp\/v2\/tags?post=6523"}],"curies":[{"name":"wp","href":"https:\/\/api.w.org\/{rel}","templated":true}]}}