{"id":6518,"date":"2015-05-30T14:38:00","date_gmt":"2015-05-30T12:38:00","guid":{"rendered":""},"modified":"2024-11-12T14:00:00","modified_gmt":"2024-11-12T13:00:00","slug":"pasou-unha-semana","status":"publish","type":"post","link":"https:\/\/blogs.amarinha.gal\/ribadeando\/2015\/05\/30\/pasou-unha-semana\/","title":{"rendered":"Pasou unha semana"},"content":{"rendered":"<p>Pasou unha semana (d\u00edas laborables) dende as elecci\u00f3ns. Coido lembrar que todos os grupos pol\u00edticos de Ribadeo levaban dun ou outro xeito unha mellora na limpeza. Pero tardan en po\u00f1erse mans \u00e1 obra&#8230;<\/p>\n<p><a href=\"https:\/\/blogger.googleusercontent.com\/img\/b\/R29vZ2xl\/AVvXsEjGoy0T8zYmyWJRj0HaOhvhOZwK_2obHGY3epWdL_lfjQinRDQpds1ovxLniqI3zCQcW_LmAjG2XcHFSxWjEjrpZGBVwHKSJluPFMFBU29heL1RV4s6LmAdWzFhmttQzCbYwdU29Q\/s2048\/quitando+carrteis.jpg\" imageanchor=\"1\" style=\"clear: left; float: left; margin-bottom: 1em; margin-right: 1em;\"><img loading=\"lazy\" decoding=\"async\" height=\"153\" src=\"https:\/\/blogger.googleusercontent.com\/img\/b\/R29vZ2xl\/AVvXsEjGoy0T8zYmyWJRj0HaOhvhOZwK_2obHGY3epWdL_lfjQinRDQpds1ovxLniqI3zCQcW_LmAjG2XcHFSxWjEjrpZGBVwHKSJluPFMFBU29heL1RV4s6LmAdWzFhmttQzCbYwdU29Q\/s2048\/quitando+carrteis.jpg\" width=\"320\" \/><\/a><\/p>\n<p>&nbsp;En toda a semana levo visto os mesmos carteis, cada vez m\u00e1is ro\u00eddos e alg\u00fans medio arrincados. S\u00f3 o que agora se pode chamar &#8216;pequeno grupo&#8217; de ReC cumpriu a mesma noite electoral cos poucos carteis que puxo.<\/p>\n<p>E as\u00ed, o coraz\u00f3n que inclu\u00eda un cartel na noite de comezo electoral quedaba as\u00ed: <\/p>\n<p><a href=\"https:\/\/blogger.googleusercontent.com\/img\/b\/R29vZ2xl\/AVvXsEhEdfGABg3eO7Y6vxdt1so-CfhsUsPPlUUiZR_MaVcQ4q7N9meBhczpLfjusMpekjV8mp21mSrOGMpsI_BQWyDvFEodjUU39GTML3rDY-v2YUeVJpfDwFSkViQCnzqFv8fyz_cUWw\/s2048\/ReC+pegada.jpg\" imageanchor=\"1\" style=\"clear: left; float: left; margin-bottom: 1em; margin-right: 1em;\"><img loading=\"lazy\" decoding=\"async\" height=\"198\" src=\"https:\/\/blogger.googleusercontent.com\/img\/b\/R29vZ2xl\/AVvXsEhEdfGABg3eO7Y6vxdt1so-CfhsUsPPlUUiZR_MaVcQ4q7N9meBhczpLfjusMpekjV8mp21mSrOGMpsI_BQWyDvFEodjUU39GTML3rDY-v2YUeVJpfDwFSkViQCnzqFv8fyz_cUWw\/s2048\/ReC+pegada.jpg\" width=\"200\" \/><\/a><br \/>\n<a href=\"https:\/\/blogger.googleusercontent.com\/img\/b\/R29vZ2xl\/AVvXsEiP3fu0kMCA5K1UHCtWd8ly2PJCMQdeLOWgBySPPsvgVmID3eKr4DyLskQjhF00ilQJKifSZPQ2drenDwVMNbDXC46S0rAAHmPMSLjkRnzRIz0_bDZQ-uHYK_ueOWFP8FmbgnIgOQ\/s2048\/resto+de+ReC.jpg\" imageanchor=\"1\" style=\"clear: right; float: right; margin-bottom: 1em; margin-left: 1em;\"><img loading=\"lazy\" decoding=\"async\" height=\"200\" src=\"https:\/\/blogger.googleusercontent.com\/img\/b\/R29vZ2xl\/AVvXsEiP3fu0kMCA5K1UHCtWd8ly2PJCMQdeLOWgBySPPsvgVmID3eKr4DyLskQjhF00ilQJKifSZPQ2drenDwVMNbDXC46S0rAAHmPMSLjkRnzRIz0_bDZQ-uHYK_ueOWFP8FmbgnIgOQ\/s2048\/resto+de+ReC.jpg\" width=\"192\" \/><\/a><\/p>\n<p>\u00c9 de supo\u00f1er que se ir\u00e1n sacando \u00f3 longo desta semana&#8230;<\/p>\n","protected":false},"excerpt":{"rendered":"<p>Pasou unha semana (d\u00edas laborables) dende as elecci\u00f3ns. Coido lembrar que todos os grupos pol\u00edticos de Ribadeo levaban dun ou outro xeito unha mellora na limpeza. Pero tardan en po\u00f1erse mans \u00e1 obra&#8230; &nbsp;En toda a semana levo visto os mesmos carteis, cada vez m\u00e1is ro\u00eddos e alg\u00fans medio arrincados. S\u00f3 o que agora se [&hellip;]<\/p>\n","protected":false},"author":3,"featured_media":0,"comment_status":"open","ping_status":"closed","sticky":false,"template":"","format":"standard","meta":{"activitypub_content_warning":"","activitypub_content_visibility":"","activitypub_max_image_attachments":3,"activitypub_interaction_policy_quote":"anyone","activitypub_status":"federated","footnotes":""},"categories":[1],"tags":[48,132,13,135,9],"class_list":["post-6518","post","type-post","status-publish","format-standard","hentry","category-sen-categoria","tag-eleccions","tag-eleccions-municipais-2015","tag-politica","tag-rec","tag-sociedade"],"_links":{"self":[{"href":"https:\/\/blogs.amarinha.gal\/ribadeando\/wp-json\/wp\/v2\/posts\/6518","targetHints":{"allow":["GET"]}}],"collection":[{"href":"https:\/\/blogs.amarinha.gal\/ribadeando\/wp-json\/wp\/v2\/posts"}],"about":[{"href":"https:\/\/blogs.amarinha.gal\/ribadeando\/wp-json\/wp\/v2\/types\/post"}],"author":[{"embeddable":true,"href":"https:\/\/blogs.amarinha.gal\/ribadeando\/wp-json\/wp\/v2\/users\/3"}],"replies":[{"embeddable":true,"href":"https:\/\/blogs.amarinha.gal\/ribadeando\/wp-json\/wp\/v2\/comments?post=6518"}],"version-history":[{"count":0,"href":"https:\/\/blogs.amarinha.gal\/ribadeando\/wp-json\/wp\/v2\/posts\/6518\/revisions"}],"wp:attachment":[{"href":"https:\/\/blogs.amarinha.gal\/ribadeando\/wp-json\/wp\/v2\/media?parent=6518"}],"wp:term":[{"taxonomy":"category","embeddable":true,"href":"https:\/\/blogs.amarinha.gal\/ribadeando\/wp-json\/wp\/v2\/categories?post=6518"},{"taxonomy":"post_tag","embeddable":true,"href":"https:\/\/blogs.amarinha.gal\/ribadeando\/wp-json\/wp\/v2\/tags?post=6518"}],"curies":[{"name":"wp","href":"https:\/\/api.w.org\/{rel}","templated":true}]}}