{"id":6515,"date":"2015-05-31T19:22:00","date_gmt":"2015-05-31T17:22:00","guid":{"rendered":""},"modified":"2024-11-12T13:59:54","modified_gmt":"2024-11-12T12:59:54","slug":"nota-de-prensa-de-ribadeo-en-comun","status":"publish","type":"post","link":"https:\/\/blogs.amarinha.gal\/ribadeando\/2015\/05\/31\/nota-de-prensa-de-ribadeo-en-comun\/","title":{"rendered":"Nota de prensa de Ribadeo en Com\u00fan"},"content":{"rendered":"<p>Desde Ribadeo en Com\u00fan queremos agradecer a s\u00faa confianza \u00e1s 271 persoas que nos deron o seu apoio nas pasadas elecci\u00f3ns; tam\u00e9n a todos os que se achegaron aos colexios electorais a depositar o seu voto; lamentablemente por s\u00f3 15 votos non puidemos obter a nosa primeira representante no Concello.<\/p>\n<p>Nestes meses pasados, veci\u00f1os e medios locais t\u00e9\u00f1ennos preguntado que fariamos se non acadabamos representaci\u00f3n: sempre respondemos que seguiriamos a traballar para mellorar Ribadeo, e agora chega o momento de cumprir coa palabra dada: seguiremos a traballar, como at\u00e9 agora de xeito aberto, para po\u00f1er en marcha e apoiar cantas iniciativas xurdan a prol dunha econom\u00eda sustentable e diversificada, para defender uns servizos p\u00fablicos de calidade e promover o co\u00f1ecemento e a conservaci\u00f3n do noso patrimonio natural e hist\u00f3rico. Seguiremos, as\u00ed mesmo, a pedir m\u00e1is transparencia e participaci\u00f3n veci\u00f1al en Ribadeo, en coherencia cos acordos asinados polas forzas que conforman a corporaci\u00f3n, e como ferramenta esencial na prevenci\u00f3n da corrupci\u00f3n.<\/p>\n<p>En todo caso, os resultados da pasada fin de semana non deixan lugar a d\u00fabidas: as xentes de Ribadeo seguen a respaldar no equipo de goberno actual, e deron un apoio maioritario \u00e1 lista do BNG &#8211; Asembleas Abertas. Por iso, a plataforma veci\u00f1al Ribadeo en Com\u00fan desexa sorte e bo criterio ao goberno entrante, na esperanza que a chamada \u00e1 participaci\u00f3n e a transparencia que reflicte o seu lema de campa\u00f1a comece a se reflectir en algo m\u00e1is efectivo. Se \u00e9 o caso, ter\u00e1 en Ribadeo en Com\u00fan un colaborador xeneroso e leal no dese\u00f1o e posta en marcha de propostas de futuro para o noso concello.<\/p>\n<p><a href=\"https:\/\/blogger.googleusercontent.com\/img\/b\/R29vZ2xl\/AVvXsEgVawjIDLUhAdSpm4aoj9mLJ0HAUUNKrqJuWMJNLYbg4z5CzoPdnzn-jujzNMUvUoJim6aWRYiWERUCM_VW-I1N11QFOpXjuTprMyStTmPAuLBlthAioK9WgXRLMsmclVrDysBoIQ\/s2048\/logo+ReC.jpg\" imageanchor=\"1\" style=\"margin-left: 1em; margin-right: 1em;\"><img loading=\"lazy\" decoding=\"async\" height=\"232\" src=\"https:\/\/blogger.googleusercontent.com\/img\/b\/R29vZ2xl\/AVvXsEgVawjIDLUhAdSpm4aoj9mLJ0HAUUNKrqJuWMJNLYbg4z5CzoPdnzn-jujzNMUvUoJim6aWRYiWERUCM_VW-I1N11QFOpXjuTprMyStTmPAuLBlthAioK9WgXRLMsmclVrDysBoIQ\/s2048\/logo+ReC.jpg\" width=\"320\" \/><\/a><\/p>\n","protected":false},"excerpt":{"rendered":"<p>Desde Ribadeo en Com\u00fan queremos agradecer a s\u00faa confianza \u00e1s 271 persoas que nos deron o seu apoio nas pasadas elecci\u00f3ns; tam\u00e9n a todos os que se achegaron aos colexios electorais a depositar o seu voto; lamentablemente por s\u00f3 15 votos non puidemos obter a nosa primeira representante no Concello. Nestes meses pasados, veci\u00f1os e [&hellip;]<\/p>\n","protected":false},"author":3,"featured_media":0,"comment_status":"open","ping_status":"closed","sticky":false,"template":"","format":"standard","meta":{"activitypub_content_warning":"","activitypub_content_visibility":"","activitypub_max_image_attachments":3,"activitypub_interaction_policy_quote":"anyone","activitypub_status":"federated","footnotes":""},"categories":[1],"tags":[132,135],"class_list":["post-6515","post","type-post","status-publish","format-standard","hentry","category-sen-categoria","tag-eleccions-municipais-2015","tag-rec"],"_links":{"self":[{"href":"https:\/\/blogs.amarinha.gal\/ribadeando\/wp-json\/wp\/v2\/posts\/6515","targetHints":{"allow":["GET"]}}],"collection":[{"href":"https:\/\/blogs.amarinha.gal\/ribadeando\/wp-json\/wp\/v2\/posts"}],"about":[{"href":"https:\/\/blogs.amarinha.gal\/ribadeando\/wp-json\/wp\/v2\/types\/post"}],"author":[{"embeddable":true,"href":"https:\/\/blogs.amarinha.gal\/ribadeando\/wp-json\/wp\/v2\/users\/3"}],"replies":[{"embeddable":true,"href":"https:\/\/blogs.amarinha.gal\/ribadeando\/wp-json\/wp\/v2\/comments?post=6515"}],"version-history":[{"count":0,"href":"https:\/\/blogs.amarinha.gal\/ribadeando\/wp-json\/wp\/v2\/posts\/6515\/revisions"}],"wp:attachment":[{"href":"https:\/\/blogs.amarinha.gal\/ribadeando\/wp-json\/wp\/v2\/media?parent=6515"}],"wp:term":[{"taxonomy":"category","embeddable":true,"href":"https:\/\/blogs.amarinha.gal\/ribadeando\/wp-json\/wp\/v2\/categories?post=6515"},{"taxonomy":"post_tag","embeddable":true,"href":"https:\/\/blogs.amarinha.gal\/ribadeando\/wp-json\/wp\/v2\/tags?post=6515"}],"curies":[{"name":"wp","href":"https:\/\/api.w.org\/{rel}","templated":true}]}}