{"id":6505,"date":"2015-06-09T08:06:00","date_gmt":"2015-06-09T06:06:00","guid":{"rendered":""},"modified":"2024-11-12T13:59:36","modified_gmt":"2024-11-12T12:59:36","slug":"pretensions-de-futuro-do-pp-en-ribadeo","status":"publish","type":"post","link":"https:\/\/blogs.amarinha.gal\/ribadeando\/2015\/06\/09\/pretensions-de-futuro-do-pp-en-ribadeo\/","title":{"rendered":"Pretensi\u00f3ns de futuro do PP en Ribadeo"},"content":{"rendered":"<p>Vexo hoxe no xornal que o PP ribadense est\u00e1 totalmente renovado e que afronta a nova \u00e9poca cun liderazgo forte e totalmente unido, despois de perder case 500 votos: xa non volver\u00e1 a pasar que grupo municipal e partido te\u00f1an nalg\u00fans temas opini\u00f3ns diferentes. Sigo lendo que \u00e9 unha pretensi\u00f3n do &#8216;l\u00edder&#8217; actual, Suso L\u00f3pez Penabad, e que se renovar\u00e1 a executiva para dar entrada \u00f3s novos ed\u00eds, &#8216;cumprindo co dereito que lles ampara&#8217;.<\/p>\n<p>Isto vai ser curto, pois son reflexi\u00f3ns sobre algo que me resulta alleo, pero&#8230;<\/p>\n<p>Dise que o partido est\u00e1 totalmente renovado. Variaron os afiliados? Porque o partido, fundamentalmente, ser\u00e1n os afiliados, non?<\/p>\n<p><a href=\"https:\/\/blogger.googleusercontent.com\/img\/b\/R29vZ2xl\/AVvXsEjLagOn6MQOnrVxk8e26PC5IniesCkPPKU7QrIUGC3HcYUgl9ey4_MGI8uYInrciwhMR9PXvFUEm2MCpmZO9BjnhA0zdQZT9mJyyuClpSzx46eZXzrrOeF8HX-Ii1XJMrmGf_DCoQ\/s2048\/PPconcello.jpg\" imageanchor=\"1\" style=\"clear: right; float: right; margin-bottom: 1em; margin-left: 1em;\"><img decoding=\"async\" src=\"https:\/\/blogger.googleusercontent.com\/img\/b\/R29vZ2xl\/AVvXsEjLagOn6MQOnrVxk8e26PC5IniesCkPPKU7QrIUGC3HcYUgl9ey4_MGI8uYInrciwhMR9PXvFUEm2MCpmZO9BjnhA0zdQZT9mJyyuClpSzx46eZXzrrOeF8HX-Ii1XJMrmGf_DCoQ\/s2048\/PPconcello.jpg\" \/><\/a>Pode resultar un liderazgo forte dunha perda de 500 votos despois de ocupar a a posici\u00f3n de sa\u00edda para o concello dende hai tempo? Claro que os liderazgos fortes tam\u00e9n poden ser exercidos sobre un grupo m\u00ednimo. Algo parello pode dicirse sobre o de &#8216;totalmente unido&#8217;.<\/p>\n<p>\u00c9 malo que grupo municipal e partido te\u00f1an algunhas opini\u00f3ns diferentes? Non salvar\u00eda votos, neste caso, algunhas opini\u00f3ns que mantivo parte do grupo municipal en contra do partido? E, non pode ser boa para Ribadeo esa diferencia? Ou estamos nun dos t\u00edpicos casos nos que aplicar unha sentenza do tipo &#8216;o que \u00e9 bo para o partido \u00e9 bo para Ribadeo?<\/p>\n<p>Os ed\u00eds te\u00f1en dereito de estar na directiva do partido? Dito doutro xeito, \u00e9 un &#8216;partido vertical&#8217;?<\/p>\n<p>En fin, cousas que se me ocorren a partires dunha nota no xornal. Posiblemente, as cousas sucedan doutro xeito.<\/p>\n","protected":false},"excerpt":{"rendered":"<p>Vexo hoxe no xornal que o PP ribadense est\u00e1 totalmente renovado e que afronta a nova \u00e9poca cun liderazgo forte e totalmente unido, despois de perder case 500 votos: xa non volver\u00e1 a pasar que grupo municipal e partido te\u00f1an nalg\u00fans temas opini\u00f3ns diferentes. Sigo lendo que \u00e9 unha pretensi\u00f3n do &#8216;l\u00edder&#8217; actual, Suso L\u00f3pez [&hellip;]<\/p>\n","protected":false},"author":3,"featured_media":0,"comment_status":"open","ping_status":"closed","sticky":false,"template":"","format":"standard","meta":{"activitypub_content_warning":"","activitypub_content_visibility":"","activitypub_max_image_attachments":3,"activitypub_interaction_policy_quote":"anyone","activitypub_status":"federated","footnotes":""},"categories":[1],"tags":[13],"class_list":["post-6505","post","type-post","status-publish","format-standard","hentry","category-sen-categoria","tag-politica"],"_links":{"self":[{"href":"https:\/\/blogs.amarinha.gal\/ribadeando\/wp-json\/wp\/v2\/posts\/6505","targetHints":{"allow":["GET"]}}],"collection":[{"href":"https:\/\/blogs.amarinha.gal\/ribadeando\/wp-json\/wp\/v2\/posts"}],"about":[{"href":"https:\/\/blogs.amarinha.gal\/ribadeando\/wp-json\/wp\/v2\/types\/post"}],"author":[{"embeddable":true,"href":"https:\/\/blogs.amarinha.gal\/ribadeando\/wp-json\/wp\/v2\/users\/3"}],"replies":[{"embeddable":true,"href":"https:\/\/blogs.amarinha.gal\/ribadeando\/wp-json\/wp\/v2\/comments?post=6505"}],"version-history":[{"count":0,"href":"https:\/\/blogs.amarinha.gal\/ribadeando\/wp-json\/wp\/v2\/posts\/6505\/revisions"}],"wp:attachment":[{"href":"https:\/\/blogs.amarinha.gal\/ribadeando\/wp-json\/wp\/v2\/media?parent=6505"}],"wp:term":[{"taxonomy":"category","embeddable":true,"href":"https:\/\/blogs.amarinha.gal\/ribadeando\/wp-json\/wp\/v2\/categories?post=6505"},{"taxonomy":"post_tag","embeddable":true,"href":"https:\/\/blogs.amarinha.gal\/ribadeando\/wp-json\/wp\/v2\/tags?post=6505"}],"curies":[{"name":"wp","href":"https:\/\/api.w.org\/{rel}","templated":true}]}}