{"id":6503,"date":"2015-06-17T19:48:00","date_gmt":"2015-06-17T17:48:00","guid":{"rendered":""},"modified":"2024-11-12T13:59:34","modified_gmt":"2024-11-12T12:59:34","slug":"convocatoria-de-pleno-para-tratar-unha","status":"publish","type":"post","link":"https:\/\/blogs.amarinha.gal\/ribadeando\/2015\/06\/17\/convocatoria-de-pleno-para-tratar-unha\/","title":{"rendered":"Convocatoria de pleno para tratar unha moci\u00f3n sobre as Catedrais"},"content":{"rendered":"<p><a href=\"https:\/\/blogger.googleusercontent.com\/img\/b\/R29vZ2xl\/AVvXsEgStUyPpzswyBS3fQRpWRb_7HZDzvA6mfpthP7cgNBzVb2-Nd5ZUQogFAJFJEWvYJ_okouVVUbRIlTFTREtLfRZh507LBqlVRMOdw8k58MIONbSbMhtbQvk7Lq89ydqgI2mz8SXLQ\/s2048\/convocatoria+pleno+catedrais.jpg\" imageanchor=\"1\" style=\"margin-left: 1em; margin-right: 1em;\"><img loading=\"lazy\" decoding=\"async\" height=\"640\" src=\"https:\/\/blogger.googleusercontent.com\/img\/b\/R29vZ2xl\/AVvXsEgStUyPpzswyBS3fQRpWRb_7HZDzvA6mfpthP7cgNBzVb2-Nd5ZUQogFAJFJEWvYJ_okouVVUbRIlTFTREtLfRZh507LBqlVRMOdw8k58MIONbSbMhtbQvk7Lq89ydqgI2mz8SXLQ\/s2048\/convocatoria+pleno+catedrais.jpg\" width=\"452\" \/><\/a><\/p>\n<p>Foi publicado M\u00e9r 17 Xu\u00f1 2015 10:19:28 CEST (tempo de ver\u00e1n de Europa Central, o oficial en Espa\u00f1a). Ao menos, esta volta non sei que tivera que ser pedido.<\/p>\n","protected":false},"excerpt":{"rendered":"<p>Foi publicado M\u00e9r 17 Xu\u00f1 2015 10:19:28 CEST (tempo de ver\u00e1n de Europa Central, o oficial en Espa\u00f1a). Ao menos, esta volta non sei que tivera que ser pedido.<\/p>\n","protected":false},"author":3,"featured_media":0,"comment_status":"open","ping_status":"closed","sticky":false,"template":"","format":"standard","meta":{"activitypub_content_warning":"","activitypub_content_visibility":"","activitypub_max_image_attachments":3,"activitypub_interaction_policy_quote":"anyone","activitypub_status":"federated","footnotes":""},"categories":[1],"tags":[42],"class_list":["post-6503","post","type-post","status-publish","format-standard","hentry","category-sen-categoria","tag-plenos"],"_links":{"self":[{"href":"https:\/\/blogs.amarinha.gal\/ribadeando\/wp-json\/wp\/v2\/posts\/6503","targetHints":{"allow":["GET"]}}],"collection":[{"href":"https:\/\/blogs.amarinha.gal\/ribadeando\/wp-json\/wp\/v2\/posts"}],"about":[{"href":"https:\/\/blogs.amarinha.gal\/ribadeando\/wp-json\/wp\/v2\/types\/post"}],"author":[{"embeddable":true,"href":"https:\/\/blogs.amarinha.gal\/ribadeando\/wp-json\/wp\/v2\/users\/3"}],"replies":[{"embeddable":true,"href":"https:\/\/blogs.amarinha.gal\/ribadeando\/wp-json\/wp\/v2\/comments?post=6503"}],"version-history":[{"count":0,"href":"https:\/\/blogs.amarinha.gal\/ribadeando\/wp-json\/wp\/v2\/posts\/6503\/revisions"}],"wp:attachment":[{"href":"https:\/\/blogs.amarinha.gal\/ribadeando\/wp-json\/wp\/v2\/media?parent=6503"}],"wp:term":[{"taxonomy":"category","embeddable":true,"href":"https:\/\/blogs.amarinha.gal\/ribadeando\/wp-json\/wp\/v2\/categories?post=6503"},{"taxonomy":"post_tag","embeddable":true,"href":"https:\/\/blogs.amarinha.gal\/ribadeando\/wp-json\/wp\/v2\/tags?post=6503"}],"curies":[{"name":"wp","href":"https:\/\/api.w.org\/{rel}","templated":true}]}}