{"id":6483,"date":"2015-07-01T08:45:00","date_gmt":"2015-07-01T06:45:00","guid":{"rendered":""},"modified":"2024-11-12T13:58:52","modified_gmt":"2024-11-12T12:58:52","slug":"novas-dende-o-pazo-de-ibanez","status":"publish","type":"post","link":"https:\/\/blogs.amarinha.gal\/ribadeando\/2015\/07\/01\/novas-dende-o-pazo-de-ibanez\/","title":{"rendered":"Novas dende o Pazo de Ib\u00e1\u00f1ez"},"content":{"rendered":"<p>Esta ma\u00f1\u00e1, \u00f3 levantarme, levo unha satisfacci\u00f3n. Remato de comprobar unha nova da que me deron conta conta oral onte, no medio doutra informaci\u00f3n. Por fin o pleno de hoxe aparece na web do concello con m\u00e1is de 24 horas de antelaci\u00f3n. Ser\u00e1 polo cambio do concelleiro delegado correspondente ou polo que sexa, pero o caso \u00e9 ese. A <a href=\"http:\/\/ribadeo.gal\/actualidade\/nova.php?id=1825&amp;lg=gal\" target=\"_blank\" rel=\"noopener\">nova da convocatoria do pleno para o 1 de xullo<\/a>, hoxe, ven acompa\u00f1ada de tres documentos, que deixo embaixo.<\/p>\n<p>Os tres son ampliables (bot\u00f3n dereito do rato para abrir nunha nova lapela, e logo, \u00f3 pasar o rato sobre o documento, aparece unha lupa con un + para poder ampliar) e consultables na web (<a href=\"http:\/\/issuu.com\/agremon\/docs\/1435722126convocatoria_pleno_1_de_x\" target=\"_blank\" rel=\"noopener\">convocatoria<\/a>, <a href=\"http:\/\/issuu.com\/agremon\/docs\/1435722234concelleiros_delegados\" target=\"_blank\" rel=\"noopener\">delegaci\u00f3ns<\/a>, <a href=\"http:\/\/issuu.com\/agremon\/docs\/1435722210proposta_da_alcaldia_adic\" target=\"_blank\" rel=\"noopener\">dedicaci\u00f3ns exclusivas e parciais<\/a>). O primeiro, a convocatoria. O segundo, as dedicaci\u00f3ns exclusivas propostas. O terceiro, as delegaci\u00f3ns.<\/p>\n<p>Coido que \u00e9 material abondo como para necesitar m\u00e1is explicaci\u00f3n.<\/p>\n<p>A nova na web do concello: <em>Este 1 de xullo haber\u00e1 pleno extraordinario no Concello para aprobar o r\u00e9xime de sesi\u00f3ns dos plenos e da xunta de goberno local, a creaci\u00f3n e composici\u00f3n das comisi\u00f3ns informativas, a creaci\u00f3n da xunta de portavoces, a determinaci\u00f3n do cadro de persoal eventual do Concello, a dotaci\u00f3n econ\u00f3mica aos grupos municipais, a delegaci\u00f3n de competencias do pleno na xunta de goberno local, as dedicaci\u00f3ns exclusivas, as indemnizaci\u00f3ns ou compensaci\u00f3n por desprazamentos dos membros da Corporaci\u00f3n derviados do exercicio do cargo, as indemnizaci\u00f3ns por asistencia a plenos e a designaci\u00f3n de representantes do Concello noutros organismos.<\/em> <\/p>\n<table align=\"center\" cellpadding=\"0\" cellspacing=\"0\" class=\"tr-caption-container\" style=\"margin-left: auto; margin-right: auto; text-align: center;\">\n<tbody>\n<tr>\n<td style=\"text-align: center;\"><a href=\"https:\/\/blogger.googleusercontent.com\/img\/b\/R29vZ2xl\/AVvXsEiPse_t1DgLeDupqhX3Yqmu06QjvZJYdZqvOv7w_B3BYepBCnFl3Jh_PgqwiYF-NzUWbWmk2tq0uPgc1El44JPKsTFjvexdMRXdp6_9GN76Lsh3GXKhCIu-3jVbVwo7gjxenBhUzg\/s2048\/Convocatoria_pleno_1_de_xullo_2015+Ribadeo.jpg\" imageanchor=\"1\" style=\"margin-left: auto; margin-right: auto;\"><img loading=\"lazy\" decoding=\"async\" height=\"640\" src=\"https:\/\/blogger.googleusercontent.com\/img\/b\/R29vZ2xl\/AVvXsEiPse_t1DgLeDupqhX3Yqmu06QjvZJYdZqvOv7w_B3BYepBCnFl3Jh_PgqwiYF-NzUWbWmk2tq0uPgc1El44JPKsTFjvexdMRXdp6_9GN76Lsh3GXKhCIu-3jVbVwo7gjxenBhUzg\/s2048\/Convocatoria_pleno_1_de_xullo_2015+Ribadeo.jpg\" width=\"452\" \/><\/a><\/td>\n<\/tr>\n<tr>\n<td class=\"tr-caption\" style=\"text-align: center;\">Convocatoria do pleno. As imaxes son ampliables co rato.<\/td>\n<\/tr>\n<\/tbody>\n<\/table>\n<p><a href=\"https:\/\/blogger.googleusercontent.com\/img\/b\/R29vZ2xl\/AVvXsEhrqzj3CBAOWwO7Vj0LSQV2GOhv-qTiPWk-5VLt4C8GGSbcDyoEIX_5yXIExGgieyr5c1vAtDaDOAuKuFT5stJyAGcNq3zvDowRILWvI1fjZevqSmFFsth7slWARf1ESQM0iPvMBA\/s2048\/Proposta_da_Alcaldia_adicacions_exclusivas+2015-2019.jpg\" imageanchor=\"1\" style=\"margin-left: 1em; margin-right: 1em;\"><img loading=\"lazy\" decoding=\"async\" height=\"640\" src=\"https:\/\/blogger.googleusercontent.com\/img\/b\/R29vZ2xl\/AVvXsEhrqzj3CBAOWwO7Vj0LSQV2GOhv-qTiPWk-5VLt4C8GGSbcDyoEIX_5yXIExGgieyr5c1vAtDaDOAuKuFT5stJyAGcNq3zvDowRILWvI1fjZevqSmFFsth7slWARf1ESQM0iPvMBA\/s2048\/Proposta_da_Alcaldia_adicacions_exclusivas+2015-2019.jpg\" width=\"452\" \/><\/a><\/p>\n<p><a href=\"https:\/\/blogger.googleusercontent.com\/img\/b\/R29vZ2xl\/AVvXsEiqce4kULqEBH9X7qymuPE8IQNvAGhkbcwS6cVzpa-ejoH_jDT0mTn222n_1NNSSSPDdf7sxy6WLSKE0BezBYBBveanTtQgey4NvkyoBNhdlkorEhjUV7k0ofi-RTot4fcJ1OVOgw\/s2048\/Proposta_da_Alcaldia_adicacions_exclusivas+2015-2019+1.jpg\" imageanchor=\"1\" style=\"margin-left: 1em; margin-right: 1em;\"><img loading=\"lazy\" decoding=\"async\" height=\"640\" src=\"https:\/\/blogger.googleusercontent.com\/img\/b\/R29vZ2xl\/AVvXsEiqce4kULqEBH9X7qymuPE8IQNvAGhkbcwS6cVzpa-ejoH_jDT0mTn222n_1NNSSSPDdf7sxy6WLSKE0BezBYBBveanTtQgey4NvkyoBNhdlkorEhjUV7k0ofi-RTot4fcJ1OVOgw\/s2048\/Proposta_da_Alcaldia_adicacions_exclusivas+2015-2019+1.jpg\" width=\"452\" \/><\/a><\/p>\n<p><a href=\"https:\/\/blogger.googleusercontent.com\/img\/b\/R29vZ2xl\/AVvXsEhxtKCiqefqhyphenhyphenma1xoaiwgHtIJ_r9_WI3K_iwXnmVNWWz1Q8M_G2aBeGmrx6WLTx7wyp6FlySNCCZTIt2FzpdqpDn3JzroEq8CHDwaTQU56qOHqmn44qaoS5SX-Dlx2Bbechzq7_A\/s2048\/Proposta_da_Alcaldia_adicacions_exclusivas+2015-2019+2.jpg\" imageanchor=\"1\" style=\"margin-left: 1em; margin-right: 1em;\"><img loading=\"lazy\" decoding=\"async\" height=\"640\" src=\"https:\/\/blogger.googleusercontent.com\/img\/b\/R29vZ2xl\/AVvXsEhxtKCiqefqhyphenhyphenma1xoaiwgHtIJ_r9_WI3K_iwXnmVNWWz1Q8M_G2aBeGmrx6WLTx7wyp6FlySNCCZTIt2FzpdqpDn3JzroEq8CHDwaTQU56qOHqmn44qaoS5SX-Dlx2Bbechzq7_A\/s2048\/Proposta_da_Alcaldia_adicacions_exclusivas+2015-2019+2.jpg\" width=\"452\" \/><\/a><\/p>\n<p><a href=\"https:\/\/blogger.googleusercontent.com\/img\/b\/R29vZ2xl\/AVvXsEgppdx1TTQ2M704FrVUjYnEevJktbHrVzAsNpb6OuWNeR8EilFJ7SDUGIy_vanJFWCXmoKk7ptHiV1cxyZfhNgEuUZM0N8UiFu5ABT4WJjerB7Rx0X1_OvQBtTZyWBR7THb_H9D_A\/s2048\/Concelleiros_Delegados+2015-2019+1.jpg\" imageanchor=\"1\" style=\"margin-left: 1em; margin-right: 1em;\"><img loading=\"lazy\" decoding=\"async\" height=\"640\" src=\"https:\/\/blogger.googleusercontent.com\/img\/b\/R29vZ2xl\/AVvXsEgppdx1TTQ2M704FrVUjYnEevJktbHrVzAsNpb6OuWNeR8EilFJ7SDUGIy_vanJFWCXmoKk7ptHiV1cxyZfhNgEuUZM0N8UiFu5ABT4WJjerB7Rx0X1_OvQBtTZyWBR7THb_H9D_A\/s2048\/Concelleiros_Delegados+2015-2019+1.jpg\" width=\"452\" \/><\/a><\/p>\n<p><a href=\"https:\/\/blogger.googleusercontent.com\/img\/b\/R29vZ2xl\/AVvXsEjZMpJe45RduLhNP009By3w-_U55-sjyZxZs2S9UjvFHKv91i2RmXvGWsXLnPHhJDQellF6-i-jb8hFwUEsztxBPsw3E0tWseo7_gxNiN6X3kGtKLEgb9n2JGTtGbsgqeNf4NMTvg\/s2048\/Concelleiros_Delegados+2015-2019+2.jpg\" imageanchor=\"1\" style=\"margin-left: 1em; margin-right: 1em;\"><img loading=\"lazy\" decoding=\"async\" height=\"640\" src=\"https:\/\/blogger.googleusercontent.com\/img\/b\/R29vZ2xl\/AVvXsEjZMpJe45RduLhNP009By3w-_U55-sjyZxZs2S9UjvFHKv91i2RmXvGWsXLnPHhJDQellF6-i-jb8hFwUEsztxBPsw3E0tWseo7_gxNiN6X3kGtKLEgb9n2JGTtGbsgqeNf4NMTvg\/s2048\/Concelleiros_Delegados+2015-2019+2.jpg\" width=\"452\" \/><\/a><\/p>\n","protected":false},"excerpt":{"rendered":"<p>Esta ma\u00f1\u00e1, \u00f3 levantarme, levo unha satisfacci\u00f3n. Remato de comprobar unha nova da que me deron conta conta oral onte, no medio doutra informaci\u00f3n. Por fin o pleno de hoxe aparece na web do concello con m\u00e1is de 24 horas de antelaci\u00f3n. Ser\u00e1 polo cambio do concelleiro delegado correspondente ou polo que sexa, pero o [&hellip;]<\/p>\n","protected":false},"author":3,"featured_media":0,"comment_status":"open","ping_status":"closed","sticky":false,"template":"","format":"standard","meta":{"activitypub_content_warning":"","activitypub_content_visibility":"","activitypub_max_image_attachments":3,"activitypub_interaction_policy_quote":"anyone","activitypub_status":"federate","footnotes":""},"categories":[1],"tags":[132,42,13],"class_list":["post-6483","post","type-post","status-publish","format-standard","hentry","category-sen-categoria","tag-eleccions-municipais-2015","tag-plenos","tag-politica"],"_links":{"self":[{"href":"https:\/\/blogs.amarinha.gal\/ribadeando\/wp-json\/wp\/v2\/posts\/6483","targetHints":{"allow":["GET"]}}],"collection":[{"href":"https:\/\/blogs.amarinha.gal\/ribadeando\/wp-json\/wp\/v2\/posts"}],"about":[{"href":"https:\/\/blogs.amarinha.gal\/ribadeando\/wp-json\/wp\/v2\/types\/post"}],"author":[{"embeddable":true,"href":"https:\/\/blogs.amarinha.gal\/ribadeando\/wp-json\/wp\/v2\/users\/3"}],"replies":[{"embeddable":true,"href":"https:\/\/blogs.amarinha.gal\/ribadeando\/wp-json\/wp\/v2\/comments?post=6483"}],"version-history":[{"count":0,"href":"https:\/\/blogs.amarinha.gal\/ribadeando\/wp-json\/wp\/v2\/posts\/6483\/revisions"}],"wp:attachment":[{"href":"https:\/\/blogs.amarinha.gal\/ribadeando\/wp-json\/wp\/v2\/media?parent=6483"}],"wp:term":[{"taxonomy":"category","embeddable":true,"href":"https:\/\/blogs.amarinha.gal\/ribadeando\/wp-json\/wp\/v2\/categories?post=6483"},{"taxonomy":"post_tag","embeddable":true,"href":"https:\/\/blogs.amarinha.gal\/ribadeando\/wp-json\/wp\/v2\/tags?post=6483"}],"curies":[{"name":"wp","href":"https:\/\/api.w.org\/{rel}","templated":true}]}}