{"id":6466,"date":"2015-07-15T09:24:00","date_gmt":"2015-07-15T07:24:00","guid":{"rendered":""},"modified":"2024-11-12T13:58:16","modified_gmt":"2024-11-12T12:58:16","slug":"visitando-web-do-concello","status":"publish","type":"post","link":"https:\/\/blogs.amarinha.gal\/ribadeando\/2015\/07\/15\/visitando-web-do-concello\/","title":{"rendered":"visitando a web do concello"},"content":{"rendered":"<p>Hoxe ach\u00e9gome \u00e1 web do concello despois de ler o xornal. Nunha das s\u00faas p\u00e1xinas, coa cabeceira &#8216;<a href=\"http:\/\/ribadeo.gal\/interior.php?txt=arbore_web117&amp;lg=gal\">Rexistro de intereses<\/a>&#8216; aparecen publicados os intereses dos concelleiros, segundo marca a lei. Polo momento est\u00e1n 14, faltando tres, pero non cabe d\u00fabida de que aparecer\u00e1n en breve. Xa o mandato pasado apareceran de xeito voluntario varios, e neste compl\u00e9tase.<\/p>\n<p><a href=\"https:\/\/blogger.googleusercontent.com\/img\/b\/R29vZ2xl\/AVvXsEhZk_zyD7lsnd-1NOEwWCj_xV65W4M-gf3V98DnPtmh3patG2GpHTu6LfCViQWjWQP5ZdmNY3kby3ZZ4XUJ_QHfGcM2IkGssqFOlWgNIGfdSzrg46V0PCDlRou8uzhU1PJWW4LwbQ\/s2048\/declaraci%25C3%25B3n+de+intereses.jpg\" imageanchor=\"1\" style=\"margin-left: 1em; margin-right: 1em;\"><img loading=\"lazy\" decoding=\"async\" height=\"376\" src=\"https:\/\/blogger.googleusercontent.com\/img\/b\/R29vZ2xl\/AVvXsEhZk_zyD7lsnd-1NOEwWCj_xV65W4M-gf3V98DnPtmh3patG2GpHTu6LfCViQWjWQP5ZdmNY3kby3ZZ4XUJ_QHfGcM2IkGssqFOlWgNIGfdSzrg46V0PCDlRou8uzhU1PJWW4LwbQ\/s2048\/declaraci%25C3%25B3n+de+intereses.jpg\" width=\"640\" \/><\/a><\/p>\n<p>Quizais pareza lento, pero o certo \u00e9 que, tal como vai a p\u00e1xina do concello, e m\u00e1is a\u00ednda, en relaci\u00f3n \u00f3s outros concellos en xeral, a p\u00e1xina foi renovada de xeito veloz.<\/p>\n<p>De calquera xeito, iso estar\u00e1 a\u00ed o mandato enteiro, co que \u00f3 final, seguramente a declaraci\u00f3n de bens patrimoniais non se axustar\u00e1 \u00f3 que agora se po\u00f1a, pois tendo 17 persoas en catro anos, seguro que alg\u00fans patrimonios cambiar\u00e1n. E para iso est\u00e1 a declaraci\u00f3n, entre outras cousas: para poder comparar de xeito p\u00fablico os patrimonios antes (pola declaraci\u00f3n) e despois (pola visualizaci\u00f3n) de ocupar o cargo. A efectividade? Non sei. Pero, certamente, hai cousas nas que o concello de Ribadeo vai no grupo de cabeza.<\/p>\n","protected":false},"excerpt":{"rendered":"<p>Hoxe ach\u00e9gome \u00e1 web do concello despois de ler o xornal. Nunha das s\u00faas p\u00e1xinas, coa cabeceira &#8216;Rexistro de intereses&#8216; aparecen publicados os intereses dos concelleiros, segundo marca a lei. Polo momento est\u00e1n 14, faltando tres, pero non cabe d\u00fabida de que aparecer\u00e1n en breve. Xa o mandato pasado apareceran de xeito voluntario varios, e [&hellip;]<\/p>\n","protected":false},"author":3,"featured_media":0,"comment_status":"open","ping_status":"closed","sticky":false,"template":"","format":"standard","meta":{"activitypub_content_warning":"","activitypub_content_visibility":"","activitypub_max_image_attachments":3,"activitypub_interaction_policy_quote":"anyone","activitypub_status":"federated","footnotes":""},"categories":[1],"tags":[21,132,13],"class_list":["post-6466","post","type-post","status-publish","format-standard","hentry","category-sen-categoria","tag-economia","tag-eleccions-municipais-2015","tag-politica"],"_links":{"self":[{"href":"https:\/\/blogs.amarinha.gal\/ribadeando\/wp-json\/wp\/v2\/posts\/6466","targetHints":{"allow":["GET"]}}],"collection":[{"href":"https:\/\/blogs.amarinha.gal\/ribadeando\/wp-json\/wp\/v2\/posts"}],"about":[{"href":"https:\/\/blogs.amarinha.gal\/ribadeando\/wp-json\/wp\/v2\/types\/post"}],"author":[{"embeddable":true,"href":"https:\/\/blogs.amarinha.gal\/ribadeando\/wp-json\/wp\/v2\/users\/3"}],"replies":[{"embeddable":true,"href":"https:\/\/blogs.amarinha.gal\/ribadeando\/wp-json\/wp\/v2\/comments?post=6466"}],"version-history":[{"count":0,"href":"https:\/\/blogs.amarinha.gal\/ribadeando\/wp-json\/wp\/v2\/posts\/6466\/revisions"}],"wp:attachment":[{"href":"https:\/\/blogs.amarinha.gal\/ribadeando\/wp-json\/wp\/v2\/media?parent=6466"}],"wp:term":[{"taxonomy":"category","embeddable":true,"href":"https:\/\/blogs.amarinha.gal\/ribadeando\/wp-json\/wp\/v2\/categories?post=6466"},{"taxonomy":"post_tag","embeddable":true,"href":"https:\/\/blogs.amarinha.gal\/ribadeando\/wp-json\/wp\/v2\/tags?post=6466"}],"curies":[{"name":"wp","href":"https:\/\/api.w.org\/{rel}","templated":true}]}}