{"id":6464,"date":"2015-07-16T11:12:00","date_gmt":"2015-07-16T09:12:00","guid":{"rendered":""},"modified":"2024-11-12T13:58:12","modified_gmt":"2024-11-12T12:58:12","slug":"publicacion-5-anos-da-banda-municipal","status":"publish","type":"post","link":"https:\/\/blogs.amarinha.gal\/ribadeando\/2015\/07\/16\/publicacion-5-anos-da-banda-municipal\/","title":{"rendered":"publicaci\u00f3n: 5 anos da Banda Municipal de Ribadeo"},"content":{"rendered":"<p>Hoxe \u00e9 o d\u00eda do Carme. S\u00f3ese comezar algunha lembranza deste d\u00eda felicitando \u00e1s Carmes. Que as\u00ed sexa pois, felicidades!<\/p>\n<p>Ven a cousa a que esa festividade da lugar a unha festa en Tapia, e hoxe hai anos que a Banda Municipal de Ribadeo, ano 1996, foi chamada a Tapia de Casariego a musiquear a inauguraci\u00f3n da nova imaxe da virxe no porto. Literalmente cham\u00f3uselle inauguraci\u00f3n, a\u00ednda que supo\u00f1o, polo que fixo o cura, que m\u00e1is ben ser\u00eda instalaci\u00f3n e bendici\u00f3n da imaxe.<\/p>\n<p><a href=\"https:\/\/blogger.googleusercontent.com\/img\/b\/R29vZ2xl\/AVvXsEh7RK7FzD8Z1Q1QhqZCbKMznSZeQic6nsUTosI99DNP7FwPsB-sWC5KA5IG3y_9RhBQw0xABHcXID7oAaOsxVlz7su0HiGA3N-4IyY5y9GJq2g5Gnhu9B0xkbW_DgvHycODaYMksQ\/s2048\/5_banda_municipal_01.jpg\" imageanchor=\"1\" style=\"margin-left: 1em; margin-right: 1em;\"><img loading=\"lazy\" decoding=\"async\" height=\"640\" src=\"https:\/\/blogger.googleusercontent.com\/img\/b\/R29vZ2xl\/AVvXsEh7RK7FzD8Z1Q1QhqZCbKMznSZeQic6nsUTosI99DNP7FwPsB-sWC5KA5IG3y_9RhBQw0xABHcXID7oAaOsxVlz7su0HiGA3N-4IyY5y9GJq2g5Gnhu9B0xkbW_DgvHycODaYMksQ\/s2048\/5_banda_municipal_01.jpg\" width=\"450\" \/><\/a><\/p>\n<p>O caso \u00e9 que al\u00ed estaba a banda, e iso lembroume que unha das moitas cousas do antigo publicado en Ribadeo que est\u00e1 a\u00ednda sen republicar \u00e9 o libro do V aniversario da banda ribadense, que viu a luz hai 18 anos. Aqu\u00ed queda, en 5 partes, descargable.<\/p>\n<p><a href=\"http:\/\/issuu.com\/agremon\/docs\/cabodano_5_banda_municipal_bl1\">5 anos da Banda Municipal de Ribadeo bl 1<\/a><\/p>\n<p><a href=\"http:\/\/issuu.com\/agremon\/docs\/cabodano_5_banda_municipal_bl2\">5 anos da Banda Municipal de Ribadeo bl 2<\/a><\/p>\n<p><a href=\"http:\/\/issuu.com\/agremon\/docs\/cabodano_5_banda_municipal_bl3\">5 anos da Banda Municipal de Ribadeo bl 3<\/a><\/p>\n<p><a href=\"http:\/\/issuu.com\/agremon\/docs\/cabodano_5_banda_municipal_bl4\">5 anos da Banda Municipal de Ribadeo bl 4<\/a><\/p>\n<p><a href=\"http:\/\/issuu.com\/agremon\/docs\/cabodano_5_banda_municipal_bl5\">5 anos da Banda Municipal de Ribadeo bl 5<\/a><\/p>\n","protected":false},"excerpt":{"rendered":"<p>Hoxe \u00e9 o d\u00eda do Carme. S\u00f3ese comezar algunha lembranza deste d\u00eda felicitando \u00e1s Carmes. Que as\u00ed sexa pois, felicidades! Ven a cousa a que esa festividade da lugar a unha festa en Tapia, e hoxe hai anos que a Banda Municipal de Ribadeo, ano 1996, foi chamada a Tapia de Casariego a musiquear a [&hellip;]<\/p>\n","protected":false},"author":3,"featured_media":0,"comment_status":"open","ping_status":"closed","sticky":false,"template":"","format":"standard","meta":{"activitypub_content_warning":"","activitypub_content_visibility":"","activitypub_max_image_attachments":3,"activitypub_interaction_policy_quote":"anyone","activitypub_status":"federated","footnotes":""},"categories":[1],"tags":[81,23,106],"class_list":["post-6464","post","type-post","status-publish","format-standard","hentry","category-sen-categoria","tag-banda","tag-musica","tag-publicado-en-ribadeo"],"_links":{"self":[{"href":"https:\/\/blogs.amarinha.gal\/ribadeando\/wp-json\/wp\/v2\/posts\/6464","targetHints":{"allow":["GET"]}}],"collection":[{"href":"https:\/\/blogs.amarinha.gal\/ribadeando\/wp-json\/wp\/v2\/posts"}],"about":[{"href":"https:\/\/blogs.amarinha.gal\/ribadeando\/wp-json\/wp\/v2\/types\/post"}],"author":[{"embeddable":true,"href":"https:\/\/blogs.amarinha.gal\/ribadeando\/wp-json\/wp\/v2\/users\/3"}],"replies":[{"embeddable":true,"href":"https:\/\/blogs.amarinha.gal\/ribadeando\/wp-json\/wp\/v2\/comments?post=6464"}],"version-history":[{"count":0,"href":"https:\/\/blogs.amarinha.gal\/ribadeando\/wp-json\/wp\/v2\/posts\/6464\/revisions"}],"wp:attachment":[{"href":"https:\/\/blogs.amarinha.gal\/ribadeando\/wp-json\/wp\/v2\/media?parent=6464"}],"wp:term":[{"taxonomy":"category","embeddable":true,"href":"https:\/\/blogs.amarinha.gal\/ribadeando\/wp-json\/wp\/v2\/categories?post=6464"},{"taxonomy":"post_tag","embeddable":true,"href":"https:\/\/blogs.amarinha.gal\/ribadeando\/wp-json\/wp\/v2\/tags?post=6464"}],"curies":[{"name":"wp","href":"https:\/\/api.w.org\/{rel}","templated":true}]}}