{"id":6462,"date":"2015-07-18T17:12:00","date_gmt":"2015-07-18T15:12:00","guid":{"rendered":""},"modified":"2024-11-12T13:58:08","modified_gmt":"2024-11-12T12:58:08","slug":"plenos-transparencia-acceso-informacion","status":"publish","type":"post","link":"https:\/\/blogs.amarinha.gal\/ribadeando\/2015\/07\/18\/plenos-transparencia-acceso-informacion\/","title":{"rendered":"Plenos: transparencia, acceso \u00e1 informaci\u00f3n&#8230;"},"content":{"rendered":"<p>Na procura de detalles para unha entrada sobre soldos, dec\u00e1tome de algo curioso: as actas do \u00faltimo pleno publicado na web corresponden a un extraordinario urxente de hai 13 meses, feito para a <a href=\"http:\/\/ribadeo.org\/mediateca\/albumes\/imx\/14098990292014_08_Pleno_extraordinario_urxente_11.06.2014_1_.pdf\">reduci\u00f3n dos xuros \u00f3 acollerse \u00f3s plans do estado<\/a>. Se nos remitimos \u00f3s plenos ordinarios, son xa 14 meses os que van a contar nos pr\u00f3ximos d\u00edas.<\/p>\n<p>No mesmo tempo, 14 meses, pasan de 300 as <a href=\"http:\/\/ribadeo.gal\/actualidade\/novas.php?lg=gal\">novas do concello publicadas na web<\/a> (nada que ver con <a href=\"http:\/\/madridvo.madrid.es\/\">madridvo<\/a>). Algunhas, de informaci\u00f3n, si, a\u00ednda que podan conter unha compo\u00f1ente de propaganda; pero moitas \u00e1s que se lle pode po\u00f1er a etiqueta identificativa de propaganda.<\/p>\n<p>Por outra banda, creo que o n\u00famero de plenos ordinarios con convocatoria difundida na web con m\u00e1is de 24 horas nese mesmo per\u00edodo suman un total de 1.<\/p>\n<p>E, entre os plenos publicados danse a\u00ednda hoxe lagoas en relaci\u00f3n a plenos puntuais de hai xa tempo. Velaeiqu\u00ed as ligaz\u00f3ns \u00f3s plenos que aparecen na p\u00e1xina web do concello (al\u00ed est\u00e1n agrupados en p\u00e1xinas independentes por anos; aqu\u00ed xunteinos nunha soa lista para facer patentes as lagoas, conservando a orde que aparece na correspondente p\u00e1xina web do concello dentro de cada ano):<\/p>\n<ul class=\"docs\">\n<li><a href=\"http:\/\/ribadeo.org\/mediateca\/albumes\/imx\/14010930552014_01_Pleno_Ordinario_23_xaneiro_2014.pdf\">Pleno ordinario 23 de xaneiro de 2014<\/a> (\u00faltimo pleno que aparece)<\/li>\n<li><a href=\"http:\/\/ribadeo.org\/mediateca\/albumes\/imx\/14010931472014_02_Pleno_Extraordinario_urxente_Centro_Maiores_26.02.2014.pdf\">Pleno extaordinario urxente de 26 de febreiro de 2014<\/a><\/li>\n<li><a href=\"http:\/\/ribadeo.org\/mediateca\/albumes\/imx\/14010931792014_03_Pleno_Extraordinario_urxente_Centro_Maiores_20.03.2014.pdf\">Pleno extraordinario urxente 20 de marzo de 2014<\/a><\/li>\n<li><a href=\"http:\/\/ribadeo.org\/mediateca\/albumes\/imx\/14010932222014_04_Pleno_ordinario_25.03.2014_PXOM.pdf\">Pleno ordinario de 25 de marzo de 2014<\/a><\/li>\n<li><a href=\"http:\/\/ribadeo.org\/mediateca\/albumes\/imx\/14010932822014_05_Pleno_extraordinario_urxente_22.04.2014_Centro_maiores.pdf\">Pleno extraordinario urxente de 22 de abril de 2014<\/a><\/li>\n<li><a href=\"http:\/\/ribadeo.org\/mediateca\/albumes\/imx\/14010933152014_06_Pleno_extraordinario_26.04.2014_sorteo_mesas_europeas.pdf\">Pleno extraordinario de 26 de abril de 2014<\/a><\/li>\n<li><a href=\"http:\/\/ribadeo.org\/mediateca\/albumes\/imx\/1409898454Pleno_Ordinario_22_de_maio_2014.pdf\">Pleno ordirnario 22 de maio de 2014<\/a><\/li>\n<li><a href=\"http:\/\/ribadeo.org\/mediateca\/albumes\/imx\/14098990292014_08_Pleno_extraordinario_urxente_11.06.2014_1_.pdf\">Pleno extraordinario de 11 de xu\u00f1o de 2014<\/a><\/li>\n<li><a href=\"http:\/\/ribadeo.org\/mediateca\/albumes\/imx\/1361438612Pleno_Ordinario_15.01.2013.pdf\">Pleno Ordinario 18 de xaneiro de 2013<\/a><\/li>\n<li><a href=\"http:\/\/ribadeo.org\/mediateca\/albumes\/imx\/1361962203Pleno_Extraordinario_29_01_2013.pdf\">Pleno Extraordinario 29 xaneiro de 2013<\/a><\/li>\n<li><a href=\"http:\/\/ribadeo.org\/mediateca\/albumes\/imx\/1363597837Pleno_Extraordinario_29_01_2013.pdf\">Pleno extraordinario de 5 de marzo de 2013<\/a><\/li>\n<li><a href=\"http:\/\/ribadeo.org\/mediateca\/albumes\/imx\/13686054302013_04_Pleno_Ordinario_19.03.2013.pdf\">Pleno ordinario 19 de marzo de 2013<\/a><\/li>\n<li><a href=\"http:\/\/ribadeo.org\/mediateca\/albumes\/imx\/1385112613Pleno_Ordinario_21.05.2013.pdf\">Pleno ordinario 21 de maio de 2013<\/a><\/li>\n<li><a href=\"http:\/\/ribadeo.org\/mediateca\/albumes\/imx\/1385110655Pleno_Extraordinario_28.06.2013.pdf\">Pleno Extraordinario 28 de xu\u00f1o de 2013<\/a><\/li>\n<li><a href=\"http:\/\/ribadeo.org\/mediateca\/albumes\/imx\/1385110991Pleno_Ordinario_12.07.2013_PXOM_provisional.pdf\">Pleno Ordinario 12 de xullo 2013  Pxom provisional<\/a><\/li>\n<li><a href=\"http:\/\/ribadeo.org\/mediateca\/albumes\/imx\/1385111273Pleno_Extraordinario_09.08.2013__Medalla_Ouro_Ribadeo_FC.pdf\">Pleno Extraordinario 9 de agosto de 2013 Medalla de ouro<\/a><\/li>\n<li><a href=\"http:\/\/ribadeo.org\/mediateca\/albumes\/imx\/1385111359Pleno_Extraordinario_17.08.2013__entrega_Medalla_Ouro_Ribadeo_FC.pdf\">Pleno Extraordinario 17 de agosto de 2013 Entrega de Medalla de ouro<\/a><\/li>\n<li><a href=\"http:\/\/ribadeo.org\/mediateca\/albumes\/imx\/1385111431Pleno_ordinario_26.09.2013.pdf\">Pleno ordinario de 26 de setembro de 2013<\/a><\/li>\n<li><a href=\"http:\/\/ribadeo.org\/mediateca\/albumes\/imx\/13902994672013_12_Pleno_ordinario_15.11.2013.pdf\">Pleno extraordinario de 15 de novembro de 2013<\/a><\/li>\n<li><a href=\"http:\/\/ribadeo.org\/mediateca\/albumes\/imx\/13902995532013_13_Pleno_extraordinario_a_instancia_PP_05.12.2013.pdf\">Pleno extraordinario de 5 de decembro de 2013<\/a><\/li>\n<li><a href=\"http:\/\/ribadeo.org\/mediateca\/albumes\/imx\/1361438412Pleno_Extraordinario_30.11.2012.pdf\">Pleno extraordianrio de 30 de novembro de 2012<\/a><\/li>\n<li><a href=\"http:\/\/ribadeo.org\/mediateca\/albumes\/imx\/1361438375Pleno_Ordinario_19.11.2012.pdf\">Pleno ordinario de 19 de novembro de 2012<\/a><\/li>\n<li><a href=\"http:\/\/ribadeo.org\/mediateca\/albumes\/imx\/1361438340Pleno_Ordinario_17.09.2012.pdf\">Pleno ordinario de 17 de setembro de 2012<\/a><\/li>\n<li><a href=\"http:\/\/ribadeo.org\/mediateca\/albumes\/imx\/1361437905Pleno_Extraordinario_03.08.2012.pdf\">Pleno ordinario de 3 de agosto de 2012<\/a><\/li>\n<li><a href=\"http:\/\/ribadeo.org\/mediateca\/albumes\/imx\/1361407108Pleno_Extraordinario_22.09.2012_Sorteo_Mesas_Eleccions_Autonomicas.pdf\">Pleno Extraordinario 22 de setembro de 2012. Sorteo Mesas Elecci\u00f3ns Auton\u00f3micas.<\/a><\/li>\n<li><a href=\"http:\/\/ribadeo.org\/mediateca\/albumes\/imx\/1361406934Pleno_Extraordinario_02_09_2012_.Entrega_de_titulos_honorificos.pdf\">Pleno Extraordinario 2 de setembro de 2012. Entrega de t\u00edtulos honor\u00edficos.<\/a><\/li>\n<li><a href=\"http:\/\/ribadeo.gal\/mediateca\/albumes\/imx\/1346742727Pleno_Ordinario_10_07_2012.doc\">Pleno Ordinario de 10 de xullo de 2012<\/a><\/li>\n<li><a href=\"http:\/\/ribadeo.gal\/mediateca\/albumes\/imx\/1346742682Pleno_Ordinario_14_05_2012.doc\">Pleno Ordinario de 14 de maio de 2012<\/a><\/li>\n<li><a href=\"http:\/\/ribadeo.gal\/mediateca\/albumes\/imx\/13353390562012_04_Pleno_Extrardinario_urxente_19_04_2012_residencia_maiores.pdf\">Pleno Extarodinario Urxente de 19 de abril de 2012<\/a><\/li>\n<li><a href=\"http:\/\/ribadeo.gal\/mediateca\/albumes\/imx\/13353390192012_03_Pleno_Extrardinario_urxente_28_03_2012__Plan_de_axuste.pdf\">Pleno Extraordinario Urxente de 28 de marzo de 2012<\/a><\/li>\n<li><a href=\"http:\/\/ribadeo.gal\/mediateca\/albumes\/imx\/13353389212012_02_Pleno_Ordinario_23_03_2012.pdf\">Pleno Ordinario de 29 de marzo de 2012<\/a><\/li>\n<li><a href=\"http:\/\/ribadeo.gal\/mediateca\/albumes\/imx\/13353388002011_16_Pleno_extraordinario_29.12.2011.pdf\">Pleno Extraordinario de 29 de decembro de 2011<\/a><\/li>\n<li><a href=\"http:\/\/ribadeo.gal\/mediateca\/albumes\/imx\/13224818432011_15_pleno_extraordinario_urxente_prtmo__ICO_24_11_2011.doc\">Pleno extraordinario urxente 24 de novembro de 2011<\/a><\/li>\n<li><a href=\"http:\/\/ribadeo.gal\/mediateca\/albumes\/imx\/13224816412011_13__pleno_extraordinario_Ordenanzas_09_11_2011.doc\">Pleno extraordinario 9 de novembro de 2011<\/a><\/li>\n<li><a href=\"http:\/\/ribadeo.gal\/mediateca\/albumes\/imx\/1318941940Pleno_Orzamentos_30.09.2011.pdf\">Pleno extraordinario Orzamentos 30 de setembro de 2011<\/a><\/li>\n<li><a href=\"http:\/\/ribadeo.gal\/mediateca\/albumes\/imx\/13170220382011_10__pleno_ordinario_19.09.2011.doc\">Pleno ordinario de 19 de setembro de 2011<\/a><\/li>\n<li><a href=\"http:\/\/ribadeo.gal\/mediateca\/albumes\/imx\/13170220092011_09__pleno_ordinario_11.07.2011.doc\">Pleno ordinario 11 de xullo de 2011<\/a><\/li>\n<li><a href=\"http:\/\/ribadeo.gal\/mediateca\/albumes\/imx\/13091799332011_08__pleno_15.06.2011_Organizacion_Concello.doc\">Pleno extraordinario 15 de xu\u00f1o de 2011<\/a><\/li>\n<li><a href=\"http:\/\/ribadeo.gal\/mediateca\/albumes\/imx\/13091798802011_07_Pleno_11_06_2011_Constitucion_e_eleccion_Alcalde.doc\">Pleno extraordinario de 11 de xu\u00f1o de 2011<\/a><\/li>\n<li><a href=\"http:\/\/ribadeo.gal\/mediateca\/albumes\/imx\/13091797792011_06_pleno_08.06.2011_aprobacion_actas_remate_mandato.doc\">Pleno extraordinario 8 de xu\u00f1o de 2011<\/a><\/li>\n<li><a href=\"http:\/\/ribadeo.gal\/mediateca\/albumes\/imx\/13091796892011_05_pleno_16.05.2011_Ordinario.doc\">Pleno Extraordinario de 16 de maio 2011<\/a><\/li>\n<li><a href=\"http:\/\/ribadeo.gal\/mediateca\/albumes\/imx\/12978441782011_01_pleno_17_01_2011_Ordinario.pdf\">Pleno ordinario de 17 de xaneiro de 2011<\/a><\/li>\n<li><a href=\"http:\/\/ribadeo.gal\/mediateca\/albumes\/imx\/12687295542010_01_pleno_18_012010_Ordinario.pdf\">Pleno Ordinario 18 de xaneiro de 2010<\/a><\/li>\n<li><a href=\"http:\/\/ribadeo.gal\/mediateca\/albumes\/imx\/12766795682010_02_pleno_15_03_2010_Ordinario.pdf\">Pleno ordinario 15 de marzo de 2010<\/a><\/li>\n<li><a href=\"http:\/\/ribadeo.gal\/mediateca\/albumes\/imx\/12766811212010_03_pleno_10_05_2010_Ordinario.pdf\">Pleno ordinario de 10 de maio de 2010<\/a><\/li>\n<li><a href=\"http:\/\/ribadeo.gal\/mediateca\/albumes\/imx\/12766796422010_04_pleno_18_05_2010_Orzamentos_2010.pdf\">Pleno ordinario 18 de maio de 2010<\/a><\/li>\n<li><a href=\"http:\/\/ribadeo.gal\/mediateca\/albumes\/imx\/12766803032010_05_pleno_Extraordinario_21.05._2010_Cuestion_Confianz%E2%80%A6.pdf\">Pleno extraordinario 21 de maio de 2010<\/a><\/li>\n<li><a href=\"http:\/\/ribadeo.gal\/mediateca\/albumes\/imx\/12766803822010_06_Pleno_extraordinario_07.06.2010_adxudicacion_tramo%E2%80%A6.pdf\">Pleno  ordinario de 7 de xu\u00f1o de 2010<\/a><\/li>\n<li><a href=\"http:\/\/ribadeo.gal\/mediateca\/albumes\/imx\/12936284742010_10_pleno_21.12.2010_Pavillon_deportes.pdf\">Pleno extraordinario 21 de decembro de 2010<\/a><\/li>\n<li><a href=\"http:\/\/ribadeo.gal\/mediateca\/albumes\/imx\/12936284212010_09_pleno_15.11.2010_Ordinario.pdf\">Pleno ordinario 15 de novembro de 2010<\/a><\/li>\n<li><a href=\"http:\/\/ribadeo.gal\/mediateca\/albumes\/imx\/12841108492010_07_pleno_12__07__2010_Ordinario.doc\">Pleno ordinario 12 de xullo de 2010<\/a><\/li>\n<li><a href=\"http:\/\/ribadeo.gal\/mediateca\/albumes\/imx\/12519057952009_11_Pleno_Extraordinario_18.08.2009_Orzamentos_definitivos.pdf\">Pleno Extraordinario de 18 de agosto de 2009<\/a><\/li>\n<li><a href=\"http:\/\/ribadeo.gal\/mediateca\/albumes\/imx\/12519054842009__10_Pleno_29.07.2009_Extraordinario_urxente.pdf\">Pleno Extraordinario Urxente de 29 de xullo de 2009<\/a><\/li>\n<li><a href=\"http:\/\/ribadeo.gal\/mediateca\/albumes\/imx\/12421485112009_03_Pleno_16.03.2009_ordinario.pdf\">Pleno Ordinario de 16 de marzo de 2009<\/a><\/li>\n<li><a href=\"http:\/\/ribadeo.gal\/mediateca\/albumes\/imx\/12421480882009__07_Pleno_11.05.2009_sorte_mesas_europeas_2009.pdf\">Pleno extraordinario de 11 de maio de 2009<\/a><\/li>\n<li><a href=\"http:\/\/ribadeo.gal\/mediateca\/albumes\/imx\/12421488202009__05_Pleno_02.05.2009_Entrega_medalla_de_ouro_C_Sotelo.pdf\">Pleno Extraordinario de  2 de maio de 2009<\/a><\/li>\n<li><a href=\"http:\/\/ribadeo.gal\/mediateca\/albumes\/imx\/12412600462009_04_PLENO_27_ABRIL_2009_Medalla_Calvo_Sotelo.pdf\">Sesi\u00f3n Plenaria de 27 de abril de 2009<\/a><\/li>\n<li><a href=\"http:\/\/ribadeo.gal\/mediateca\/albumes\/imx\/12336510962009_02_Pleno_31.01.2009__sorteo_mesas_.pdf\">Pleno extraordinario de 31 de xaneiro de 2009<\/a><\/li>\n<li><a href=\"http:\/\/ribadeo.gal\/mediateca\/albumes\/imx\/12336482362009_01_Pleno_19.01.2009_Ordinario.pdf\">Pleno Ordinario de 19 de xaneiro de 2009<\/a><\/li>\n<li><a href=\"http:\/\/ribadeo.gal\/mediateca\/albumes\/imx\/12131832452008_01_Pleno_14.01.2008.pdf\">Acta da sesi\u00f3n do pleno ordinario do 14 de xaneiro de 2008<\/a><\/li>\n<li><a href=\"http:\/\/ribadeo.gal\/mediateca\/albumes\/imx\/12131833972008_02_Pleno_09.02.2008.pdf\">Acta da sesi\u00f3n do pleno extraordinario do 9 de febreiro de 2008<\/a><\/li>\n<li><a href=\"http:\/\/ribadeo.gal\/mediateca\/albumes\/imx\/12131834462008_03_Pleno_10.03.2008.pdf\">Acta da sesi\u00f3n do pleno ordinario do 10 de marzo de 2008<\/a><\/li>\n<li><a href=\"http:\/\/ribadeo.gal\/mediateca\/albumes\/imx\/12203502162008_04_Pleno_19.05.2008.pdf\">Acta da sesi\u00f3n do pleno ordinario do 19 de maio de 2008<\/a><\/li>\n<li><a href=\"http:\/\/ribadeo.gal\/mediateca\/albumes\/imx\/12281259072008_06_Pleno__26.06.2008_extraordinaria.pdf\">Acta da sesi\u00f3n do pleno extraordinario do 26 de xu\u00f1o de 2008<\/a><\/li>\n<li><a href=\"http:\/\/ribadeo.gal\/mediateca\/albumes\/imx\/12281260592008_07_Pleno_14.07.2008_ordinario.pdf\">Acta da sesi\u00f3n do pleno ordinario do 14 de xullo de 2008<\/a><\/li>\n<li><a href=\"http:\/\/ribadeo.gal\/mediateca\/albumes\/imx\/12281261202008_08_Pleno_26.08.2008__extraordinaria_.pdf\">Acta da sesi\u00f3n do pleno extraordinario do 26 de agosto de 2008<\/a><\/li>\n<li><a href=\"http:\/\/ribadeo.gal\/mediateca\/albumes\/imx\/12281261662008_09_Pleno_15.09.2008_ordinario.pdf\">Acta da sesi\u00f3n do pleno ordinario do 15 de setembro de 2008<\/a><\/li>\n<li><a href=\"http:\/\/ribadeo.gal\/mediateca\/albumes\/imx\/12281262452008_10_Pleno_24.09.2008_extraordinario_urxente.pdf\">Acta da sesi\u00f3n do pleno extraordinario urxente do 24 de setembro de 2008<\/a><\/li>\n<li><a href=\"http:\/\/ribadeo.gal\/mediateca\/albumes\/imx\/12281263782008_11_Pleno_20.10.2008_extraord.urxente.pdf\">Acta da sesi\u00f3n do pleno extraordinario urxente do 20 de outubro de 2008<\/a><\/li>\n<li><a href=\"http:\/\/ribadeo.gal\/mediateca\/albumes\/imx\/12296932722008_12_Pleno_17.11.2008_Ordinario.pdf\">Acta Pleno 17.11.2008<\/a><\/li>\n<li><a href=\"http:\/\/ribadeo.gal\/mediateca\/albumes\/imx\/12203573772007_01_Pleno_15.01.2007_Ordinario.pdf\">Acta da sesi\u00f3n do pleno ordinario do 15 de xaneiro de 2007<\/a><\/li>\n<li><a href=\"http:\/\/ribadeo.gal\/mediateca\/albumes\/imx\/12203574262007_02_Pleno_12.03.2007_ordinaria.pdf\">Acta da sesi\u00f3n do pleno ordinario do 12 de marzo de 2007<\/a><\/li>\n<li><a href=\"http:\/\/ribadeo.gal\/mediateca\/albumes\/imx\/12203574612007_03_Pleno_21.03.2007_1_extraordinario.pdf\">Acta da sesi\u00f3n do pleno extraordinario do 21 de marzo de 2007 (1)<\/a><\/li>\n<li><a href=\"http:\/\/ribadeo.gal\/mediateca\/albumes\/imx\/12203575612007_05_Pleno_21.03.2007_2_extraordinario.pdf\">Acta da sesi\u00f3n do pleno extraordinario do 21 de marzo de 2007 (2)<\/a><\/li>\n<li><a href=\"http:\/\/ribadeo.gal\/mediateca\/albumes\/imx\/12203575122007_04_Pleno_17.04.2007_extraordinaria.pdf\">Acta da sesi\u00f3n do pleno extraordinario do 17 de abril de 2007<\/a><\/li>\n<li><a href=\"http:\/\/ribadeo.gal\/mediateca\/albumes\/imx\/12203576402007_06_Pleno_24.04.2007_extraordinaria.pdf\">Acta da sesi\u00f3n do pleno extraordinario do 24 de abril de 2007<\/a><\/li>\n<li><a href=\"http:\/\/ribadeo.gal\/mediateca\/albumes\/imx\/12203577462007_07_Pleno_28.04.2007_extraordinaria.pdf\">Acta da sesi\u00f3n extraordinaria do pleno do 28 de abril de 2007<\/a><\/li>\n<li><a href=\"http:\/\/ribadeo.gal\/mediateca\/albumes\/imx\/12203577822007_08_Pleno_21.05.2007_ordinario.pdf\">Acta da sesi\u00f3n do pleno ordinario do 21 de maio de 2007<\/a><\/li>\n<li><a href=\"http:\/\/ribadeo.gal\/mediateca\/albumes\/imx\/12203578182007_09_Pleno_13.06.2007_extraordinario.pdf\">Acta da sesi\u00f3n do pleno extraordinario do 13 de xu\u00f1o de 2007<\/a><\/li>\n<li><a href=\"http:\/\/ribadeo.gal\/mediateca\/albumes\/imx\/12203578602007_10_Pleno_16_06_2007_extraordinario.pdf\">Acta da sesi\u00f3n do pleno extraordinario do 16 de xu\u00f1o de 2007<\/a><\/li>\n<li><a href=\"http:\/\/ribadeo.gal\/mediateca\/albumes\/imx\/12203579172007_11_Pleno_27.06.2007_extraordinario.pdf\">Acta da sesi\u00f3n extraordinaria do pleno do 27 de xu\u00f1o de 2007<\/a><\/li>\n<li><a href=\"http:\/\/ribadeo.gal\/mediateca\/albumes\/imx\/12203579412007_12_Pleno_07.07.2007_extraordinario.pdf\">Acta da sesi\u00f3n do pleno extraordinario do 7 de xullo de 2007<\/a><\/li>\n<li><a href=\"http:\/\/ribadeo.gal\/mediateca\/albumes\/imx\/12203579722007_13_Pleno_16.07._2007_ordinario.pdf\">Acta da sesi\u00f3n do pleno ordinario do 16 de xullo de 2007<\/a><\/li>\n<li><a href=\"http:\/\/ribadeo.gal\/mediateca\/albumes\/imx\/12203580082007_13_Pleno_16.07._2007_ordinario.pdf\">Acta da sesi\u00f3n do pleno ordinario do 17 de xullo de 2007<\/a><\/li>\n<li><a href=\"http:\/\/ribadeo.gal\/mediateca\/albumes\/imx\/12203582182007_14_Pleno_17.09_2007_ordinario.pdf\">Acta da sesi\u00f3n do pleno ordinario do 17 de setembro de 2007<\/a><\/li>\n<li><a href=\"http:\/\/ribadeo.gal\/mediateca\/albumes\/imx\/12203582482007_15_Pleno_24.10.2007_extraordinario.pdf\">Acta da sesi\u00f3n do pleno extraordinario do 24 de outubro de 2007<\/a><\/li>\n<li><a href=\"http:\/\/ribadeo.gal\/mediateca\/albumes\/imx\/12203582952007_16_Pleno_12.11.2007_ordinario.pdf\">Acta da sesi\u00f3n do pleno ordinario do 12 de novembro de 2007<\/a><\/li>\n<li><a href=\"http:\/\/ribadeo.gal\/mediateca\/albumes\/imx\/12203583372007_17_Pleno_28.12.2007_extraordinario.pdf\">Acta da sesi\u00f3n do pleno extraordinario do 28 de decembro de 2007<\/a> <\/li>\n<\/ul>\n<p>M\u00e1is al\u00f3 da propia publicaci\u00f3n das actas est\u00e1 algo que se arrastra dende longo tempo antes: aparecen sen os puntos da orde do d\u00eda a tratar nin un \u00edndice interno, co que hai que procurar onde se trata cada punto a cegas, tanto por a acta concreta como pola parte dela que se procura. Engadimos a isto as referencias cr\u00edpticas, non entendibles por que non estea &#8216;metido&#8217; na historia dos plenos, e atoparemos un efecto disuasorio que non \u00e9 precisamente o que se entende por transparencia ou facilidade de acceso \u00e1 informaci\u00f3n. Algo que se corresponde con outras situaci\u00f3ns na procura de informaci\u00f3n dispo\u00f1ible no concello.<\/p>\n<table cellpadding=\"0\" cellspacing=\"0\" class=\"tr-caption-container\" style=\"float: right; margin-left: 1em; text-align: right;\">\n<tbody>\n<tr>\n<td style=\"text-align: center;\"><a href=\"https:\/\/blogger.googleusercontent.com\/img\/b\/R29vZ2xl\/AVvXsEje50x3bbfJ7JL9412hR2YxUgLwYGqayJYWZMy1CtRdWfe3Nf7dz3k0H61HgVpHRmifCNVvrfdKc5oj6YB2lvH2ID1svZZ5T5MWeoCun9MfNjEOvsDHV9dzjDDCVgMcqs-zRAX11Q\/s2048\/open+knoledge.jpg\" style=\"clear: right; margin-bottom: 1em; margin-left: auto; margin-right: auto;\"><img decoding=\"async\" src=\"https:\/\/blogger.googleusercontent.com\/img\/b\/R29vZ2xl\/AVvXsEje50x3bbfJ7JL9412hR2YxUgLwYGqayJYWZMy1CtRdWfe3Nf7dz3k0H61HgVpHRmifCNVvrfdKc5oj6YB2lvH2ID1svZZ5T5MWeoCun9MfNjEOvsDHV9dzjDDCVgMcqs-zRAX11Q\/s2048\/open+knoledge.jpg\" \/><\/a><\/td>\n<\/tr>\n<tr>\n<td class=\"tr-caption\" style=\"text-align: center;\">collido de <a href=\"https:\/\/okfn.org\/\">https:\/\/okfn.org\/<\/a><\/td>\n<\/tr>\n<\/tbody>\n<\/table>\n<p>Hai tempo que a nivel estatal existe a rama dun grupo <a href=\"https:\/\/okfn.org\/\">okfn<\/a> (<a href=\"http:\/\/okfn.es\/\">okfn.es<\/a>, open knowledge foundation, fundaci\u00f3n para o co\u00f1ecemento aberto) que pode asesorar \u00e1 instituci\u00f3n na apertura da informaci\u00f3n \u00e1 cidadan\u00eda&#8230; se o concello quere, claro!<\/p>\n<p>&#8212;<\/p>\n<p>Unha nota a deshora: D\u00edas depois atopo un escrito meu, de entrada n\u00ba 5636, pasado o 9 de xu\u00f1o de 2010 onde dic\u00eda textualmente: &#8220;<em>(&#8230;) Que a d\u00eda d ehoxe, 9 de xu\u00f1o de 2010, x ahai m\u00e1is dunha semana que est\u00e1 exposta a acta do pleno extraordinario de 21 de maio, pero non as correspondentes \u00f3s ordinarios de maio (18\/5) nin de marzo (15\/3), con acta xa aprobada hai vinte d\u00edas este \u00faltimo,<\/em><\/p>\n<p><em>Polo que<\/em><\/p>\n<p><em>Solicita acceso \u00e1 acta aprobada do pleno de marzo (&#8230;)<\/em>&#8221;<\/p>\n<p>Hoxe est\u00e1n colgadas na web ambas actas pedidas, con sendos documentos xerados o 16 de xu\u00f3, unha semana despois da petici\u00f3n.<\/p>\n<p>&#8212;<\/p>\n<p><a href=\"https:\/\/blogs.amarinha.gal\/ribadeando\/search?q=acta+do+pleno\" rel=\"nofollow noopener\" target=\"_blank\">Actas doutros plenos<\/a>.<\/p>\n","protected":false},"excerpt":{"rendered":"<p>Na procura de detalles para unha entrada sobre soldos, dec\u00e1tome de algo curioso: as actas do \u00faltimo pleno publicado na web corresponden a un extraordinario urxente de hai 13 meses, feito para a reduci\u00f3n dos xuros \u00f3 acollerse \u00f3s plans do estado. Se nos remitimos \u00f3s plenos ordinarios, son xa 14 meses os que van [&hellip;]<\/p>\n","protected":false},"author":3,"featured_media":0,"comment_status":"open","ping_status":"closed","sticky":false,"template":"","format":"standard","meta":{"activitypub_content_warning":"","activitypub_content_visibility":"","activitypub_max_image_attachments":3,"activitypub_interaction_policy_quote":"anyone","activitypub_status":"federated","footnotes":""},"categories":[1],"tags":[42,13],"class_list":["post-6462","post","type-post","status-publish","format-standard","hentry","category-sen-categoria","tag-plenos","tag-politica"],"_links":{"self":[{"href":"https:\/\/blogs.amarinha.gal\/ribadeando\/wp-json\/wp\/v2\/posts\/6462","targetHints":{"allow":["GET"]}}],"collection":[{"href":"https:\/\/blogs.amarinha.gal\/ribadeando\/wp-json\/wp\/v2\/posts"}],"about":[{"href":"https:\/\/blogs.amarinha.gal\/ribadeando\/wp-json\/wp\/v2\/types\/post"}],"author":[{"embeddable":true,"href":"https:\/\/blogs.amarinha.gal\/ribadeando\/wp-json\/wp\/v2\/users\/3"}],"replies":[{"embeddable":true,"href":"https:\/\/blogs.amarinha.gal\/ribadeando\/wp-json\/wp\/v2\/comments?post=6462"}],"version-history":[{"count":0,"href":"https:\/\/blogs.amarinha.gal\/ribadeando\/wp-json\/wp\/v2\/posts\/6462\/revisions"}],"wp:attachment":[{"href":"https:\/\/blogs.amarinha.gal\/ribadeando\/wp-json\/wp\/v2\/media?parent=6462"}],"wp:term":[{"taxonomy":"category","embeddable":true,"href":"https:\/\/blogs.amarinha.gal\/ribadeando\/wp-json\/wp\/v2\/categories?post=6462"},{"taxonomy":"post_tag","embeddable":true,"href":"https:\/\/blogs.amarinha.gal\/ribadeando\/wp-json\/wp\/v2\/tags?post=6462"}],"curies":[{"name":"wp","href":"https:\/\/api.w.org\/{rel}","templated":true}]}}