{"id":6456,"date":"2015-07-28T11:20:00","date_gmt":"2015-07-28T09:20:00","guid":{"rendered":""},"modified":"2024-11-12T13:57:53","modified_gmt":"2024-11-12T12:57:53","slug":"santiago-galicia-y-cierra-espana","status":"publish","type":"post","link":"https:\/\/blogs.amarinha.gal\/ribadeando\/2015\/07\/28\/santiago-galicia-y-cierra-espana\/","title":{"rendered":"Santiago, Galicia&#8230; y cierra Espa\u00f1a?"},"content":{"rendered":"<p>Un novo d\u00eda de Santiago, tam\u00e9n chamado de Galicia, da patria galega (ou sinxelamente, sobreentendendo, da patria), do patr\u00f3n de Espa\u00f1a&#8230; Festividades, advocaci\u00f3ns, sentimentos contraditorios, que \u00e1s veces, mesmo se dan nunha soa persoa.<\/p>\n<table align=\"center\" cellpadding=\"0\" cellspacing=\"0\" class=\"tr-caption-container\" style=\"margin-left: auto; margin-right: auto; text-align: center;\">\n<tbody>\n<tr>\n<td style=\"text-align: center;\"><img loading=\"lazy\" decoding=\"async\" height=\"320\" src=\"https:\/\/upload.wikimedia.org\/wikipedia\/commons\/thumb\/4\/49\/Santiago_y_Cierra_Espa%C3%B1a.jpg\/450px-Santiago_y_Cierra_Espa%C3%B1a.jpg\" width=\"240\" \/><\/td>\n<\/tr>\n<tr>\n<td class=\"tr-caption\" style=\"text-align: center;\">Santiago &#8216;<a href=\"https:\/\/es.wikipedia.org\/wiki\/Santiago_Matamoros\">Matamoros<\/a>&#8216;: a identidade dun estado constru\u00edda fronte a un inimigo. (imaxe de wikipedia)<\/td>\n<\/tr>\n<\/tbody>\n<\/table>\n<p>Te\u00f1o claro que son galego, e que son cidad\u00e1n do mundo, \u00e9 \u00f3 tempo, non atopo contradici\u00f3n niso nin te\u00f1o tan claro que que o meu concepto de galeguidade sexa o mesmo que o doutra xente.<\/p>\n<p>O que si que te\u00f1o claro \u00e9 que o de &#8216;<a href=\"https:\/\/es.wikipedia.org\/wiki\/%C2%A1Santiago_y_cierra,_Espa%C3%B1a!\">Santiago y cierra Espa\u00f1a<\/a>&#8216; non vai comigo. e non tanto polo de Espa\u00f1a, da que \u00f3 fin,te\u00f1o o DNI o mesmo que un valenciano ou un burgal\u00e9s, como o que representa de berro de guerra (parece que consolidado a partires do <a href=\"https:\/\/gl.wikipedia.org\/wiki\/O_enxe%C3%B1oso_fidalgo_Don_Quixote_da_Mancha\">Quixote<\/a> pero a partir dun xerme empregado xa nas <a href=\"https:\/\/gl.wikipedia.org\/wiki\/Batalla_das_Navas_de_Tolosa\">Navas de Tolosa<\/a> ou mesmo en <a href=\"https:\/\/gl.wikipedia.org\/wiki\/Batalla_de_Clavijo\">Clavijo<\/a>). E te\u00f1o que confesar que me preocupou ver nas redes sociais a lembranza de Santiago como patr\u00f3n de Espa\u00f1a en contraposici\u00f3n \u00e1 adxudicaci\u00f3n galega do patroazgo.<\/p>\n","protected":false},"excerpt":{"rendered":"<p>Un novo d\u00eda de Santiago, tam\u00e9n chamado de Galicia, da patria galega (ou sinxelamente, sobreentendendo, da patria), do patr\u00f3n de Espa\u00f1a&#8230; Festividades, advocaci\u00f3ns, sentimentos contraditorios, que \u00e1s veces, mesmo se dan nunha soa persoa. Santiago &#8216;Matamoros&#8216;: a identidade dun estado constru\u00edda fronte a un inimigo. (imaxe de wikipedia) Te\u00f1o claro que son galego, e que [&hellip;]<\/p>\n","protected":false},"author":3,"featured_media":0,"comment_status":"open","ping_status":"closed","sticky":false,"template":"","format":"standard","meta":{"activitypub_content_warning":"","activitypub_content_visibility":"","activitypub_max_image_attachments":3,"activitypub_interaction_policy_quote":"anyone","activitypub_status":"federated","footnotes":""},"categories":[1],"tags":[32,13],"class_list":["post-6456","post","type-post","status-publish","format-standard","hentry","category-sen-categoria","tag-filosofia","tag-politica"],"_links":{"self":[{"href":"https:\/\/blogs.amarinha.gal\/ribadeando\/wp-json\/wp\/v2\/posts\/6456","targetHints":{"allow":["GET"]}}],"collection":[{"href":"https:\/\/blogs.amarinha.gal\/ribadeando\/wp-json\/wp\/v2\/posts"}],"about":[{"href":"https:\/\/blogs.amarinha.gal\/ribadeando\/wp-json\/wp\/v2\/types\/post"}],"author":[{"embeddable":true,"href":"https:\/\/blogs.amarinha.gal\/ribadeando\/wp-json\/wp\/v2\/users\/3"}],"replies":[{"embeddable":true,"href":"https:\/\/blogs.amarinha.gal\/ribadeando\/wp-json\/wp\/v2\/comments?post=6456"}],"version-history":[{"count":0,"href":"https:\/\/blogs.amarinha.gal\/ribadeando\/wp-json\/wp\/v2\/posts\/6456\/revisions"}],"wp:attachment":[{"href":"https:\/\/blogs.amarinha.gal\/ribadeando\/wp-json\/wp\/v2\/media?parent=6456"}],"wp:term":[{"taxonomy":"category","embeddable":true,"href":"https:\/\/blogs.amarinha.gal\/ribadeando\/wp-json\/wp\/v2\/categories?post=6456"},{"taxonomy":"post_tag","embeddable":true,"href":"https:\/\/blogs.amarinha.gal\/ribadeando\/wp-json\/wp\/v2\/tags?post=6456"}],"curies":[{"name":"wp","href":"https:\/\/api.w.org\/{rel}","templated":true}]}}