{"id":6455,"date":"2015-07-29T14:19:00","date_gmt":"2015-07-29T12:19:00","guid":{"rendered":""},"modified":"2024-11-12T13:57:51","modified_gmt":"2024-11-12T12:57:51","slug":"botando-numeros-co-turismo","status":"publish","type":"post","link":"https:\/\/blogs.amarinha.gal\/ribadeando\/2015\/07\/29\/botando-numeros-co-turismo\/","title":{"rendered":"Botando n\u00fameros co turismo"},"content":{"rendered":"<p>Resulta curioso. Barcelona est\u00e1 <a href=\"http:\/\/www.eldiario.es\/zonacritica\/Barcelona-sindrome-Venecia_6_412668745.html\">estudando limitaci\u00f3ns \u00f3 turismo, a un turismo que se come a cidade<\/a>. <a href=\"http:\/\/www.hosteltur.com\/157700_venecia-destino-jaque-turismo-masas-corrupcion.html\">Venecia est\u00e1 sufrindo un movemento importante<\/a> nese sentido: a cidade xa \u00e9 un parque tem\u00e1tico, que ten pasado de 175 000 habitantes hai sesenta anos a 56 000 no 2014 e que espera estar literalmente despoboada cara a 2030, \u00e9 visitada por uns 22 000 000 turistas anuais.<\/p>\n<p>Ribadeo, en porcentaxes, est\u00e1 entre ambas as d\u00faas cifras: <\/p>\n<p><a href=\"https:\/\/gl.wikipedia.org\/wiki\/Barcelona\">Barcelona<\/a> ten no n\u00facleo urbano (o que abrangue o concello, non a &#8216;gran Barcelona&#8217; entre 1,5 e 2 mill\u00f3ns de habitantes, e \u00e9 visitada por entre 2 e 3 mill\u00f3ns de turistas anuais. A ratio turistas\/habitante \u00e9 pois duns 1,5 turistas por habitante e ano.<\/p>\n<p><a href=\"https:\/\/gl.wikipedia.org\/wiki\/Venecia\">Venecia<\/a>, cos datos actuais antes expostos, ten unha ratio duns 400 turistas\/habitante e ano.<\/p>\n<table align=\"center\" cellpadding=\"0\" cellspacing=\"0\" class=\"tr-caption-container\" style=\"margin-left: auto; margin-right: auto; text-align: center;\">\n<tbody>\n<tr>\n<td style=\"text-align: center;\"><a href=\"http:\/\/static.hosteltur.com\/web\/uploads\/2014\/06\/shutterstock_79468921_1.jpg\" imageanchor=\"1\" style=\"margin-left: auto; margin-right: auto;\"><img loading=\"lazy\" decoding=\"async\" src=\"http:\/\/static.hosteltur.com\/web\/uploads\/2014\/06\/shutterstock_79468921_1.jpg\" height=\"418\" width=\"640\" \/><\/a><\/td>\n<\/tr>\n<tr>\n<td class=\"tr-caption\" style=\"text-align: center;\">Imaxe de http:\/\/www.shutterstock.com\/<\/td>\n<\/tr>\n<\/tbody>\n<\/table>\n<p>En Ribadeo, con m\u00e1is de 95 000 persoas pasando o ano pasado polas oficinas de Turismo (centro da vila + catedrais, info facilitada hoxe mesmo pola oficina), a cifra de visitantes non baixa de 200 000 no 2014, o que fai unha ratio superior a 20 turistas\/habitante e ano, considerado o conxunto do concello. No medio xusto entre Barcelona e Venecia.<\/p>\n<p>Evidentemente, Ribadeo non \u00e9 nin Venecia nin Barcelona para o turismo, nin polo que ofrece, nin polo tama\u00f1o nin por outras moitas cousas. Mais xa hai tempo temos falado no blog das terrazas (<a href=\"http:\/\/ribadeando.blogspot.com.es\/2011\/09\/20110919-pleno-i.html\">m\u00e1is de 1000 m2 estimados no 2011<\/a>), por exemplo, ou do <a href=\"http:\/\/ribadeando.blogspot.com.es\/2015\/06\/nota-de-prensa-da-avv-o-teson.html\">uso para turismo privado de propiedades p\u00fablicas<\/a>&#8230; \u00e9 semellante a esas cidades pola influencia na mentalidade da xente? Polas tramas derivadas do turismo? Pola influenza tur\u00edstica? Polo gasto de cada turista? Coido que se levo dicindo moitas veces que debemos falar d<a href=\"http:\/\/ribadeando.blogspot.com.es\/2007\/04\/un-vello-artigo-o-ribadeo-que-queremos.html\">o Ribadeo que queremos<\/a>, cada vez \u00e9 m\u00e1is urxente: se non hai un plan, se non somos conscientes, se non participa todo o pobo, ser\u00e1 casualidade que as cousas saian ben ou a gusto da maior\u00eda.<\/p>\n","protected":false},"excerpt":{"rendered":"<p>Resulta curioso. Barcelona est\u00e1 estudando limitaci\u00f3ns \u00f3 turismo, a un turismo que se come a cidade. Venecia est\u00e1 sufrindo un movemento importante nese sentido: a cidade xa \u00e9 un parque tem\u00e1tico, que ten pasado de 175 000 habitantes hai sesenta anos a 56 000 no 2014 e que espera estar literalmente despoboada cara a 2030, [&hellip;]<\/p>\n","protected":false},"author":3,"featured_media":0,"comment_status":"open","ping_status":"closed","sticky":false,"template":"","format":"standard","meta":{"activitypub_content_warning":"","activitypub_content_visibility":"","activitypub_max_image_attachments":3,"activitypub_interaction_policy_quote":"anyone","activitypub_status":"federated","footnotes":""},"categories":[1],"tags":[33],"class_list":["post-6455","post","type-post","status-publish","format-standard","hentry","category-sen-categoria","tag-o-ribadeo-que-queremos"],"_links":{"self":[{"href":"https:\/\/blogs.amarinha.gal\/ribadeando\/wp-json\/wp\/v2\/posts\/6455","targetHints":{"allow":["GET"]}}],"collection":[{"href":"https:\/\/blogs.amarinha.gal\/ribadeando\/wp-json\/wp\/v2\/posts"}],"about":[{"href":"https:\/\/blogs.amarinha.gal\/ribadeando\/wp-json\/wp\/v2\/types\/post"}],"author":[{"embeddable":true,"href":"https:\/\/blogs.amarinha.gal\/ribadeando\/wp-json\/wp\/v2\/users\/3"}],"replies":[{"embeddable":true,"href":"https:\/\/blogs.amarinha.gal\/ribadeando\/wp-json\/wp\/v2\/comments?post=6455"}],"version-history":[{"count":0,"href":"https:\/\/blogs.amarinha.gal\/ribadeando\/wp-json\/wp\/v2\/posts\/6455\/revisions"}],"wp:attachment":[{"href":"https:\/\/blogs.amarinha.gal\/ribadeando\/wp-json\/wp\/v2\/media?parent=6455"}],"wp:term":[{"taxonomy":"category","embeddable":true,"href":"https:\/\/blogs.amarinha.gal\/ribadeando\/wp-json\/wp\/v2\/categories?post=6455"},{"taxonomy":"post_tag","embeddable":true,"href":"https:\/\/blogs.amarinha.gal\/ribadeando\/wp-json\/wp\/v2\/tags?post=6455"}],"curies":[{"name":"wp","href":"https:\/\/api.w.org\/{rel}","templated":true}]}}