{"id":6444,"date":"2015-08-21T11:19:00","date_gmt":"2015-08-21T09:19:00","guid":{"rendered":""},"modified":"2024-11-12T13:57:33","modified_gmt":"2024-11-12T12:57:33","slug":"o-que-eu-debo-o-que-ti-debes-mais-o-que","status":"publish","type":"post","link":"https:\/\/blogs.amarinha.gal\/ribadeando\/2015\/08\/21\/o-que-eu-debo-o-que-ti-debes-mais-o-que\/","title":{"rendered":"O que eu debo, o que ti debes, m\u00e1is o que el debe"},"content":{"rendered":"<p>Remato de ver nun xornal unha nova non destacada entre as outras: un representante popular, isto \u00e9, un cargo electo representando \u00f3 pobo en Madrid, declara deber 1,5 M\u20ac \u00f3s bancos.<\/p>\n<p>Estamos \u00f3 final dun mandato (a\u00ednda que neste caso, creo lembrar que era un senador, co que estar\u00eda \u00f3 comezo da s\u00faa estad\u00eda na c\u00e1mara, electo non directamente polo pobo, sen\u00f3n a traverso dunha estrutura intermedia) e xa hai hai anos, un quinquenio, que <a href=\"http:\/\/ribadeando.blogspot.com.es\/2013\/12\/27-de-setembro-dia-da-constitucion.html\" target=\"_blank\" rel=\"noopener\">os dous \u201cgrandes partidos\u201d se puxeron de acordo para cambiar a constituci\u00f3n e asegurar as\u00ed a un m\u00e1ximo nivel legal o pago da d\u00e9beda<\/a> acompa\u00f1ando \u00f3 d\u00e9ficit cero (algo que entendo que non se est\u00e1 a cumprir, pero que o estado est\u00e1 tentando obrigar a instituci\u00f3ns m\u00e1is pequenas) para deixar de ter d\u00e9bedas como estado, asegurando os cartos alleos por riba dos dereitos propios. M\u00e1is al\u00f3 de que os nosos gobernantes incumpran as leis que nos impo\u00f1en [asombro: a constituci\u00f3n \u00e9 intocable polo pobo, din, a\u00ednda que fora o pobo que a aprobou, pero &#8216;eles&#8217; poden variala sen consultar a quen a aprobou]. O caso \u00e9 que nolas impo\u00f1en, pero est\u00e1 visto que non se as impo\u00f1en a si mesmos&#8230;<\/p>\n<p>Andamos coa d\u00e9beda das administraci\u00f3ns (= \u201cP\u00fablica\u201d) sobre o 100% de produto interior bruto. \u00c9 dicir, a administraci\u00f3n debe unha cantidade equivalente a toda a produci\u00f3n anual espa\u00f1ola, inclu\u00eddas algunhas cousas dende a \u00faltima reforma, que deixan un pouco perplexo (\u00e9 o rendemento da prostituci\u00f3n un \u201cproduto interior bruto\u201d?). Por certo, que entendo que deste xeito, logrouse baixar algo a \u201cporcentaxe da d\u00e9beda\/PIB&#8221;, que non a d\u00e9beda en si.<\/p>\n<table cellpadding=\"0\" cellspacing=\"0\" class=\"tr-caption-container\" style=\"float: right; margin-left: 1em; text-align: right;\">\n<tbody>\n<tr>\n<td style=\"text-align: center;\"><a href=\"https:\/\/blogger.googleusercontent.com\/img\/b\/R29vZ2xl\/AVvXsEjsSa5DSHlmuwmk9F06VWRQl1N0UGNih3Da6vgIx_Zo7BvJVmeUU0XjT3sxX04KvRgIa-bvqYIKhhBDTMLCtN2ufYu-4Xi7vQFSXD2ij9L2ACyWfDmSxAeWF1CMS0U7dqOHUar2mQ\/s2048\/tarxeta+electr%25C3%25B3nica.jpg\" imageanchor=\"1\" style=\"clear: right; margin-bottom: 1em; margin-left: auto; margin-right: auto;\"><img loading=\"lazy\" decoding=\"async\" height=\"198\" src=\"https:\/\/blogger.googleusercontent.com\/img\/b\/R29vZ2xl\/AVvXsEjsSa5DSHlmuwmk9F06VWRQl1N0UGNih3Da6vgIx_Zo7BvJVmeUU0XjT3sxX04KvRgIa-bvqYIKhhBDTMLCtN2ufYu-4Xi7vQFSXD2ij9L2ACyWfDmSxAeWF1CMS0U7dqOHUar2mQ\/s2048\/tarxeta+electr%25C3%25B3nica.jpg\" width=\"320\" \/><\/a><\/td>\n<\/tr>\n<tr>\n<td class=\"tr-caption\" style=\"text-align: center;\">&#8216;Tarxeta electr\u00f3nica&#8217;, de http:\/\/gl.wikipedia.org<\/td>\n<\/tr>\n<\/tbody>\n<\/table>\n<p>Ben, pois resulta, volvendo \u00f3 comezo, que algu\u00e9n co soldo medio en Espa\u00f1a necesitar\u00eda uns 100 anos para, adi\u0107andolle integramente os emolumentos, poder pagar unha d\u00e9beda semellante. \u00c9 de supo\u00f1er que un se\u00f1or as\u00ed ten ingresos por riba da media (o soldo dos representantes populares, ao menos), pero tam\u00e9n que de p\u00e9 a pensar que o ser representante popular da facilidades de renegociaci\u00f3n persoal&#8230; en contra da doctrina oficial (v\u00e9xase Grecia) onde a moeda de cambio ser\u00eda o noso ser, a traverso de constrici\u00f3ns legais.<\/p>\n<p>Ogall\u00e1 me equivoque, pero as posibilidades de facer unha cousa semellante \u00f3 que remato de apuntar aumentan moito cunha d\u00e9beda en contra do esp\u00edrito que os propios lexisladores te\u00f1en artellado para que o que \u00e9 de todos. Logo, en teor\u00eda, para todos.<\/p>\n","protected":false},"excerpt":{"rendered":"<p>Remato de ver nun xornal unha nova non destacada entre as outras: un representante popular, isto \u00e9, un cargo electo representando \u00f3 pobo en Madrid, declara deber 1,5 M\u20ac \u00f3s bancos. Estamos \u00f3 final dun mandato (a\u00ednda que neste caso, creo lembrar que era un senador, co que estar\u00eda \u00f3 comezo da s\u00faa estad\u00eda na [&hellip;]<\/p>\n","protected":false},"author":3,"featured_media":0,"comment_status":"open","ping_status":"closed","sticky":false,"template":"","format":"standard","meta":{"activitypub_content_warning":"","activitypub_content_visibility":"","activitypub_max_image_attachments":3,"activitypub_interaction_policy_quote":"anyone","activitypub_status":"federated","footnotes":""},"categories":[1],"tags":[32,13],"class_list":["post-6444","post","type-post","status-publish","format-standard","hentry","category-sen-categoria","tag-filosofia","tag-politica"],"_links":{"self":[{"href":"https:\/\/blogs.amarinha.gal\/ribadeando\/wp-json\/wp\/v2\/posts\/6444","targetHints":{"allow":["GET"]}}],"collection":[{"href":"https:\/\/blogs.amarinha.gal\/ribadeando\/wp-json\/wp\/v2\/posts"}],"about":[{"href":"https:\/\/blogs.amarinha.gal\/ribadeando\/wp-json\/wp\/v2\/types\/post"}],"author":[{"embeddable":true,"href":"https:\/\/blogs.amarinha.gal\/ribadeando\/wp-json\/wp\/v2\/users\/3"}],"replies":[{"embeddable":true,"href":"https:\/\/blogs.amarinha.gal\/ribadeando\/wp-json\/wp\/v2\/comments?post=6444"}],"version-history":[{"count":0,"href":"https:\/\/blogs.amarinha.gal\/ribadeando\/wp-json\/wp\/v2\/posts\/6444\/revisions"}],"wp:attachment":[{"href":"https:\/\/blogs.amarinha.gal\/ribadeando\/wp-json\/wp\/v2\/media?parent=6444"}],"wp:term":[{"taxonomy":"category","embeddable":true,"href":"https:\/\/blogs.amarinha.gal\/ribadeando\/wp-json\/wp\/v2\/categories?post=6444"},{"taxonomy":"post_tag","embeddable":true,"href":"https:\/\/blogs.amarinha.gal\/ribadeando\/wp-json\/wp\/v2\/tags?post=6444"}],"curies":[{"name":"wp","href":"https:\/\/api.w.org\/{rel}","templated":true}]}}