{"id":6440,"date":"2015-08-26T15:53:00","date_gmt":"2015-08-26T13:53:00","guid":{"rendered":""},"modified":"2024-11-12T13:57:21","modified_gmt":"2024-11-12T12:57:21","slug":"con-ribadeo-na-mirada","status":"publish","type":"post","link":"https:\/\/blogs.amarinha.gal\/ribadeando\/2015\/08\/26\/con-ribadeo-na-mirada\/","title":{"rendered":"Con Ribadeo na mirada"},"content":{"rendered":"<p>Vexo unha nova en praza.gal: ata 10 veci\u00f1os poder\u00e1n intervir nos plenos. Fixo falta que unha marea chegara \u00f3 concello para que sucedera, pero as\u00ed \u00e9: <a href=\"http:\/\/www.coruna.es\/servlet\/ContentServer?argIdioma=gl&amp;c=Page&amp;pagename=CorunaPortal%2FPage%2FGenerico-Page-Generica&amp;cid=1440465106598\" target=\"_blank\" rel=\"noopener\">aparece na web do concello coru\u00f1\u00e9s<\/a>. Poden presentarse no seu propio nome ou como representantes asociativos.<\/p>\n<p>En ribadeo levamos 10 anos que, a ra\u00edz dunha iniciativa de O Tes\u00f3n, perm\u00edtese preguntar a asociaci\u00f3ns _s\u00f3- por escrito para ser respondidos despois do pleno, con algunha limitaci\u00f3n m\u00e1is. O mecanismo ten dado p\u00e9 a que alg\u00fan concelleiro se levantara antes das respostas -rematara o pleno- a que quedaran preguntas sen responde dun pleno para outro e para outro, a que as respostas non tiveran moito que ver coas preguntas (\u00f3 fin, non se pode facer axustes posteriores&#8230;) \u00e9 dicir, algo as\u00ed como a representaci\u00f3n da importancia que os pol\u00edticos do momento dan\/deron \u00f3 pobo<\/p>\n<p>Cambiar\u00e1 tam\u00e9n en Ribadeo? esperemos.<\/p>\n","protected":false},"excerpt":{"rendered":"<p>Vexo unha nova en praza.gal: ata 10 veci\u00f1os poder\u00e1n intervir nos plenos. Fixo falta que unha marea chegara \u00f3 concello para que sucedera, pero as\u00ed \u00e9: aparece na web do concello coru\u00f1\u00e9s. Poden presentarse no seu propio nome ou como representantes asociativos. En ribadeo levamos 10 anos que, a ra\u00edz dunha iniciativa de O Tes\u00f3n, [&hellip;]<\/p>\n","protected":false},"author":3,"featured_media":0,"comment_status":"open","ping_status":"closed","sticky":false,"template":"","format":"standard","meta":{"activitypub_content_warning":"","activitypub_content_visibility":"","activitypub_max_image_attachments":3,"activitypub_interaction_policy_quote":"anyone","activitypub_status":"federated","footnotes":""},"categories":[1],"tags":[42,13],"class_list":["post-6440","post","type-post","status-publish","format-standard","hentry","category-sen-categoria","tag-plenos","tag-politica"],"_links":{"self":[{"href":"https:\/\/blogs.amarinha.gal\/ribadeando\/wp-json\/wp\/v2\/posts\/6440","targetHints":{"allow":["GET"]}}],"collection":[{"href":"https:\/\/blogs.amarinha.gal\/ribadeando\/wp-json\/wp\/v2\/posts"}],"about":[{"href":"https:\/\/blogs.amarinha.gal\/ribadeando\/wp-json\/wp\/v2\/types\/post"}],"author":[{"embeddable":true,"href":"https:\/\/blogs.amarinha.gal\/ribadeando\/wp-json\/wp\/v2\/users\/3"}],"replies":[{"embeddable":true,"href":"https:\/\/blogs.amarinha.gal\/ribadeando\/wp-json\/wp\/v2\/comments?post=6440"}],"version-history":[{"count":0,"href":"https:\/\/blogs.amarinha.gal\/ribadeando\/wp-json\/wp\/v2\/posts\/6440\/revisions"}],"wp:attachment":[{"href":"https:\/\/blogs.amarinha.gal\/ribadeando\/wp-json\/wp\/v2\/media?parent=6440"}],"wp:term":[{"taxonomy":"category","embeddable":true,"href":"https:\/\/blogs.amarinha.gal\/ribadeando\/wp-json\/wp\/v2\/categories?post=6440"},{"taxonomy":"post_tag","embeddable":true,"href":"https:\/\/blogs.amarinha.gal\/ribadeando\/wp-json\/wp\/v2\/tags?post=6440"}],"curies":[{"name":"wp","href":"https:\/\/api.w.org\/{rel}","templated":true}]}}