{"id":6434,"date":"2015-09-06T10:51:00","date_gmt":"2015-09-06T08:51:00","guid":{"rendered":""},"modified":"2024-11-12T13:57:13","modified_gmt":"2024-11-12T12:57:13","slug":"non-e-festa","status":"publish","type":"post","link":"https:\/\/blogs.amarinha.gal\/ribadeando\/2015\/09\/06\/non-e-festa\/","title":{"rendered":"Non \u00e9 festa"},"content":{"rendered":"<p>Te\u00f1o localizado os restos dun devolto nouturno sen limpar de hai cousa dun mes. O concello foi avisado, pero al\u00f3 segue. Restos de &#8216;festa&#8217;, si. Indesexables. Permitidos. Sen paliar.<\/p>\n<p>V\u00e9xoos case t\u00f3dolos d\u00edas. Hoxe tr\u00e1ioos a colaci\u00f3n despois de ter dado unha volta por Ribadeo, con algunha cousa que non deixa de ser sorprendente por m\u00e1is que repetida.<\/p>\n<p>Un v\u00eddeo do parque de amadora Su\u00e1rez Couto, na r\/Pintor Fierros, tomado esta mesma ma\u00f1\u00e1:<\/p>\n<p><iframe loading=\"lazy\" allowfullscreen=\"\" frameborder=\"0\" height=\"480\" src=\"https:\/\/www.youtube.com\/embed\/NLxoL31aacs\" width=\"640\"><\/iframe><\/p>\n<p>Pero&#8230; en Ribadeo non estaba controlado o botell\u00f3n? Calquera que viva en certas zonas sabe que nin o botel\u00f3n, nin os vaos f\u00f3ra dos locais, nin os berros cos locais abertos ou pechados (ou sen sabelo, que o horario de apertura debe ser segredo de estado e por eso o concello non responde a petici\u00f3ns de informaci\u00f3n)<\/p>\n<p>Do ru\u00eddo moito m\u00e1is se poder\u00eda dicir, pero sen ferir sensibilidades nin de feirantes nin de hostaleiros, cabe preguntarse por exemplo cantos m\u00fasicos ambulantes (permitidos, non sei se autorizados) non usan altofalantes. Claro que, despois de que un concello veci\u00f1o enviara o venres abondo tempo, e mesmo pasando por diante do concello, un coche co seu logotipo e con altofalantes a anunciar unha feira&#8230; (para quen non este\u00f1a informado, segundo a normativa municipal s\u00f3 poder\u00e1n ser usados altofalantes en caso de necesidade)<\/p>\n<p><iframe loading=\"lazy\" allowfullscreen=\"\" frameborder=\"0\" height=\"480\" src=\"https:\/\/www.youtube.com\/embed\/_J8p2BSUzxk\" width=\"640\"><\/iframe><\/p>\n","protected":false},"excerpt":{"rendered":"<p>Te\u00f1o localizado os restos dun devolto nouturno sen limpar de hai cousa dun mes. O concello foi avisado, pero al\u00f3 segue. Restos de &#8216;festa&#8217;, si. Indesexables. Permitidos. Sen paliar. V\u00e9xoos case t\u00f3dolos d\u00edas. Hoxe tr\u00e1ioos a colaci\u00f3n despois de ter dado unha volta por Ribadeo, con algunha cousa que non deixa de ser sorprendente por [&hellip;]<\/p>\n","protected":false},"author":3,"featured_media":0,"comment_status":"open","ping_status":"closed","sticky":false,"template":"","format":"standard","meta":{"activitypub_content_warning":"","activitypub_content_visibility":"","activitypub_max_image_attachments":3,"activitypub_interaction_policy_quote":"anyone","activitypub_status":"federated","footnotes":""},"categories":[1],"tags":[25,32,13],"class_list":["post-6434","post","type-post","status-publish","format-standard","hentry","category-sen-categoria","tag-festas","tag-filosofia","tag-politica"],"_links":{"self":[{"href":"https:\/\/blogs.amarinha.gal\/ribadeando\/wp-json\/wp\/v2\/posts\/6434","targetHints":{"allow":["GET"]}}],"collection":[{"href":"https:\/\/blogs.amarinha.gal\/ribadeando\/wp-json\/wp\/v2\/posts"}],"about":[{"href":"https:\/\/blogs.amarinha.gal\/ribadeando\/wp-json\/wp\/v2\/types\/post"}],"author":[{"embeddable":true,"href":"https:\/\/blogs.amarinha.gal\/ribadeando\/wp-json\/wp\/v2\/users\/3"}],"replies":[{"embeddable":true,"href":"https:\/\/blogs.amarinha.gal\/ribadeando\/wp-json\/wp\/v2\/comments?post=6434"}],"version-history":[{"count":0,"href":"https:\/\/blogs.amarinha.gal\/ribadeando\/wp-json\/wp\/v2\/posts\/6434\/revisions"}],"wp:attachment":[{"href":"https:\/\/blogs.amarinha.gal\/ribadeando\/wp-json\/wp\/v2\/media?parent=6434"}],"wp:term":[{"taxonomy":"category","embeddable":true,"href":"https:\/\/blogs.amarinha.gal\/ribadeando\/wp-json\/wp\/v2\/categories?post=6434"},{"taxonomy":"post_tag","embeddable":true,"href":"https:\/\/blogs.amarinha.gal\/ribadeando\/wp-json\/wp\/v2\/tags?post=6434"}],"curies":[{"name":"wp","href":"https:\/\/api.w.org\/{rel}","templated":true}]}}