{"id":6420,"date":"2015-09-28T07:58:00","date_gmt":"2015-09-28T05:58:00","guid":{"rendered":""},"modified":"2024-11-12T13:56:44","modified_gmt":"2024-11-12T12:56:44","slug":"29-non-18-si","status":"publish","type":"post","link":"https:\/\/blogs.amarinha.gal\/ribadeando\/2015\/09\/28\/29-non-18-si\/","title":{"rendered":"29 non, 18 si"},"content":{"rendered":"<p>Si, xa sei que hoxe o tema son as elecci\u00f3ns catalanas, pero con toda a s\u00faa influencia en Ribadeo, que a te\u00f1en, os n\u00fameros do t\u00edtulo non representan votos nin porcentaxes referentes a elas.&nbsp; Son algo m\u00e1is &#8216;de aqu\u00ed&#8217;.<\/p>\n<p>Resulta que onte coll\u00edn un &#8216;\u00c1gape&#8217;, a revista da parroquia, onde aparec\u00edan certos n\u00fameros referidos a todo Ribadeo, \u00e1s parroquias do concello, durante os meses de abril a xu\u00f1o, o segundo trimestre do ano. N\u00fameros que indican os servizos prestados. Os do t\u00edtulo, 29 non, 18 si, representan algo as\u00ed como os que xa non est\u00e1n entre n\u00f3s e os que xa est\u00e1n entre n\u00f3s: a grande maior\u00eda da xente segue a requerir os servizos da igrexa para rematar a s\u00faa morte e para dar a benvida \u00e1 vida. E, se facemos unha extrapolaci\u00f3n \u00f3 ano, resultar\u00edan 116 non, 72 si: cifras aproximadas \u00e1s de defunci\u00f3n e nacementos do ano pasado, que seguramente tam\u00e9n o ser\u00e1n \u00e1s deste. Case un d\u00e9ficit de 50 ribadenses \u00f3 ano, sen contar os movementos migratorios, e equivalente \u00e1 capacidade da nova residencia de anci\u00e1ns. Ou se se quere, unha taxa de reposici\u00f3n de xente dun 60%. Por suposto non \u00e9 a primeira vez que se di, nin que o digo: algo as\u00ed como un suicidio como pobo. Que nos invaden, din alg\u00fans. Coido que tam\u00e9n (m\u00e1is apropiado) se pode pensar que est\u00e1n a ocupar o terreo que deixamos.<\/p>\n<p><a href=\"https:\/\/blogger.googleusercontent.com\/img\/b\/R29vZ2xl\/AVvXsEidb1ed7Z_3qQyH_RKKmvNrAew4DXU7hW0Em-nz-RzcPl0NlM3pIuVeVgFLftFJ2K1lhGv4_ys17Kg8_6cQBv-1XezybA_Oh-IbyCObR8DB3Ao4MGhgPB8Pq3wRLADEwKGVn9Gfog\/s2048\/Poboaci%25C3%25B3n+de+Ribadeo+sen+migraci%25C3%25B3ns.png\" imageanchor=\"1\" style=\"margin-left: 1em; margin-right: 1em;\"><img loading=\"lazy\" decoding=\"async\" height=\"532\" src=\"https:\/\/blogger.googleusercontent.com\/img\/b\/R29vZ2xl\/AVvXsEidb1ed7Z_3qQyH_RKKmvNrAew4DXU7hW0Em-nz-RzcPl0NlM3pIuVeVgFLftFJ2K1lhGv4_ys17Kg8_6cQBv-1XezybA_Oh-IbyCObR8DB3Ao4MGhgPB8Pq3wRLADEwKGVn9Gfog\/s2048\/Poboaci%25C3%25B3n+de+Ribadeo+sen+migraci%25C3%25B3ns.png\" width=\"640\" \/><\/a><\/p>\n","protected":false},"excerpt":{"rendered":"<p>Si, xa sei que hoxe o tema son as elecci\u00f3ns catalanas, pero con toda a s\u00faa influencia en Ribadeo, que a te\u00f1en, os n\u00fameros do t\u00edtulo non representan votos nin porcentaxes referentes a elas.&nbsp; Son algo m\u00e1is &#8216;de aqu\u00ed&#8217;. Resulta que onte coll\u00edn un &#8216;\u00c1gape&#8217;, a revista da parroquia, onde aparec\u00edan certos n\u00fameros referidos a [&hellip;]<\/p>\n","protected":false},"author":3,"featured_media":0,"comment_status":"open","ping_status":"closed","sticky":false,"template":"","format":"standard","meta":{"activitypub_content_warning":"","activitypub_content_visibility":"","activitypub_max_image_attachments":3,"activitypub_interaction_policy_quote":"anyone","activitypub_status":"federate","footnotes":""},"categories":[1],"tags":[32],"class_list":["post-6420","post","type-post","status-publish","format-standard","hentry","category-sen-categoria","tag-filosofia"],"_links":{"self":[{"href":"https:\/\/blogs.amarinha.gal\/ribadeando\/wp-json\/wp\/v2\/posts\/6420","targetHints":{"allow":["GET"]}}],"collection":[{"href":"https:\/\/blogs.amarinha.gal\/ribadeando\/wp-json\/wp\/v2\/posts"}],"about":[{"href":"https:\/\/blogs.amarinha.gal\/ribadeando\/wp-json\/wp\/v2\/types\/post"}],"author":[{"embeddable":true,"href":"https:\/\/blogs.amarinha.gal\/ribadeando\/wp-json\/wp\/v2\/users\/3"}],"replies":[{"embeddable":true,"href":"https:\/\/blogs.amarinha.gal\/ribadeando\/wp-json\/wp\/v2\/comments?post=6420"}],"version-history":[{"count":0,"href":"https:\/\/blogs.amarinha.gal\/ribadeando\/wp-json\/wp\/v2\/posts\/6420\/revisions"}],"wp:attachment":[{"href":"https:\/\/blogs.amarinha.gal\/ribadeando\/wp-json\/wp\/v2\/media?parent=6420"}],"wp:term":[{"taxonomy":"category","embeddable":true,"href":"https:\/\/blogs.amarinha.gal\/ribadeando\/wp-json\/wp\/v2\/categories?post=6420"},{"taxonomy":"post_tag","embeddable":true,"href":"https:\/\/blogs.amarinha.gal\/ribadeando\/wp-json\/wp\/v2\/tags?post=6420"}],"curies":[{"name":"wp","href":"https:\/\/api.w.org\/{rel}","templated":true}]}}