{"id":6418,"date":"2015-10-01T08:02:00","date_gmt":"2015-10-01T06:02:00","guid":{"rendered":""},"modified":"2024-11-12T13:56:40","modified_gmt":"2024-11-12T12:56:40","slug":"incendios","status":"publish","type":"post","link":"https:\/\/blogs.amarinha.gal\/ribadeando\/2015\/10\/01\/incendios\/","title":{"rendered":"Incendios"},"content":{"rendered":"<p>Coa estrutrua de mando dun concello p\u00f3dese estar m\u00e1is ou menos de acordo, ou discutir as s\u00faas ideas e ordes. Pero cando se trata dalgunha cousa como o apresar a quen est\u00e1 a prender lume na estrada cara \u00e1 veiga, a unanimidade \u00e9 a \u00fanica resposta posible. Lev\u00e1bamos xa alg\u00fan tempo se conatos de <a href=\"http:\/\/ribadeo.gal\/actualidade\/nova.php?id=1897&amp;lg=gal\" target=\"_blank\" rel=\"noopener\">incendio<\/a> na zona, e velaiqu\u00ed que xa temos outro para apuntar na lista.<\/p>\n<table align=\"center\" cellpadding=\"0\" cellspacing=\"0\" class=\"tr-caption-container\" style=\"margin-left: auto; margin-right: auto; text-align: center;\">\n<tbody>\n<tr>\n<td style=\"text-align: center;\"><a href=\"https:\/\/blogger.googleusercontent.com\/img\/b\/R29vZ2xl\/AVvXsEijvbcQKPegi_sMdC9OQv373dk-WX8pdRjcVv613RG0wLOLUjVLuj0quFFvM5vQfpXUhxiSVzWLL5c6RRFO9q1JmUqId6nThZLqx2FsSfYwO2Rdx_xW-r8d5gStmS91UbT_V9ChuA\/s2048\/incendio.png\" imageanchor=\"1\" style=\"margin-left: auto; margin-right: auto;\"><img loading=\"lazy\" decoding=\"async\" height=\"640\" src=\"https:\/\/blogger.googleusercontent.com\/img\/b\/R29vZ2xl\/AVvXsEijvbcQKPegi_sMdC9OQv373dk-WX8pdRjcVv613RG0wLOLUjVLuj0quFFvM5vQfpXUhxiSVzWLL5c6RRFO9q1JmUqId6nThZLqx2FsSfYwO2Rdx_xW-r8d5gStmS91UbT_V9ChuA\/s2048\/incendio.png\" width=\"548\" \/><\/a><\/td>\n<\/tr>\n<tr>\n<td class=\"tr-caption\" style=\"text-align: center;\">Lugar onde se atopa unha zona queimada correspondente a un dos incendios dos \u00faltimos meses. Mapa de openstreetmap.<\/td>\n<\/tr>\n<\/tbody>\n<\/table>\n<p>O alcalde chama a comunicar calquera informaci\u00f3n sobre os incendios \u00e1 Guarcia Civil ou a Polic\u00eda Local. Boto en falta que comunique os seus n\u00fameros, que quiz\u00e1is deberan ser sabidos, pero non o son, a\u00ednda que tampouco son ning\u00fan secreto por estar accesibles en diversos lugares: 982 128 048 (GC) e 982 120 714 \/ 689 55 00 55 (PL), a m\u00e1is do de Protecci\u00f3n Civil, 659 942 158.<\/p>\n<p>Polo demais, sen facer un seguemento extensivo, ch\u00e1mame a atenci\u00f3n que non se producen a altas horas da noite, sen\u00f3n a horas normais, como se quen quixera queimar o fixera de paso que vai ou ven, sen molestarse moito.<\/p>\n","protected":false},"excerpt":{"rendered":"<p>Coa estrutrua de mando dun concello p\u00f3dese estar m\u00e1is ou menos de acordo, ou discutir as s\u00faas ideas e ordes. Pero cando se trata dalgunha cousa como o apresar a quen est\u00e1 a prender lume na estrada cara \u00e1 veiga, a unanimidade \u00e9 a \u00fanica resposta posible. Lev\u00e1bamos xa alg\u00fan tempo se conatos de incendio [&hellip;]<\/p>\n","protected":false},"author":3,"featured_media":0,"comment_status":"open","ping_status":"closed","sticky":false,"template":"","format":"standard","meta":{"activitypub_content_warning":"","activitypub_content_visibility":"","activitypub_max_image_attachments":3,"activitypub_interaction_policy_quote":"anyone","activitypub_status":"federate","footnotes":""},"categories":[1],"tags":[9],"class_list":["post-6418","post","type-post","status-publish","format-standard","hentry","category-sen-categoria","tag-sociedade"],"_links":{"self":[{"href":"https:\/\/blogs.amarinha.gal\/ribadeando\/wp-json\/wp\/v2\/posts\/6418","targetHints":{"allow":["GET"]}}],"collection":[{"href":"https:\/\/blogs.amarinha.gal\/ribadeando\/wp-json\/wp\/v2\/posts"}],"about":[{"href":"https:\/\/blogs.amarinha.gal\/ribadeando\/wp-json\/wp\/v2\/types\/post"}],"author":[{"embeddable":true,"href":"https:\/\/blogs.amarinha.gal\/ribadeando\/wp-json\/wp\/v2\/users\/3"}],"replies":[{"embeddable":true,"href":"https:\/\/blogs.amarinha.gal\/ribadeando\/wp-json\/wp\/v2\/comments?post=6418"}],"version-history":[{"count":0,"href":"https:\/\/blogs.amarinha.gal\/ribadeando\/wp-json\/wp\/v2\/posts\/6418\/revisions"}],"wp:attachment":[{"href":"https:\/\/blogs.amarinha.gal\/ribadeando\/wp-json\/wp\/v2\/media?parent=6418"}],"wp:term":[{"taxonomy":"category","embeddable":true,"href":"https:\/\/blogs.amarinha.gal\/ribadeando\/wp-json\/wp\/v2\/categories?post=6418"},{"taxonomy":"post_tag","embeddable":true,"href":"https:\/\/blogs.amarinha.gal\/ribadeando\/wp-json\/wp\/v2\/tags?post=6418"}],"curies":[{"name":"wp","href":"https:\/\/api.w.org\/{rel}","templated":true}]}}