{"id":6416,"date":"2015-10-04T12:13:00","date_gmt":"2015-10-04T10:13:00","guid":{"rendered":""},"modified":"2024-11-12T13:56:37","modified_gmt":"2024-11-12T12:56:37","slug":"as-catedrais-si-ou-non","status":"publish","type":"post","link":"https:\/\/blogs.amarinha.gal\/ribadeando\/2015\/10\/04\/as-catedrais-si-ou-non\/","title":{"rendered":"As catedrais, si ou non?"},"content":{"rendered":"<p>Entre o ateigamento veraniego e a tranquilade (que non vac\u00edo) outonal, qu\u00e9dome co segundo. Onte, a pouco m\u00e1is de media marea, no aparcamento catedralicio axunt\u00e1banse preto de 100 coches. A praia non estaba baleira, non. Pero not\u00e1base algo: do impedimento e vixiancia do ver\u00e1n non quedaba rastro. A praia estaba desprotexida de novo.<\/p>\n<p>Non sei se un cambio tan brusco do &#8216;todo&#8217; (m\u00e1is ou menos) \u00f3 &#8216;nada&#8217; (sen o m\u00e1is ou menos) ven ben para &#8216;a protecci\u00f3n do areal&#8217; da que tanto se leva falado .Levo recollido moitas <a href=\"http:\/\/ribadeando.blogspot.com.es\/search\/label\/Catedrais\" target=\"_blank\" rel=\"noopener\">entradas en relaci\u00f3n \u00e1s catedrais<\/a>, pero, despois de anos de afluencia incontrolada de visitantes e un de tres meses de control (dir\u00eda m\u00e1is ben, de fiscalizaci\u00f3n), a consideraci\u00f3n xeral de actuaci\u00f3n non parece ter variado moito, as medidas tomadas parecen non ter alma, esprito de procurar o mellor a longo prazo; todo o m\u00e1is, de sa\u00edr do paso.<\/p>\n<table align=\"center\" cellpadding=\"0\" cellspacing=\"0\" class=\"tr-caption-container\" style=\"margin-left: auto; margin-right: auto; text-align: center;\">\n<tbody>\n<tr>\n<td style=\"text-align: center;\"><a href=\"https:\/\/blogger.googleusercontent.com\/img\/b\/R29vZ2xl\/AVvXsEgZNjBl377atUDQDD4z0q9XnViWAWvi8zyGYIRnIVN25ktRPNE-w9UgF9wSO87PPt9jIHtAfixO-5tQMOxm6iVwiKS1YVi_fawFdXs1FQFpzEPcigS902qGisDfZGxcGhHcNBMjsw\/s2048\/Catedrais.jpg\" imageanchor=\"1\" style=\"margin-left: auto; margin-right: auto;\"><img loading=\"lazy\" decoding=\"async\" height=\"252\" src=\"https:\/\/blogger.googleusercontent.com\/img\/b\/R29vZ2xl\/AVvXsEgZNjBl377atUDQDD4z0q9XnViWAWvi8zyGYIRnIVN25ktRPNE-w9UgF9wSO87PPt9jIHtAfixO-5tQMOxm6iVwiKS1YVi_fawFdXs1FQFpzEPcigS902qGisDfZGxcGhHcNBMjsw\/s2048\/Catedrais.jpg\" width=\"640\" \/><\/a><\/td>\n<\/tr>\n<tr>\n<td class=\"tr-caption\" style=\"text-align: center;\">A zona das catedrais, no Sigpac<\/td>\n<\/tr>\n<\/tbody>\n<\/table>\n","protected":false},"excerpt":{"rendered":"<p>Entre o ateigamento veraniego e a tranquilade (que non vac\u00edo) outonal, qu\u00e9dome co segundo. Onte, a pouco m\u00e1is de media marea, no aparcamento catedralicio axunt\u00e1banse preto de 100 coches. A praia non estaba baleira, non. Pero not\u00e1base algo: do impedimento e vixiancia do ver\u00e1n non quedaba rastro. A praia estaba desprotexida de novo. Non sei [&hellip;]<\/p>\n","protected":false},"author":3,"featured_media":0,"comment_status":"open","ping_status":"closed","sticky":false,"template":"","format":"standard","meta":{"activitypub_content_warning":"","activitypub_content_visibility":"","activitypub_max_image_attachments":3,"activitypub_interaction_policy_quote":"anyone","activitypub_status":"federate","footnotes":""},"categories":[1],"tags":[105],"class_list":["post-6416","post","type-post","status-publish","format-standard","hentry","category-sen-categoria","tag-catedrais"],"_links":{"self":[{"href":"https:\/\/blogs.amarinha.gal\/ribadeando\/wp-json\/wp\/v2\/posts\/6416","targetHints":{"allow":["GET"]}}],"collection":[{"href":"https:\/\/blogs.amarinha.gal\/ribadeando\/wp-json\/wp\/v2\/posts"}],"about":[{"href":"https:\/\/blogs.amarinha.gal\/ribadeando\/wp-json\/wp\/v2\/types\/post"}],"author":[{"embeddable":true,"href":"https:\/\/blogs.amarinha.gal\/ribadeando\/wp-json\/wp\/v2\/users\/3"}],"replies":[{"embeddable":true,"href":"https:\/\/blogs.amarinha.gal\/ribadeando\/wp-json\/wp\/v2\/comments?post=6416"}],"version-history":[{"count":0,"href":"https:\/\/blogs.amarinha.gal\/ribadeando\/wp-json\/wp\/v2\/posts\/6416\/revisions"}],"wp:attachment":[{"href":"https:\/\/blogs.amarinha.gal\/ribadeando\/wp-json\/wp\/v2\/media?parent=6416"}],"wp:term":[{"taxonomy":"category","embeddable":true,"href":"https:\/\/blogs.amarinha.gal\/ribadeando\/wp-json\/wp\/v2\/categories?post=6416"},{"taxonomy":"post_tag","embeddable":true,"href":"https:\/\/blogs.amarinha.gal\/ribadeando\/wp-json\/wp\/v2\/tags?post=6416"}],"curies":[{"name":"wp","href":"https:\/\/api.w.org\/{rel}","templated":true}]}}