{"id":6402,"date":"2015-10-15T08:03:00","date_gmt":"2015-10-15T06:03:00","guid":{"rendered":""},"modified":"2024-11-12T13:56:15","modified_gmt":"2024-11-12T12:56:15","slug":"fotos-de-ribadeo-serie-os-desastres-da","status":"publish","type":"post","link":"https:\/\/blogs.amarinha.gal\/ribadeando\/2015\/10\/15\/fotos-de-ribadeo-serie-os-desastres-da\/","title":{"rendered":"Fotos de Ribadeo. Serie &#8216;os desastres da guerra&#8217;"},"content":{"rendered":"<p>A primeira foto non pertence \u00e1 serie. \u00c9 dunha novidade de antes da ponte, que foi xa <a href=\"http:\/\/ribadeando.blogspot.com.es\/2015\/10\/razones-de-la-permanencia-espiritual-de.html\" target=\"_blank\" rel=\"noopener\">presentada no blog<\/a> en imaxe como boceto:<\/p>\n<p><a href=\"https:\/\/blogger.googleusercontent.com\/img\/b\/R29vZ2xl\/AVvXsEjfBJNg-nsHrXFfdPVi1fNRH8XD1Z2NwZsMdUrqPRMWeuimvM_8XS9yXffdPL7YMUFiZKxOrdm0BsM4plyD7HNuba4CvWwf57qHK0Uhdyn8P29sUZoQ8ZFQKa0N7DUEiOowm1ZNcw\/s2048\/expositor.jpg\" imageanchor=\"1\" style=\"margin-left: 1em; margin-right: 1em;\"><img loading=\"lazy\" decoding=\"async\" height=\"640\" src=\"https:\/\/blogger.googleusercontent.com\/img\/b\/R29vZ2xl\/AVvXsEjfBJNg-nsHrXFfdPVi1fNRH8XD1Z2NwZsMdUrqPRMWeuimvM_8XS9yXffdPL7YMUFiZKxOrdm0BsM4plyD7HNuba4CvWwf57qHK0Uhdyn8P29sUZoQ8ZFQKa0N7DUEiOowm1ZNcw\/s2048\/expositor.jpg\" width=\"480\" \/><\/a><\/p>\n<p>Pode parecer raro que estea funcionando e coa valla. Cousas das pr\u00e9sas, pois pola parte de atr\u00e1s v\u00e9se a\u00ednda o seu interior, s\u00f3 separado por un vidro e que non quedar\u00e1 as\u00ed. De calquera xeito, os adoqu\u00edns que se aprezanna beira corresponden con outros a\u00ednda sen asegurar, e mesmo con outros m\u00e1is, xa no parque, en circunstancias parellas.<\/p>\n<p>Nese lugar (podo bautizalo co nome de &#8216;<em>propagador<\/em>&#8216;, en &#8220;funci\u00f3n da s\u00faa funci\u00f3n&#8221;?) seguro que non aparecer\u00e1n fotos como as que ve\u00f1en a continuaci\u00f3n, a\u00ednda que pertenzan a &#8216;desastres pequenos&#8217;, non arquitect\u00f3nicos, de moitos euros, etc. Seguramente, fotos do estilo, semellantes, hainas en todos os pobos, pero ser\u00eda cousa de que non as houbera en ning\u00fan, e p\u00f3dese facer. Neste caso, recolleunas unha amiga, e poder\u00eda po\u00f1er m\u00e1is do mesmo d\u00eda, pero coido que cos desastres presentados, chega.<\/p>\n<p><a href=\"https:\/\/blogger.googleusercontent.com\/img\/b\/R29vZ2xl\/AVvXsEgHfdlOMpetRvckGSQ1ae4q3eUKUN6UA92arcTtWk9An7UZX0u5k1CfsH5l3ydgfKYnGrFuQJJ3wEUbeeOpGOQ9OEAet-MHng0gee4iVGhsWRGa8iWUTczdR8DoO6yDG05fQ9Chog\/s2048\/recollida+selectiva+2.jpg\" imageanchor=\"1\" style=\"margin-left: 1em; margin-right: 1em;\"><img loading=\"lazy\" decoding=\"async\" height=\"394\" src=\"https:\/\/blogger.googleusercontent.com\/img\/b\/R29vZ2xl\/AVvXsEgHfdlOMpetRvckGSQ1ae4q3eUKUN6UA92arcTtWk9An7UZX0u5k1CfsH5l3ydgfKYnGrFuQJJ3wEUbeeOpGOQ9OEAet-MHng0gee4iVGhsWRGa8iWUTczdR8DoO6yDG05fQ9Chog\/s2048\/recollida+selectiva+2.jpg\" width=\"640\" \/><\/a><\/p>\n<p>R\/Ram\u00f3n Gonz\u00e1lez, d\u00faas visi\u00f3ns dun mesmo problema: a falta de recollida selectiva. Os chicles pegados na r\u00faa son outro problema, de tratamento diferente.<\/p>\n<p><a href=\"https:\/\/blogger.googleusercontent.com\/img\/b\/R29vZ2xl\/AVvXsEju5nzEeWrJffWZV0b9zukJGaHTzTxVfS99G6B9O21a4YzDXXlJzgRvhfMgPhL684YpKWc-rZIStAB_GtrnBp8BPUpWv5TIN-oZABB-kmtaU2Hss4CMjMVRAKIfG0NmB7y044sRJA\/s2048\/recollida+selectiva.jpg\" imageanchor=\"1\" style=\"margin-left: 1em; margin-right: 1em;\"><img loading=\"lazy\" decoding=\"async\" height=\"172\" src=\"https:\/\/blogger.googleusercontent.com\/img\/b\/R29vZ2xl\/AVvXsEju5nzEeWrJffWZV0b9zukJGaHTzTxVfS99G6B9O21a4YzDXXlJzgRvhfMgPhL684YpKWc-rZIStAB_GtrnBp8BPUpWv5TIN-oZABB-kmtaU2Hss4CMjMVRAKIfG0NmB7y044sRJA\/s2048\/recollida+selectiva.jpg\" width=\"640\" \/><\/a><\/p>\n<p>Avda. Rosal\u00eda de Castro, aparcadoiro provisional\/municipal, convertido en vertedoiro privado na s\u00faa beira (do interior, o que se emprega para aparcar, &#8216;outro d\u00eda podemos falar&#8217;). Queres unha tele?<\/p>\n<p><a href=\"https:\/\/blogger.googleusercontent.com\/img\/b\/R29vZ2xl\/AVvXsEi1CkhM-iG5r5XglkQPD_3XF9SdhXJ-19UhXFIlqzLCjpBFQcM4BZAgZMTtkt99f4uoq1FDC8eZUCJGeuWhr_V69J_RxuNhAvbgfbeJV2ga-lRxcftova9cWFmQyTGUVf6GSQVQiA\/s2048\/Televisor.jpg\" imageanchor=\"1\" style=\"margin-left: 1em; margin-right: 1em;\"><img loading=\"lazy\" decoding=\"async\" height=\"358\" src=\"https:\/\/blogger.googleusercontent.com\/img\/b\/R29vZ2xl\/AVvXsEi1CkhM-iG5r5XglkQPD_3XF9SdhXJ-19UhXFIlqzLCjpBFQcM4BZAgZMTtkt99f4uoq1FDC8eZUCJGeuWhr_V69J_RxuNhAvbgfbeJV2ga-lRxcftova9cWFmQyTGUVf6GSQVQiA\/s2048\/Televisor.jpg\" width=\"640\" \/><\/a><\/p>\n<p><a href=\"https:\/\/blogger.googleusercontent.com\/img\/b\/R29vZ2xl\/AVvXsEhsIN9oHncZExdfLCt6KwQGTa-JRt1-oQi6XKnNucMZx36pgw1lmXnE35hfs-4dHot1UWwwPZYx2li57aGGshAZds2zyDfYQ3tfGxrb8ZjGiAZwFe2emlG3SjmXK-y1FfS1BfBjvw\/s2048\/Televisor_posici%25C3%25B3n.jpg\" imageanchor=\"1\" style=\"margin-left: 1em; margin-right: 1em;\"><img loading=\"lazy\" decoding=\"async\" height=\"358\" src=\"https:\/\/blogger.googleusercontent.com\/img\/b\/R29vZ2xl\/AVvXsEhsIN9oHncZExdfLCt6KwQGTa-JRt1-oQi6XKnNucMZx36pgw1lmXnE35hfs-4dHot1UWwwPZYx2li57aGGshAZds2zyDfYQ3tfGxrb8ZjGiAZwFe2emlG3SjmXK-y1FfS1BfBjvw\/s2048\/Televisor_posici%25C3%25B3n.jpg\" width=\"640\" \/><\/a><\/p>\n<p>A tele case non se ve dende alg\u00fans \u00e1ngulos. Dende outros, o lixo doutro tipo aparece m\u00e1is claro.<\/p>\n<p><a href=\"https:\/\/blogger.googleusercontent.com\/img\/b\/R29vZ2xl\/AVvXsEgzhj3ywHrPkHTOFKjGxt_tNEeAhHQPKLdAo1W1T5NQ7gCOGGm5I0OP-0j_3aqAGRCMr-FKvpTFDSKeH8gDvY7pjUhbmNbhBK2FdIHnooK8JthAn6hleVtEnpc3oGCoYDiRxt0cWg\/s2048\/aparcadoiro.jpg\" imageanchor=\"1\" style=\"margin-left: 1em; margin-right: 1em;\"><img loading=\"lazy\" decoding=\"async\" height=\"274\" src=\"https:\/\/blogger.googleusercontent.com\/img\/b\/R29vZ2xl\/AVvXsEgzhj3ywHrPkHTOFKjGxt_tNEeAhHQPKLdAo1W1T5NQ7gCOGGm5I0OP-0j_3aqAGRCMr-FKvpTFDSKeH8gDvY7pjUhbmNbhBK2FdIHnooK8JthAn6hleVtEnpc3oGCoYDiRxt0cWg\/s2048\/aparcadoiro.jpg\" width=\"640\" \/><\/a><\/p>\n<p>Marcharon os turistas\/visitantes. Quedamos os de aqu\u00ed. A limpeza afecta a uns e a outros, a\u00ednda que \u00e9 m\u00e1is doado que a vexamos os que m\u00e1is cami\u00f1amos polas r\u00faas do pobo.<\/p>\n","protected":false},"excerpt":{"rendered":"<p>A primeira foto non pertence \u00e1 serie. \u00c9 dunha novidade de antes da ponte, que foi xa presentada no blog en imaxe como boceto: Pode parecer raro que estea funcionando e coa valla. Cousas das pr\u00e9sas, pois pola parte de atr\u00e1s v\u00e9se a\u00ednda o seu interior, s\u00f3 separado por un vidro e que non quedar\u00e1 [&hellip;]<\/p>\n","protected":false},"author":3,"featured_media":0,"comment_status":"open","ping_status":"closed","sticky":false,"template":"","format":"standard","meta":{"activitypub_content_warning":"","activitypub_content_visibility":"","activitypub_max_image_attachments":3,"activitypub_interaction_policy_quote":"anyone","activitypub_status":"federated","footnotes":""},"categories":[1],"tags":[9],"class_list":["post-6402","post","type-post","status-publish","format-standard","hentry","category-sen-categoria","tag-sociedade"],"_links":{"self":[{"href":"https:\/\/blogs.amarinha.gal\/ribadeando\/wp-json\/wp\/v2\/posts\/6402","targetHints":{"allow":["GET"]}}],"collection":[{"href":"https:\/\/blogs.amarinha.gal\/ribadeando\/wp-json\/wp\/v2\/posts"}],"about":[{"href":"https:\/\/blogs.amarinha.gal\/ribadeando\/wp-json\/wp\/v2\/types\/post"}],"author":[{"embeddable":true,"href":"https:\/\/blogs.amarinha.gal\/ribadeando\/wp-json\/wp\/v2\/users\/3"}],"replies":[{"embeddable":true,"href":"https:\/\/blogs.amarinha.gal\/ribadeando\/wp-json\/wp\/v2\/comments?post=6402"}],"version-history":[{"count":0,"href":"https:\/\/blogs.amarinha.gal\/ribadeando\/wp-json\/wp\/v2\/posts\/6402\/revisions"}],"wp:attachment":[{"href":"https:\/\/blogs.amarinha.gal\/ribadeando\/wp-json\/wp\/v2\/media?parent=6402"}],"wp:term":[{"taxonomy":"category","embeddable":true,"href":"https:\/\/blogs.amarinha.gal\/ribadeando\/wp-json\/wp\/v2\/categories?post=6402"},{"taxonomy":"post_tag","embeddable":true,"href":"https:\/\/blogs.amarinha.gal\/ribadeando\/wp-json\/wp\/v2\/tags?post=6402"}],"curies":[{"name":"wp","href":"https:\/\/api.w.org\/{rel}","templated":true}]}}