{"id":6395,"date":"2015-10-20T07:52:00","date_gmt":"2015-10-20T05:52:00","guid":{"rendered":""},"modified":"2024-11-12T13:55:57","modified_gmt":"2024-11-12T12:55:57","slug":"sen-mobilizacion-lei-non-e-nada","status":"publish","type":"post","link":"https:\/\/blogs.amarinha.gal\/ribadeando\/2015\/10\/20\/sen-mobilizacion-lei-non-e-nada\/","title":{"rendered":"Sen mobilizaci\u00f3n, a lei non \u00e9 nada"},"content":{"rendered":"<p>Esta ma\u00f1\u00e1 veu \u00e1 mi\u00f1a cabeza unha frase que lin a semana pasada, con orixe en Bruno Bertolio, sindicalista uruguaio, a conto da evoluci\u00f3n po\u00edtica, social e econ\u00f3mica no seu pa\u00eds. \u00c9 sinxela e intuitiva. \u00c9 a que serve de t\u00edtulo a esta entrada: Sen mobilizaci\u00f3n, a lei non \u00e9 nada.<\/p>\n<p>A\u00ednda as\u00ed, necesita algunha aclaraci\u00f3n. Non \u00e9 o mesmo unha lei inspirada polo pobo, que ten que verse mobilizado para que se exerza, que outra inspirada dende o poder, que s\u00f3 ten que po\u00f1er en marcha a maquinaria de relaci\u00f3ns (como moito).<\/p>\n<table align=\"center\" cellpadding=\"0\" cellspacing=\"0\" class=\"tr-caption-container\" style=\"margin-left: auto; margin-right: auto; text-align: center;\">\n<tbody>\n<tr>\n<td style=\"text-align: center;\"><a href=\"https:\/\/blogger.googleusercontent.com\/img\/b\/R29vZ2xl\/AVvXsEgZk-pvd6JTfPGoinBS_2bJSYHwC1xgMrXopMGbmi5oTyguM-FbPRA89o5RV0vKyXnApZo0MY4Bmg_jhnzYKuLVQi6WcBIQEmNki7NOMRCMdi4UmCfx1zVHoVxtDil19d2GkbRdVA\/s2048\/Vacuum_cleaner_1910.JPG\" imageanchor=\"1\" style=\"margin-left: auto; margin-right: auto;\"><img loading=\"lazy\" decoding=\"async\" height=\"640\" src=\"https:\/\/blogger.googleusercontent.com\/img\/b\/R29vZ2xl\/AVvXsEgZk-pvd6JTfPGoinBS_2bJSYHwC1xgMrXopMGbmi5oTyguM-FbPRA89o5RV0vKyXnApZo0MY4Bmg_jhnzYKuLVQi6WcBIQEmNki7NOMRCMdi4UmCfx1zVHoVxtDil19d2GkbRdVA\/s2048\/Vacuum_cleaner_1910.JPG\" width=\"426\" \/><\/a><\/td>\n<\/tr>\n<tr>\n<td class=\"tr-caption\" style=\"text-align: center;\">&#8220;Vacuum cleaner 1910&#8221; by The Regina Company &#8211; The National Geographic Magazine. Licensed under PD-US via Wikipedia &#8211; https:\/\/en.wikipedia.org\/wiki\/File:Vacuum_cleaner_1910.JPG#\/media\/File:Vacuum_cleaner_1910.JPG<\/td>\n<\/tr>\n<\/tbody>\n<\/table>\n<p>Unha lei pode ser moi boa, pero como non te\u00f1a un mantemento, un coidado, un cultivo, como calquera cousa viva, remata morrendo, perd\u00e9ndose, ben por desuso, ben sinxelamente por cambio.<\/p>\n<p>\u00c9 algo que estamos a comprobar por estes lares: se non estamos mobilizados en base a unha concienciaci\u00f3n, mesmo se po\u00f1en &#8216;impostos \u00f3 Sol&#8217;, que non son tal, sen\u00f3n un roubo de cartos e posibilidades, unha transferencia vital e de recursos dunha extensa parte da sociedade a outra, abondo m\u00e1is reducida e con vantaxe de sa\u00edda, que act\u00faa de aspiradora. Por certo que, como na imaxe, a &#8216;aspiradora&#8217; ten sempre algu\u00e9n que a manexa; \u00e1s veces, algu\u00e9n de aluguer.<\/p>\n<p>&#8212;<\/p>\n<p>Posterior: esta <a href=\"http:\/\/www.galiciadigital.com\/opinion\/opinion.14173.php\" target=\"_blank\" rel=\"noopener\">entrada en Galicia Dixital<\/a><\/p>\n","protected":false},"excerpt":{"rendered":"<p>Esta ma\u00f1\u00e1 veu \u00e1 mi\u00f1a cabeza unha frase que lin a semana pasada, con orixe en Bruno Bertolio, sindicalista uruguaio, a conto da evoluci\u00f3n po\u00edtica, social e econ\u00f3mica no seu pa\u00eds. \u00c9 sinxela e intuitiva. \u00c9 a que serve de t\u00edtulo a esta entrada: Sen mobilizaci\u00f3n, a lei non \u00e9 nada. A\u00ednda as\u00ed, necesita algunha [&hellip;]<\/p>\n","protected":false},"author":3,"featured_media":0,"comment_status":"open","ping_status":"closed","sticky":false,"template":"","format":"standard","meta":{"activitypub_content_warning":"","activitypub_content_visibility":"","activitypub_max_image_attachments":3,"activitypub_interaction_policy_quote":"anyone","activitypub_status":"federate","footnotes":""},"categories":[1],"tags":[32],"class_list":["post-6395","post","type-post","status-publish","format-standard","hentry","category-sen-categoria","tag-filosofia"],"_links":{"self":[{"href":"https:\/\/blogs.amarinha.gal\/ribadeando\/wp-json\/wp\/v2\/posts\/6395","targetHints":{"allow":["GET"]}}],"collection":[{"href":"https:\/\/blogs.amarinha.gal\/ribadeando\/wp-json\/wp\/v2\/posts"}],"about":[{"href":"https:\/\/blogs.amarinha.gal\/ribadeando\/wp-json\/wp\/v2\/types\/post"}],"author":[{"embeddable":true,"href":"https:\/\/blogs.amarinha.gal\/ribadeando\/wp-json\/wp\/v2\/users\/3"}],"replies":[{"embeddable":true,"href":"https:\/\/blogs.amarinha.gal\/ribadeando\/wp-json\/wp\/v2\/comments?post=6395"}],"version-history":[{"count":0,"href":"https:\/\/blogs.amarinha.gal\/ribadeando\/wp-json\/wp\/v2\/posts\/6395\/revisions"}],"wp:attachment":[{"href":"https:\/\/blogs.amarinha.gal\/ribadeando\/wp-json\/wp\/v2\/media?parent=6395"}],"wp:term":[{"taxonomy":"category","embeddable":true,"href":"https:\/\/blogs.amarinha.gal\/ribadeando\/wp-json\/wp\/v2\/categories?post=6395"},{"taxonomy":"post_tag","embeddable":true,"href":"https:\/\/blogs.amarinha.gal\/ribadeando\/wp-json\/wp\/v2\/tags?post=6395"}],"curies":[{"name":"wp","href":"https:\/\/api.w.org\/{rel}","templated":true}]}}