{"id":6377,"date":"2015-11-05T08:02:00","date_gmt":"2015-11-05T07:02:00","guid":{"rendered":""},"modified":"2024-11-12T13:55:18","modified_gmt":"2024-11-12T12:55:18","slug":"a-relatividade-do-tempo-en-ribadeo","status":"publish","type":"post","link":"https:\/\/blogs.amarinha.gal\/ribadeando\/2015\/11\/05\/a-relatividade-do-tempo-en-ribadeo\/","title":{"rendered":"A relatividade do tempo en Ribadeo"},"content":{"rendered":"<p>Hai tres semanas, publicaba o artigo <a href=\"http:\/\/ribadeando.blogspot.com.es\/2015\/10\/fotos-de-ribadeo-serie-os-desastres-da.html\" target=\"_blank\" rel=\"noopener\">Fotos de Ribadeo. Serie &#8216;os desastres da guerra&#8217;<\/a>, no que inclu\u00eda entre outras estas fotos de Ram\u00f3n Gonz\u00e1lez e do aparcadoiro de Rosal\u00eda de Castro:<\/p>\n<p><a href=\"https:\/\/blogger.googleusercontent.com\/img\/b\/R29vZ2xl\/AVvXsEh7xgbU8xUGdEQbgJ9pJb6BHIWimCpT3qB6fs4IlGjWfFHtR6h_alKy_6DfA2KOU4b9GxKTMiaUsDwYm6rIwuYxXrXfMeSbP7DPUhXNdxRHFTiKxzDDUIAvFZuA0kBLC6XBjQL-rQ\/s2048\/recollida+selectiva+2.jpg\" imageanchor=\"1\" style=\"margin-left: 1em; margin-right: 1em;\"><img loading=\"lazy\" decoding=\"async\" height=\"394\" src=\"https:\/\/blogger.googleusercontent.com\/img\/b\/R29vZ2xl\/AVvXsEh7xgbU8xUGdEQbgJ9pJb6BHIWimCpT3qB6fs4IlGjWfFHtR6h_alKy_6DfA2KOU4b9GxKTMiaUsDwYm6rIwuYxXrXfMeSbP7DPUhXNdxRHFTiKxzDDUIAvFZuA0kBLC6XBjQL-rQ\/s2048\/recollida+selectiva+2.jpg\" width=\"640\" \/><\/a><\/p>\n<p><a href=\"https:\/\/blogger.googleusercontent.com\/img\/b\/R29vZ2xl\/AVvXsEhHmjoq5bg8wuVTSTgj7cVZr7I0_Y7NsqOTv34KZ3NlwcS9RlAjbFmfU16PwgZwaUbVxu_i4w57WPEvBj-ZanirHgFrIdKVF83kEso6HRMOnAeSdcV_Tg1_ltTLMvimfFcrFwwMEA\/s2048\/Televisor.jpg\" imageanchor=\"1\" style=\"margin-left: 1em; margin-right: 1em;\"><img loading=\"lazy\" decoding=\"async\" height=\"358\" src=\"https:\/\/blogger.googleusercontent.com\/img\/b\/R29vZ2xl\/AVvXsEhHmjoq5bg8wuVTSTgj7cVZr7I0_Y7NsqOTv34KZ3NlwcS9RlAjbFmfU16PwgZwaUbVxu_i4w57WPEvBj-ZanirHgFrIdKVF83kEso6HRMOnAeSdcV_Tg1_ltTLMvimfFcrFwwMEA\/s2048\/Televisor.jpg\" width=\"640\" \/><\/a><\/p>\n<p>As fotos f\u00f3ronme subministradas por unha persoa que se queixou \u00e1 autoridade competente m\u00e1is dunha semana antes, sen resultado. Unha semana despois do artigo, o concello xeraba unha <a href=\"http:\/\/ribadeo.gal\/actualidade\/nova.php?id=1918&amp;lg=gal\" target=\"_blank\" rel=\"noopener\">nota de prensa<\/a> sobre un sof\u00e1 abandoado preto da rota da costa, chamando \u00e1 l\u00f3xica colaboraci\u00f3n colaboraci\u00f3n \u00f3s veci\u00f1os. Naquel momento, os dous puntos das imaxes enriba estaban peor, con l\u00e1mpadas polo chan \u00e1 beira do dep\u00f3sito (l\u00e1mpadas non de filamento, m\u00e1is contaminantes, escachadas no chan).<\/p>\n<p><a href=\"https:\/\/blogger.googleusercontent.com\/img\/b\/R29vZ2xl\/AVvXsEgDC4p_KpEbSfMxv9LK1Wh4cHliT0YEAQQMRfCrV8wpOaS5QvCn7g9OywVJAxxJiK3HiQXS_AVoxgcdN3FRjliYvhyV6kU4jDJhUzSC2k5nN1kbSZya1bbRvPd8NGpUJJwfKv9vvA\/s2048\/IMG-20151105-WA0000.jpg\" imageanchor=\"1\" style=\"margin-left: 1em; margin-right: 1em;\"><img loading=\"lazy\" decoding=\"async\" height=\"640\" src=\"https:\/\/blogger.googleusercontent.com\/img\/b\/R29vZ2xl\/AVvXsEgDC4p_KpEbSfMxv9LK1Wh4cHliT0YEAQQMRfCrV8wpOaS5QvCn7g9OywVJAxxJiK3HiQXS_AVoxgcdN3FRjliYvhyV6kU4jDJhUzSC2k5nN1kbSZya1bbRvPd8NGpUJJwfKv9vvA\/s2048\/IMG-20151105-WA0000.jpg\" width=\"358\" \/><\/a><\/p>\n<p>O da \u00faltima foto foi retirado do chan \u00f3 varrer.<\/p>\n<p>Onte ti\u00f1a pensado publicar este artigo; non o fixen e non sei se hoxe o lixo segue dando guerra nos mesmos lugares, separados case no punto medio por un mural en marcha, tres semanas despois do artigo no blog e m\u00e1is de catro de ser avisada a autoriade, e d\u00faas despois do chamamento \u00e1 colaboraci\u00f3n veci\u00f1al do alcalde. Seguir\u00e1? Hai 100 anos que <a href=\"https:\/\/gl.wikipedia.org\/wiki\/Albert_Einstein\" target=\"_blank\" rel=\"noopener\">Einstein<\/a> <a href=\"https:\/\/gl.wikipedia.org\/wiki\/Relatividade_xeral\" target=\"_blank\" rel=\"noopener\">xeralizou a teor\u00eda da Relatividade<\/a>. O efecto debeu chegar a Ribadeo. Haber\u00e1 que comprobalo.<\/p>\n","protected":false},"excerpt":{"rendered":"<p>Hai tres semanas, publicaba o artigo Fotos de Ribadeo. Serie &#8216;os desastres da guerra&#8217;, no que inclu\u00eda entre outras estas fotos de Ram\u00f3n Gonz\u00e1lez e do aparcadoiro de Rosal\u00eda de Castro: As fotos f\u00f3ronme subministradas por unha persoa que se queixou \u00e1 autoridade competente m\u00e1is dunha semana antes, sen resultado. Unha semana despois do artigo, [&hellip;]<\/p>\n","protected":false},"author":3,"featured_media":0,"comment_status":"open","ping_status":"closed","sticky":false,"template":"","format":"standard","meta":{"activitypub_content_warning":"","activitypub_content_visibility":"","activitypub_max_image_attachments":3,"activitypub_interaction_policy_quote":"anyone","activitypub_status":"federated","footnotes":""},"categories":[1],"tags":[9],"class_list":["post-6377","post","type-post","status-publish","format-standard","hentry","category-sen-categoria","tag-sociedade"],"_links":{"self":[{"href":"https:\/\/blogs.amarinha.gal\/ribadeando\/wp-json\/wp\/v2\/posts\/6377","targetHints":{"allow":["GET"]}}],"collection":[{"href":"https:\/\/blogs.amarinha.gal\/ribadeando\/wp-json\/wp\/v2\/posts"}],"about":[{"href":"https:\/\/blogs.amarinha.gal\/ribadeando\/wp-json\/wp\/v2\/types\/post"}],"author":[{"embeddable":true,"href":"https:\/\/blogs.amarinha.gal\/ribadeando\/wp-json\/wp\/v2\/users\/3"}],"replies":[{"embeddable":true,"href":"https:\/\/blogs.amarinha.gal\/ribadeando\/wp-json\/wp\/v2\/comments?post=6377"}],"version-history":[{"count":0,"href":"https:\/\/blogs.amarinha.gal\/ribadeando\/wp-json\/wp\/v2\/posts\/6377\/revisions"}],"wp:attachment":[{"href":"https:\/\/blogs.amarinha.gal\/ribadeando\/wp-json\/wp\/v2\/media?parent=6377"}],"wp:term":[{"taxonomy":"category","embeddable":true,"href":"https:\/\/blogs.amarinha.gal\/ribadeando\/wp-json\/wp\/v2\/categories?post=6377"},{"taxonomy":"post_tag","embeddable":true,"href":"https:\/\/blogs.amarinha.gal\/ribadeando\/wp-json\/wp\/v2\/tags?post=6377"}],"curies":[{"name":"wp","href":"https:\/\/api.w.org\/{rel}","templated":true}]}}