{"id":635,"date":"2024-05-12T06:06:00","date_gmt":"2024-05-12T04:06:00","guid":{"rendered":""},"modified":"2024-10-23T10:59:10","modified_gmt":"2024-10-23T08:59:10","slug":"104-anos-pintando-xose-carlos-rodriguez","status":"publish","type":"post","link":"https:\/\/blogs.amarinha.gal\/ribadeando\/2024\/05\/12\/104-anos-pintando-xose-carlos-rodriguez\/","title":{"rendered":"104 anos Pintando. Xos\u00e9 Carlos Rodr\u00edguez Ra\u00f1\u00f3n"},"content":{"rendered":"<table align=\"center\" cellpadding=\"0\" cellspacing=\"0\" class=\"tr-caption-container\" style=\"margin-left: auto; margin-right: auto;\">\n<tbody>\n<tr>\n<td style=\"text-align: center;\"><a href=\"https:\/\/blogs.amarinha.gal\/ribadeando\/wp-content\/uploads\/sites\/4\/2024\/05\/Escola_de_Artes_e_Oficios_ano_1900_Vigo.jpg\" imageanchor=\"1\" style=\"margin-left: auto; margin-right: auto;\"><img loading=\"lazy\" decoding=\"async\" height=\"462\" src=\"https:\/\/blogs.amarinha.gal\/ribadeando\/wp-content\/uploads\/sites\/4\/2024\/05\/Escola_de_Artes_e_Oficios_ano_1900_Vigo.jpg\" class=\"wp-image-636\" width=\"640\" \/><\/a><\/td>\n<\/tr>\n<tr>\n<td class=\"tr-caption\" style=\"text-align: center;\"><span style=\"font-size: x-small;\">Escola de Artes de Vigo, onde trballou Luis Torras. Lic. <a href=\"https:\/\/creativecommons.org\/licenses\/by-sa\/3.0\/deed.gl\" rel=\"nofollow noopener\" target=\"_blank\">CCBYSA 3.0<\/a>, obra de&nbsp;<a href=\"https:\/\/commons.wikimedia.org\/wiki\/User:HombreDHojalata\" title=\"User:HombreDHojalata\">HombreDHojalata<\/a> en <a href=\"https:\/\/gl.wikipedia.org\/wiki\/Ficheiro:Escola_de_Artes_e_Oficios,_ano_1900,_Vigo.JPG\" rel=\"nofollow noopener\" target=\"_blank\">Commons<\/a>.<\/span> <\/td>\n<\/tr>\n<\/tbody>\n<\/table>\n<p>&nbsp;<\/p>\n<p><em>104 ANOS PINTANDO<\/em><\/p>\n<p><em><br \/>\n<a href=\"https:\/\/blogs.amarinha.gal\/ribadeando\/search\/label\/Xos%C3%A9%20Carlos%20Rodr%C3%ADguez%20Ra%C3%B1%C3%B3n\" rel=\"nofollow noopener\" target=\"_blank\">Xos\u00e9 Carlos Rodr\u00edguez Ra\u00f1\u00f3n<\/a><\/em><\/p>\n<p><em><span>&nbsp;&nbsp; &nbsp;<\/span>O pasado 15 de xaneiro finaba en Vigo o pintor m\u00e1is lonxevo do mundo en activo. Ti\u00f1a 111 anos e comezara cos pinceis aos 7. Uns meses antes morrera tam\u00e9n, xusto centenaria, a s\u00faa dona e musa. <a href=\"https:\/\/gl.wikipedia.org\/wiki\/Lu%C3%ADs_Torras\" rel=\"nofollow noopener\" target=\"_blank\">Luis Torras<\/a> ti\u00f1a o costume de conceder unha entrevista todos os 29 de decembro (data do seu  nacemento) ao xornal da cidade, do que era o subscritor m\u00e1is antigo.<\/em><\/p>\n<p><em><br \/>\n\t<span>&nbsp;&nbsp; &nbsp;<\/span>Gozou sempre dunha sa\u00fade excelente. A chamada gripe espa\u00f1ola de 1918 colleuno sendo neno, na guerra civil ficou xordo dun ouvido e, at\u00e9 hai s\u00f3 uns meses, non deixou de pintar at\u00e9 notar que comezaba a perder mobilidade, xa que viv\u00eda s\u00f3 a\u00ednda que perto da s\u00faa familia. Nin tan sequera o Covid 19 o amolou. Polo seu propio desexo, non haber\u00e1 ning\u00fan tipo de homenaxe p\u00fablica.<\/em><\/p>\n<p><em><br \/>\n\t<span>&nbsp;&nbsp; &nbsp;<\/span>Home enxoito, austero e de h\u00e1bitos f\u00e9rreos apagouse o mesmo d\u00eda que a cidade ol\u00edvica desconectaba as s\u00faas, xa m\u00e1is que famosas, luces de nadal, que mesmo representou nun dos seus cadros. Pintou, sempre figurativamente, naturezas mortas, paisaxes das s\u00faas localidades preferidas (o barrio vigu\u00e9s do Berb\u00e9s, A Guarda ou Combarro), escenas n\u00e1uticas, un Cristo de grande formato e retratos de familiares at\u00e9 producir unhas 500 obras, sa\u00eddas do seu obradoiro na casa da s\u00faa nai da r\u00faa Emilia Pardo Baz\u00e1n. Algunhas destruiunas e s\u00f3 ficou coas que considerou acept\u00e1beis. A Casa das Artes (na que foi mestre de pintura moitos anos) conserva a s\u00faa colecci\u00f3n persoal permanente. Tam\u00e9n o concello de Vigo conta cuns 50 dos seus lenzos, todos eles dunha elegancia harmoniosa de cores fr\u00edas e neutras. Na derradeira obra (que deixou inacabada) un tiovivo era o \u00fanico que figuraba.<\/em><\/p>\n","protected":false},"excerpt":{"rendered":"<p>Escola de Artes de Vigo, onde trballou Luis Torras. Lic. CCBYSA 3.0, obra de&nbsp;HombreDHojalata en Commons. &nbsp; 104 ANOS PINTANDO Xos\u00e9 Carlos Rodr\u00edguez Ra\u00f1\u00f3n &nbsp;&nbsp; &nbsp;O pasado 15 de xaneiro finaba en Vigo o pintor m\u00e1is lonxevo do mundo en activo. Ti\u00f1a 111 anos e comezara cos pinceis aos 7. Uns meses antes morrera tam\u00e9n, [&hellip;]<\/p>\n","protected":false},"author":3,"featured_media":636,"comment_status":"open","ping_status":"closed","sticky":false,"template":"","format":"standard","meta":{"activitypub_content_warning":"","activitypub_content_visibility":"","activitypub_max_image_attachments":3,"activitypub_interaction_policy_quote":"anyone","activitypub_status":"federate","footnotes":""},"categories":[1],"tags":[10,31],"class_list":["post-635","post","type-post","status-publish","format-standard","has-post-thumbnail","hentry","category-sen-categoria","tag-cultura","tag-xose-carlos-rodriguez-ranon"],"_links":{"self":[{"href":"https:\/\/blogs.amarinha.gal\/ribadeando\/wp-json\/wp\/v2\/posts\/635","targetHints":{"allow":["GET"]}}],"collection":[{"href":"https:\/\/blogs.amarinha.gal\/ribadeando\/wp-json\/wp\/v2\/posts"}],"about":[{"href":"https:\/\/blogs.amarinha.gal\/ribadeando\/wp-json\/wp\/v2\/types\/post"}],"author":[{"embeddable":true,"href":"https:\/\/blogs.amarinha.gal\/ribadeando\/wp-json\/wp\/v2\/users\/3"}],"replies":[{"embeddable":true,"href":"https:\/\/blogs.amarinha.gal\/ribadeando\/wp-json\/wp\/v2\/comments?post=635"}],"version-history":[{"count":0,"href":"https:\/\/blogs.amarinha.gal\/ribadeando\/wp-json\/wp\/v2\/posts\/635\/revisions"}],"wp:featuredmedia":[{"embeddable":true,"href":"https:\/\/blogs.amarinha.gal\/ribadeando\/wp-json\/wp\/v2\/media\/636"}],"wp:attachment":[{"href":"https:\/\/blogs.amarinha.gal\/ribadeando\/wp-json\/wp\/v2\/media?parent=635"}],"wp:term":[{"taxonomy":"category","embeddable":true,"href":"https:\/\/blogs.amarinha.gal\/ribadeando\/wp-json\/wp\/v2\/categories?post=635"},{"taxonomy":"post_tag","embeddable":true,"href":"https:\/\/blogs.amarinha.gal\/ribadeando\/wp-json\/wp\/v2\/tags?post=635"}],"curies":[{"name":"wp","href":"https:\/\/api.w.org\/{rel}","templated":true}]}}