{"id":6331,"date":"2015-12-23T15:56:00","date_gmt":"2015-12-23T14:56:00","guid":{"rendered":""},"modified":"2024-11-12T13:53:51","modified_gmt":"2024-11-12T12:53:51","slug":"o-nacemento-da-asoicacion-belenista","status":"publish","type":"post","link":"https:\/\/blogs.amarinha.gal\/ribadeando\/2015\/12\/23\/o-nacemento-da-asoicacion-belenista\/","title":{"rendered":"O nacemento da asociaci\u00f3n belenista. Bel\u00e9n do Nadal 2015 en Ribadeo"},"content":{"rendered":"<p>Unha visita ao nacemento da asociaci\u00f3n belenista no &#8216;espazo Pulpeiro Doval&#8217; da antiga Casa Maseda.<\/p>\n<p><iframe loading=\"lazy\" allowfullscreen=\"\" class=\"YOUTUBE-iframe-video\" data-thumbnail-src=\"https:\/\/i.ytimg.com\/vi\/P_2qMGTjNtY\/0.jpg\" frameborder=\"0\" height=\"266\" src=\"https:\/\/www.youtube.com\/embed\/P_2qMGTjNtY?feature=player_embedded\" width=\"320\"><\/iframe><\/p>\n<p>Este ano poden visitarse ademais na Orde Terceira e no local de exposici\u00f3ns na r\/Ram\u00f3n Gonz\u00e1lez 37, nos locais do antigo supermercado S. Jos\u00e9.<\/p>\n<p>Sobre Bel\u00e9ns:<\/p>\n<p><a href=\"http:\/\/ribadeando.blogspot.com.es\/2015\/01\/desarmouse-o-belen.html\">En Vilalba (2015)<\/a><\/p>\n<p>Bel\u00e9ns de Ribadeo (<a href=\"http:\/\/ribadeando.blogspot.com\/2008\/12\/armuse-o-beln.html\">Asoc. belenista<\/a>, Orde terceira, etc)<\/p>\n<p>Nadal 2013 (<a href=\"http:\/\/ribadeando.blogspot.com\/2014\/01\/concerto-de-nadal-e-residuos.html\">actuaci\u00f3n<\/a>) <\/p>\n<p><a href=\"http:\/\/ribadeando.blogspot.com.es\/2012\/12\/e-armouse-o-belen.html\">Nadal 2012<\/a><\/p>\n<p><a href=\"http:\/\/ribadeando.blogspot.com\/2011\/12\/un-descanso-para-deixar-marchar-o-ano.html\">Nadal 2011<\/a> <\/p>\n<p><a href=\"http:\/\/ribadeando.blogspot.com.es\/2010\/12\/os-belens-de-ribadeo.html\">Nadal 2010<\/a> <\/p>\n<p><a href=\"http:\/\/ribadeando.blogspot.com\/2008\/12\/armuse-o-beln.html\">Nadal 2008<\/a><\/p>\n","protected":false},"excerpt":{"rendered":"<p>Unha visita ao nacemento da asociaci\u00f3n belenista no &#8216;espazo Pulpeiro Doval&#8217; da antiga Casa Maseda. Este ano poden visitarse ademais na Orde Terceira e no local de exposici\u00f3ns na r\/Ram\u00f3n Gonz\u00e1lez 37, nos locais do antigo supermercado S. Jos\u00e9. Sobre Bel\u00e9ns: En Vilalba (2015) Bel\u00e9ns de Ribadeo (Asoc. belenista, Orde terceira, etc) Nadal 2013 (actuaci\u00f3n) [&hellip;]<\/p>\n","protected":false},"author":3,"featured_media":0,"comment_status":"open","ping_status":"closed","sticky":false,"template":"","format":"standard","meta":{"activitypub_content_warning":"","activitypub_content_visibility":"","activitypub_max_image_attachments":3,"activitypub_interaction_policy_quote":"anyone","activitypub_status":"federated","footnotes":""},"categories":[1],"tags":[25,9],"class_list":["post-6331","post","type-post","status-publish","format-standard","hentry","category-sen-categoria","tag-festas","tag-sociedade"],"_links":{"self":[{"href":"https:\/\/blogs.amarinha.gal\/ribadeando\/wp-json\/wp\/v2\/posts\/6331","targetHints":{"allow":["GET"]}}],"collection":[{"href":"https:\/\/blogs.amarinha.gal\/ribadeando\/wp-json\/wp\/v2\/posts"}],"about":[{"href":"https:\/\/blogs.amarinha.gal\/ribadeando\/wp-json\/wp\/v2\/types\/post"}],"author":[{"embeddable":true,"href":"https:\/\/blogs.amarinha.gal\/ribadeando\/wp-json\/wp\/v2\/users\/3"}],"replies":[{"embeddable":true,"href":"https:\/\/blogs.amarinha.gal\/ribadeando\/wp-json\/wp\/v2\/comments?post=6331"}],"version-history":[{"count":0,"href":"https:\/\/blogs.amarinha.gal\/ribadeando\/wp-json\/wp\/v2\/posts\/6331\/revisions"}],"wp:attachment":[{"href":"https:\/\/blogs.amarinha.gal\/ribadeando\/wp-json\/wp\/v2\/media?parent=6331"}],"wp:term":[{"taxonomy":"category","embeddable":true,"href":"https:\/\/blogs.amarinha.gal\/ribadeando\/wp-json\/wp\/v2\/categories?post=6331"},{"taxonomy":"post_tag","embeddable":true,"href":"https:\/\/blogs.amarinha.gal\/ribadeando\/wp-json\/wp\/v2\/tags?post=6331"}],"curies":[{"name":"wp","href":"https:\/\/api.w.org\/{rel}","templated":true}]}}