{"id":6327,"date":"2015-12-28T09:00:00","date_gmt":"2015-12-28T08:00:00","guid":{"rendered":""},"modified":"2024-11-12T13:53:44","modified_gmt":"2024-11-12T12:53:44","slug":"concerto-aqui-como-en-viena-2015-1-parte","status":"publish","type":"post","link":"https:\/\/blogs.amarinha.gal\/ribadeando\/2015\/12\/28\/concerto-aqui-como-en-viena-2015-1-parte\/","title":{"rendered":"Concerto Aqu\u00ed como en Viena 2015 (1\u00aa parte)"},"content":{"rendered":"<p><iframe loading=\"lazy\" align=\"top\" allowfullscreen=\"\" frameborder=\"0\" height=\"115\" hspace=\"0\" marginheight=\"0\" scrolling=\"no\" src=\"http:\/\/www.goear.com\/embed\/sound\/14841e0\" vspace=\"0\" width=\"580\"><\/iframe><\/p>\n<p><a href=\"https:\/\/blogger.googleusercontent.com\/img\/b\/R29vZ2xl\/AVvXsEjU5ijdOiVHgiGvThuDNC1HCPD4rGkgA-wG4G7rf0_uvvqngvgzJ80o_yeR0PWVfa5EqD8ip7d4cwTmM1lJuWDi48P4aLrK1sCIBd4R-lYb7XVsYaC65XLN1BZFcXnmZH8KxmDCyQ\/s2048\/Aqu%25C3%25AD+como+en+Viena+2015+1.jpg\" imageanchor=\"1\" style=\"margin-left: 1em; margin-right: 1em;\"><img decoding=\"async\" src=\"https:\/\/blogger.googleusercontent.com\/img\/b\/R29vZ2xl\/AVvXsEjU5ijdOiVHgiGvThuDNC1HCPD4rGkgA-wG4G7rf0_uvvqngvgzJ80o_yeR0PWVfa5EqD8ip7d4cwTmM1lJuWDi48P4aLrK1sCIBd4R-lYb7XVsYaC65XLN1BZFcXnmZH8KxmDCyQ\/s2048\/Aqu%25C3%25AD+como+en+Viena+2015+1.jpg\" \/><\/a><\/p>\n<p><a href=\"https:\/\/blogger.googleusercontent.com\/img\/b\/R29vZ2xl\/AVvXsEjjRsOF5D9PRA1xkjds9rTbQph4fNbglUrgK_RNerJLeezcGZfAtcymNOWnnieHJJvLuytfvvzH4TE1LsWqhiQuO5_aTTcwgHGQpVCC42rAOQRSO67qZ2URu7-ThvvPtkYnl-hIow\/s2048\/Aqu%25C3%25AD+como+en+Viena+2015+2.jpg\" imageanchor=\"1\" style=\"margin-left: 1em; margin-right: 1em;\"><img decoding=\"async\" src=\"https:\/\/blogger.googleusercontent.com\/img\/b\/R29vZ2xl\/AVvXsEjjRsOF5D9PRA1xkjds9rTbQph4fNbglUrgK_RNerJLeezcGZfAtcymNOWnnieHJJvLuytfvvzH4TE1LsWqhiQuO5_aTTcwgHGQpVCC42rAOQRSO67qZ2URu7-ThvvPtkYnl-hIow\/s2048\/Aqu%25C3%25AD+como+en+Viena+2015+2.jpg\" \/><\/a><\/p>\n<p>&nbsp;O concerto &#8216;Aqu\u00ed como en Viena&#8217; da Banda Municipal de Ribadeo sucedeu nun cine-teatro ateigado de xente, non s\u00f3 nas cedeiras ou de p\u00e9 \u00e1 beira delas, sen\u00f3n mesmo na distribuidor de entrada do local. sinxelamente, non se cab\u00eda.<\/p>\n<table align=\"center\" cellpadding=\"0\" cellspacing=\"0\" class=\"tr-caption-container\" style=\"margin-left: auto; margin-right: auto; text-align: center;\">\n<tbody>\n<tr>\n<td style=\"text-align: center;\"><a href=\"https:\/\/blogger.googleusercontent.com\/img\/b\/R29vZ2xl\/AVvXsEjBAo2TJXjM4e8GGecUYlAXHAAnEZWcQJasRZlvXqN1_ZX6NUD67ZtJUwijgT_uRiDX_7fMMLG9RtoQJMlAVRKJp3Ab4bzUm6cCjdPgBZtb5TL10-9PS0B7DAJ-ZHsDOMG609RaBw\/s2048\/cadeiras+vac%25C3%25ADas.jpg\" imageanchor=\"1\" style=\"margin-left: auto; margin-right: auto;\"><img loading=\"lazy\" decoding=\"async\" height=\"132\" src=\"https:\/\/blogger.googleusercontent.com\/img\/b\/R29vZ2xl\/AVvXsEjBAo2TJXjM4e8GGecUYlAXHAAnEZWcQJasRZlvXqN1_ZX6NUD67ZtJUwijgT_uRiDX_7fMMLG9RtoQJMlAVRKJp3Ab4bzUm6cCjdPgBZtb5TL10-9PS0B7DAJ-ZHsDOMG609RaBw\/s2048\/cadeiras+vac%25C3%25ADas.jpg\" width=\"640\" \/><\/a><\/td>\n<\/tr>\n<tr>\n<td class=\"tr-caption\" style=\"text-align: center;\">Cadeiras baleiras<\/td>\n<\/tr>\n<\/tbody>\n<\/table>\n<table align=\"center\" cellpadding=\"0\" cellspacing=\"0\" class=\"tr-caption-container\" style=\"margin-left: auto; margin-right: auto; text-align: center;\">\n<tbody>\n<tr>\n<td style=\"text-align: center;\"><a href=\"https:\/\/blogger.googleusercontent.com\/img\/b\/R29vZ2xl\/AVvXsEi59OPMHNiwFM4DmhZWOw6rHfXSWU0OEgjgdn-ZtsgUn9SV3R-Hl6Siw8D_IDyX7BVO4RIvqpZkObMf4_UjqRokF0LcbUhHQNqdSyRbp5382dpzvOCBT99PtLn3avom7UudVL-lUg\/s2048\/cartel_20151227_203847.jpg\" imageanchor=\"1\" style=\"margin-left: auto; margin-right: auto;\"><img loading=\"lazy\" decoding=\"async\" height=\"480\" src=\"https:\/\/blogger.googleusercontent.com\/img\/b\/R29vZ2xl\/AVvXsEi59OPMHNiwFM4DmhZWOw6rHfXSWU0OEgjgdn-ZtsgUn9SV3R-Hl6Siw8D_IDyX7BVO4RIvqpZkObMf4_UjqRokF0LcbUhHQNqdSyRbp5382dpzvOCBT99PtLn3avom7UudVL-lUg\/s2048\/cartel_20151227_203847.jpg\" width=\"640\" \/><\/a><\/td>\n<\/tr>\n<tr>\n<td class=\"tr-caption\" style=\"text-align: center;\">Cartel<\/td>\n<\/tr>\n<\/tbody>\n<\/table>\n<table align=\"center\" cellpadding=\"0\" cellspacing=\"0\" class=\"tr-caption-container\" style=\"margin-left: auto; margin-right: auto; text-align: center;\">\n<tbody>\n<tr>\n<td style=\"text-align: center;\"><a href=\"https:\/\/blogger.googleusercontent.com\/img\/b\/R29vZ2xl\/AVvXsEh6EH2bTymn55EXTlF2pwDS2QNyIAl5cWyP2mUBCc_DVHO77sdsuDMSy70QAMDQrpGVx7Q8JYTNH0hugmRtFLQqbNW0Mqa1OcEl6EgZyqiOwrb0kBXG0aBYETr_PP2vVmsj_6GumA\/s2048\/Esperando+ao+director.jpg\" imageanchor=\"1\" style=\"margin-left: auto; margin-right: auto;\"><img loading=\"lazy\" decoding=\"async\" height=\"304\" src=\"https:\/\/blogger.googleusercontent.com\/img\/b\/R29vZ2xl\/AVvXsEh6EH2bTymn55EXTlF2pwDS2QNyIAl5cWyP2mUBCc_DVHO77sdsuDMSy70QAMDQrpGVx7Q8JYTNH0hugmRtFLQqbNW0Mqa1OcEl6EgZyqiOwrb0kBXG0aBYETr_PP2vVmsj_6GumA\/s2048\/Esperando+ao+director.jpg\" width=\"640\" \/><\/a><\/td>\n<\/tr>\n<tr>\n<td class=\"tr-caption\" style=\"text-align: center;\">Esperando ao director<\/td>\n<\/tr>\n<\/tbody>\n<\/table>\n","protected":false},"excerpt":{"rendered":"<p>&nbsp;O concerto &#8216;Aqu\u00ed como en Viena&#8217; da Banda Municipal de Ribadeo sucedeu nun cine-teatro ateigado de xente, non s\u00f3 nas cedeiras ou de p\u00e9 \u00e1 beira delas, sen\u00f3n mesmo na distribuidor de entrada do local. sinxelamente, non se cab\u00eda. Cadeiras baleiras Cartel Esperando ao director<\/p>\n","protected":false},"author":3,"featured_media":0,"comment_status":"open","ping_status":"closed","sticky":false,"template":"","format":"standard","meta":{"activitypub_content_warning":"","activitypub_content_visibility":"","activitypub_max_image_attachments":3,"activitypub_interaction_policy_quote":"anyone","activitypub_status":"federated","footnotes":""},"categories":[1],"tags":[81,23],"class_list":["post-6327","post","type-post","status-publish","format-standard","hentry","category-sen-categoria","tag-banda","tag-musica"],"_links":{"self":[{"href":"https:\/\/blogs.amarinha.gal\/ribadeando\/wp-json\/wp\/v2\/posts\/6327","targetHints":{"allow":["GET"]}}],"collection":[{"href":"https:\/\/blogs.amarinha.gal\/ribadeando\/wp-json\/wp\/v2\/posts"}],"about":[{"href":"https:\/\/blogs.amarinha.gal\/ribadeando\/wp-json\/wp\/v2\/types\/post"}],"author":[{"embeddable":true,"href":"https:\/\/blogs.amarinha.gal\/ribadeando\/wp-json\/wp\/v2\/users\/3"}],"replies":[{"embeddable":true,"href":"https:\/\/blogs.amarinha.gal\/ribadeando\/wp-json\/wp\/v2\/comments?post=6327"}],"version-history":[{"count":0,"href":"https:\/\/blogs.amarinha.gal\/ribadeando\/wp-json\/wp\/v2\/posts\/6327\/revisions"}],"wp:attachment":[{"href":"https:\/\/blogs.amarinha.gal\/ribadeando\/wp-json\/wp\/v2\/media?parent=6327"}],"wp:term":[{"taxonomy":"category","embeddable":true,"href":"https:\/\/blogs.amarinha.gal\/ribadeando\/wp-json\/wp\/v2\/categories?post=6327"},{"taxonomy":"post_tag","embeddable":true,"href":"https:\/\/blogs.amarinha.gal\/ribadeando\/wp-json\/wp\/v2\/tags?post=6327"}],"curies":[{"name":"wp","href":"https:\/\/api.w.org\/{rel}","templated":true}]}}