{"id":6021,"date":"2016-10-28T07:53:00","date_gmt":"2016-10-28T05:53:00","guid":{"rendered":""},"modified":"2024-11-12T13:43:36","modified_gmt":"2024-11-12T12:43:36","slug":"ribadeo-previsible-as-contas-de-ribadeo","status":"publish","type":"post","link":"https:\/\/blogs.amarinha.gal\/ribadeando\/2016\/10\/28\/ribadeo-previsible-as-contas-de-ribadeo\/","title":{"rendered":"Ribadeo previsible: as contas de Ribadeo -2"},"content":{"rendered":"<p><a href=\"http:\/\/ribadeando.blogspot.com.es\/2016\/10\/as-contas-de-ribadeo.html\">Onte publiquei a primeira parte, e non me equivoquei<\/a>: Razonaba e remataba a dicir que sair\u00eda unha nova nota de prensa sobre o desenvolvemento do pleno, e <a href=\"http:\/\/ribadeo.gal\/actualidade\/nova.php?id=2234&amp;lg=gal\">as\u00ed foi<\/a>.<\/p>\n<p><a href=\"https:\/\/blogger.googleusercontent.com\/img\/b\/R29vZ2xl\/AVvXsEickA9GJvcZZggmHSwmp2h2lxXhCftHCZ29j_TPydMGryXUEFHTY0d0bCIvsFfSXXyYMHFc1Hp4x6kKiThkuKMG3xjPPYNZvqgcdeT1sPHfNAVrLe4LviKq_PomJYu0zwhcg1KG1A\/s2048\/lei+org%25C3%25A1nica+de+estabilidade+financieira.jpg\" imageanchor=\"1\" style=\"margin-left: 1em; margin-right: 1em;\"><img decoding=\"async\" src=\"https:\/\/blogger.googleusercontent.com\/img\/b\/R29vZ2xl\/AVvXsEickA9GJvcZZggmHSwmp2h2lxXhCftHCZ29j_TPydMGryXUEFHTY0d0bCIvsFfSXXyYMHFc1Hp4x6kKiThkuKMG3xjPPYNZvqgcdeT1sPHfNAVrLe4LviKq_PomJYu0zwhcg1KG1A\/s2048\/lei+org%25C3%25A1nica+de+estabilidade+financieira.jpg\" \/><\/a><\/p>\n<p>Por outra banda, dado o desenvolvemento &#8216;normal&#8217; do tema, non me podo arrogar o ser adivi\u00f1o, sen\u00f3n sinxelamente o transmitir a normalidade. A imaxe corresponde \u00f3 encabezamento no BOE da <a href=\"https:\/\/www.boe.es\/boe\/dias\/2012\/04\/30\/pdfs\/BOE-A-2012-5730.pdf\">lei que obrigou a Ribadeo a facer o pleno<\/a> e a tomar a medida que detalla (un pouco) a <a href=\"http:\/\/ribadeo.gal\/actualidade\/nova.php?id=2234&amp;lg=gal\">nota de prensa do concello<\/a> que deixo embaixo.<\/p>\n<p>O resultado da votaci\u00f3n tam\u00e9n era previsible no sistema actualespa\u00f1ol de partidos, cando estamos a ver no Parlamento estatal casos abondo m\u00e1is chamativos.<\/p>\n<p>de calquera xeito, o resultado coido que debe quedar claro: a austeridade \u00e9 obrigada, \u00e9 s\u00famase a que podes pagar o pato polo teu veci\u00f1o.<\/p>\n<p>A nota de prensa do concello:<\/p>\n<p>&#8221;<\/p>\n<p class=\"antetitulo\"><em>TER\u00c1 UNHA VIXENCIA DE DOUS ANOS<\/em><\/p>\n<p><em><br \/>\n   <\/em><\/p>\n<h3 class=\"antel\">\n<em>Plan econ\u00f3mico financeiro<\/em><\/h3>\n<p><em><br \/>\n  <span class=\"data\">27\/10\/2016<\/span><br \/>\n  <\/em><\/p>\n<p class=\"intro\"><em>O plan econ\u00f3mico financeiro derivado da<br \/>\nliquidaci\u00f3n do orzamento xeral de 2015 contou cos votos favorables do<br \/>\nBNG e do PSOE. Na sesi\u00f3n plenaria extraordinaria celebrada onte este<br \/>\nasunto contou coa abstenci\u00f3n de Ciudadanos e cos votos en contra do PP. A<br \/>\n aprobaci\u00f3n deste plan implicar\u00e1 a adopci\u00f3n de medidas para non exceder a<br \/>\n regra de gasto estipulada por lei. <\/em><\/p>\n<p><em><\/p>\n<p> <\/em><em>O alcalde, Fernando Su\u00e1rez, lembrou que &#8220;da liquidaci\u00f3n do orzamento<br \/>\n do ano pasado incumprimos unha cuesti\u00f3n que est\u00e1 na lei desde hai tres<br \/>\nanos, incumprimos a regra de gasto no que recolle esta lei org\u00e1nica de<br \/>\nestabilidade orzamentaria, dado que do 2014 ao 2015 non deb\u00edamos superar<br \/>\n o 1,3% de gasto con relaci\u00f3n ao ano anterior e finalmente fix\u00e9molo no<br \/>\n2% m\u00e1is ou menos. Tivemos uns 172 000 euros m\u00e1is de gasto que o que<br \/>\ndeb\u00edamos e hai que ter en conta que \u00e9 sobre un orzamento liquidado de<br \/>\nm\u00e1is de 9 mill\u00f3ns de euros&#8221;.&nbsp; <\/em><\/p>\n<p><em>Este plan econ\u00f3mico financeiro ter\u00e1<br \/>\n unha vixencia de 2 anos. &#8220;Como a situaci\u00f3n econ\u00f3mica do Concello \u00e9<br \/>\npositiva, \u00e9 dicir o remanente de Tesourer\u00eda \u00e9 de m\u00e1is de 1 300 000<br \/>\neuros, o resultado orzamentario \u00e9 positivo de todos estes \u00faltimos anos, a<br \/>\n capacidade de financiamento t\u00e9mola m\u00e1is que de sobra, etc, e a \u00fanica<br \/>\nmedida que se estima que procede adoptar \u00e9 a de declarar a non<br \/>\ndispo\u00f1ibilidade de cr\u00e9dito, \u00e9 dicir que non imos gastar 280 000 euros, o<br \/>\n que por outra parte \u00e9 l\u00f3xico xa que este cr\u00e9dito que prev\u00edamos para<br \/>\nconclu\u00edr as obras da residencia logo afortunadamente veu de man deste<br \/>\nnovo convenio coa Deputaci\u00f3n Provincial de Lugo&#8221;, explicou o rexedor. <\/em><\/p>\n<p><em>Su\u00e1rez<br \/>\n Barcia insiste en que &#8220;estamos diante dunha lei, dunha medida, inxusta<br \/>\nporque estas normativas que lles esixen aos Concellos non gastar de m\u00e1is<br \/>\n por unha banda parecen l\u00f3xicas, pero tal como est\u00e1n reguladas non deben<br \/>\n impedir que cando hai unha xesti\u00f3n positiva, cando hai remanentes<br \/>\npositivos, cando os resultados orzamentarios son positivos, usemos<br \/>\nrecursos para facer inversi\u00f3ns ou para mellorar os servizos p\u00fablicos&#8221;.<\/em><\/p>\n<p>&#8220;<\/p>\n","protected":false},"excerpt":{"rendered":"<p>Onte publiquei a primeira parte, e non me equivoquei: Razonaba e remataba a dicir que sair\u00eda unha nova nota de prensa sobre o desenvolvemento do pleno, e as\u00ed foi. Por outra banda, dado o desenvolvemento &#8216;normal&#8217; do tema, non me podo arrogar o ser adivi\u00f1o, sen\u00f3n sinxelamente o transmitir a normalidade. A imaxe corresponde \u00f3 [&hellip;]<\/p>\n","protected":false},"author":3,"featured_media":0,"comment_status":"open","ping_status":"closed","sticky":false,"template":"","format":"standard","meta":{"activitypub_content_warning":"","activitypub_content_visibility":"","activitypub_max_image_attachments":3,"activitypub_interaction_policy_quote":"anyone","activitypub_status":"federate","footnotes":""},"categories":[1],"tags":[21,42,13],"class_list":["post-6021","post","type-post","status-publish","format-standard","hentry","category-sen-categoria","tag-economia","tag-plenos","tag-politica"],"_links":{"self":[{"href":"https:\/\/blogs.amarinha.gal\/ribadeando\/wp-json\/wp\/v2\/posts\/6021","targetHints":{"allow":["GET"]}}],"collection":[{"href":"https:\/\/blogs.amarinha.gal\/ribadeando\/wp-json\/wp\/v2\/posts"}],"about":[{"href":"https:\/\/blogs.amarinha.gal\/ribadeando\/wp-json\/wp\/v2\/types\/post"}],"author":[{"embeddable":true,"href":"https:\/\/blogs.amarinha.gal\/ribadeando\/wp-json\/wp\/v2\/users\/3"}],"replies":[{"embeddable":true,"href":"https:\/\/blogs.amarinha.gal\/ribadeando\/wp-json\/wp\/v2\/comments?post=6021"}],"version-history":[{"count":0,"href":"https:\/\/blogs.amarinha.gal\/ribadeando\/wp-json\/wp\/v2\/posts\/6021\/revisions"}],"wp:attachment":[{"href":"https:\/\/blogs.amarinha.gal\/ribadeando\/wp-json\/wp\/v2\/media?parent=6021"}],"wp:term":[{"taxonomy":"category","embeddable":true,"href":"https:\/\/blogs.amarinha.gal\/ribadeando\/wp-json\/wp\/v2\/categories?post=6021"},{"taxonomy":"post_tag","embeddable":true,"href":"https:\/\/blogs.amarinha.gal\/ribadeando\/wp-json\/wp\/v2\/tags?post=6021"}],"curies":[{"name":"wp","href":"https:\/\/api.w.org\/{rel}","templated":true}]}}