{"id":6014,"date":"2016-11-09T07:57:00","date_gmt":"2016-11-09T06:57:00","guid":{"rendered":""},"modified":"2024-11-12T13:43:25","modified_gmt":"2024-11-12T12:43:25","slug":"pleno-hoxe","status":"publish","type":"post","link":"https:\/\/blogs.amarinha.gal\/ribadeando\/2016\/11\/09\/pleno-hoxe\/","title":{"rendered":"&#8216;Pleno, hoxe&#8217;"},"content":{"rendered":"<p>Ese \u00e9 o t\u00edtulo da nota de prensa que se colgou onte na web do concello. Da orde o d\u00eda, nada.<\/p>\n<p>As\u00ed est\u00e1 \u00e1 vista o impulso de participaci\u00f3n cidad\u00e1 que ten entre mans o concello. Plenos en d\u00edas cambiantes, a conveniencia de vai saber quen, sen dar a co\u00f1ecer os puntos da orde do d\u00eda, e, como neste caso, con comentario do alcalde facendo fincap\u00e9 nos puntos que quere&nbsp; coas opini\u00f3ns que quere, o mesmo d\u00eda.<\/p>\n<p>A estas alturas xa hai alg\u00fan comentario (m\u00ednimos) nos xornais, mais \u00e9 ilustrativo co\u00f1ecer os <a href=\"http:\/\/ribadeo.gal\/actualidade\/nova.php?id=2246&amp;lg=gal\">puntos que quer\u00eda destacar o alcalde<\/a>. Se se quere facer unha comparaci\u00f3n cos resultados que sair\u00e1n desgranados m\u00e1is ou menos nos xornais (e a bo seguro nalgunha nota de prensa m\u00e1is do concello), poderanse observar as semellanzas e diferencias do resultado final e o tratamento co anunciado dende o concello polo alcalde. Tratar\u00edan cousas como que <a href=\"http:\/\/ribadeando.blogspot.com.es\/search\/label\/%23%E2%80%8EcortesdeluzRibadeo\">se est\u00e1 indo a luz cada dous por tres dende sempre<\/a>? Non aparece na nota de prensa, dub\u00eddoo&#8230;<\/p>\n<p><a href=\"https:\/\/blogger.googleusercontent.com\/img\/b\/R29vZ2xl\/AVvXsEgi6t213TU8jRzPKG3SnoFMhSlLa0ftNu4v6i1okAyxG2Nu8ReGRszcKn91ZtCsywyppy1ISyRCyBzu5LFqBsKZrcDkIhy3-MYkDa9ugt_dpcowr-De2gxF5EvgWTovccvhADL8xg\/s2048\/Canton_Aduana_Ribadeo+2005.JPG\" imageanchor=\"1\" style=\"margin-left: 1em; margin-right: 1em;\"><img decoding=\"async\" src=\"https:\/\/blogger.googleusercontent.com\/img\/b\/R29vZ2xl\/AVvXsEgi6t213TU8jRzPKG3SnoFMhSlLa0ftNu4v6i1okAyxG2Nu8ReGRszcKn91ZtCsywyppy1ISyRCyBzu5LFqBsKZrcDkIhy3-MYkDa9ugt_dpcowr-De2gxF5EvgWTovccvhADL8xg\/s2048\/Canton_Aduana_Ribadeo+2005.JPG\" \/><\/a><\/p>\n","protected":false},"excerpt":{"rendered":"<p>Ese \u00e9 o t\u00edtulo da nota de prensa que se colgou onte na web do concello. Da orde o d\u00eda, nada. As\u00ed est\u00e1 \u00e1 vista o impulso de participaci\u00f3n cidad\u00e1 que ten entre mans o concello. Plenos en d\u00edas cambiantes, a conveniencia de vai saber quen, sen dar a co\u00f1ecer os puntos da orde do [&hellip;]<\/p>\n","protected":false},"author":3,"featured_media":0,"comment_status":"open","ping_status":"closed","sticky":false,"template":"","format":"standard","meta":{"activitypub_content_warning":"","activitypub_content_visibility":"","activitypub_max_image_attachments":3,"activitypub_interaction_policy_quote":"anyone","activitypub_status":"federated","footnotes":""},"categories":[1],"tags":[42],"class_list":["post-6014","post","type-post","status-publish","format-standard","hentry","category-sen-categoria","tag-plenos"],"_links":{"self":[{"href":"https:\/\/blogs.amarinha.gal\/ribadeando\/wp-json\/wp\/v2\/posts\/6014","targetHints":{"allow":["GET"]}}],"collection":[{"href":"https:\/\/blogs.amarinha.gal\/ribadeando\/wp-json\/wp\/v2\/posts"}],"about":[{"href":"https:\/\/blogs.amarinha.gal\/ribadeando\/wp-json\/wp\/v2\/types\/post"}],"author":[{"embeddable":true,"href":"https:\/\/blogs.amarinha.gal\/ribadeando\/wp-json\/wp\/v2\/users\/3"}],"replies":[{"embeddable":true,"href":"https:\/\/blogs.amarinha.gal\/ribadeando\/wp-json\/wp\/v2\/comments?post=6014"}],"version-history":[{"count":0,"href":"https:\/\/blogs.amarinha.gal\/ribadeando\/wp-json\/wp\/v2\/posts\/6014\/revisions"}],"wp:attachment":[{"href":"https:\/\/blogs.amarinha.gal\/ribadeando\/wp-json\/wp\/v2\/media?parent=6014"}],"wp:term":[{"taxonomy":"category","embeddable":true,"href":"https:\/\/blogs.amarinha.gal\/ribadeando\/wp-json\/wp\/v2\/categories?post=6014"},{"taxonomy":"post_tag","embeddable":true,"href":"https:\/\/blogs.amarinha.gal\/ribadeando\/wp-json\/wp\/v2\/tags?post=6014"}],"curies":[{"name":"wp","href":"https:\/\/api.w.org\/{rel}","templated":true}]}}