{"id":5987,"date":"2016-12-14T08:05:00","date_gmt":"2016-12-14T07:05:00","guid":{"rendered":""},"modified":"2024-11-12T13:42:35","modified_gmt":"2024-11-12T12:42:35","slug":"foto-natural","status":"publish","type":"post","link":"https:\/\/blogs.amarinha.gal\/ribadeando\/2016\/12\/14\/foto-natural\/","title":{"rendered":"Foto natural, propaganda&#8230; artificial?"},"content":{"rendered":"<p><a href=\"https:\/\/blogger.googleusercontent.com\/img\/b\/R29vZ2xl\/AVvXsEjzc_91ZmNgj6AA19bcOfZZhmIkhk80-b6F1HgS9SBOkjExlkfTkcxU2cicNKNHQdEXGDee4lwfvRPjhYPf6Bp5BU3RPWR8cw-yUQp8VEv2FUvYn8RUwD96J6J9JWjdEJGOYFKXGw\/s2048\/Foto_pista_xeo.JPG\" imageanchor=\"1\" style=\"margin-left: 1em; margin-right: 1em;\"><img decoding=\"async\" src=\"https:\/\/blogger.googleusercontent.com\/img\/b\/R29vZ2xl\/AVvXsEjzc_91ZmNgj6AA19bcOfZZhmIkhk80-b6F1HgS9SBOkjExlkfTkcxU2cicNKNHQdEXGDee4lwfvRPjhYPf6Bp5BU3RPWR8cw-yUQp8VEv2FUvYn8RUwD96J6J9JWjdEJGOYFKXGw\/s2048\/Foto_pista_xeo.JPG\" \/><\/a><\/p>\n<p>Que m\u00e1is natural que d\u00faas persoas calz\u00e1ndose? A\u00ednda que sexa pat\u00edns de xeo. A foto acompa\u00f1a \u00e1 pen\u00faltima nova deste Nadal, coa apertura da pista de xeo <a href=\"http:\/\/ribadeando.blogspot.com.es\/search\/label\/ACISA\">ACISA<\/a>&#8211;<a href=\"http:\/\/ribadeo.gal\/actualidade\/nova.php?id=2275&amp;lg=gal\">Concello de Ribadeo<\/a>:<\/p>\n<p><em>Ribadeo contar\u00e1 este Nadal, por segundo ano consecutivo, con pista de xeo natural, que estar\u00e1 situada no parque de San Francisco do 17 de decembro ao 8 de xaneiro. \u00c9 moito m\u00e1is grande que a de 2015 e tr\u00e1tase da \u00fanica destas caracter\u00edsticas da que se poder\u00e1 gozar na provincia de Lugo, segundo subli\u00f1aron hoxe o alcalde e o presidente de Acisa.<br \/>\n<\/em><\/p>\n<p><em>O Concello e ACISA traen por segundo ano consecutivo a Ribadeo unha pista de xeo natural, que estar\u00e1 situada no parque de San Francisco do 17 de decembro ao 8 de xaneiro, en horario de 12:00 a 14:00 horas e de 17:00 a 22:00 horas. As persoas que fagan as s\u00faas compras nos establecementos asociados a Acisa ter\u00e1n un desconto dun 50% no prezo da entrada, que \u00e9 de 6 euros. O alcalde, Fernando Su\u00e1rez, salientou na presentaci\u00f3n celebrada esta ma\u00f1\u00e1, que este Nadal a pista \u00e9 de maior tama\u00f1o que a do ano pasado e que \u00e9 a \u00fanica destas caracter\u00edsticas da que se poder\u00e1 gozar na provincia de Lugo. O presidente de Acisa, David Mart\u00ednez, contou que a partir de ma\u00f1\u00e1, martes, xa se poden obter os t\u00edckets de desconto por compras superiores a 20 euros nos establecementos asociados.<br \/>\n<\/em><\/p>\n<p><em>O alcalde declarou que &#8220;vendo o notable \u00e9xito que tivo o ano pasado, queremos neste ano volver a ter esta nova iniciativa da man de Acisa e o Concello para po\u00f1er en marcha esta pista de xeo natural este Nadal. Hai que ter en conta que isto fac\u00e9molo para que a xente o pase ben, para que os nenos e os non tan nenos te\u00f1an un lugar de ocio durante todos estes d\u00edas. Pero ser\u00edamos inxenuos se non dix\u00e9ramos que o que realmente queremos \u00e9 que a xente ve\u00f1a mercar a Ribadeo. De a\u00ed que po\u00f1amos esta pista de xeo natural coa intenci\u00f3n de que se un compra aqu\u00ed sendo de Ribadeo ou de fora, ter\u00e1 un desconto dun 50% no custo do t\u00edcket. O prezo da entrada \u00e9 6 euros, pero si se compra en Ribadeo, nos establecementos asociados de Acisa, o vale desconto supor\u00e1 o 50%&#8221;.<br \/>\n<\/em><\/p>\n<p><em>Su\u00e1rez Barcia dixo que &#8220;a partir deste vindeiro s\u00e1bado, 17 de decembro, e ata o 8 de xaneiro de maneira ininterrompida estar\u00e1 esta pista de xeo natural en Ribadeo. Ten novidades con respecto ao ano pasado e a m\u00e1is importante \u00e9 o tama\u00f1o. \u00c9 moito m\u00e1is grande que o ano anterior, xa que a pista que o ano pasado era duns 200 metros cadrados, este ano leva case o 60% m\u00e1is de superficie chegando aos 320 metros cadrados, que van facer as delicias de todo o que ve\u00f1a patinar&#8221;.<br \/>\n<\/em><\/p>\n<p><em>Fernando Su\u00e1rez asegurou que &#8220;buscamos a autofinanciamento, a autosustentabilidade de todo este proxecto, pero se non \u00e9 as\u00ed e ao final acabamos tendo unha perda para o Concello, non ser\u00e1 tal perda porque supor\u00e1 que moita xente ve\u00f1a a Ribadeo, que moita xente compre en Ribadeo e que moita xente lle dea vida a este sector que temos importante en Ribadeo, como \u00e9 o comercio local&#8221;.<br \/>\n<\/em><\/p>\n<p><em>O alcalde ribadense subli\u00f1ou que &#8220;este ano temos un reto e case consider\u00e1monos un centro moi atractivo en moitos quil\u00f3metros \u00e1 redonda. O ano pasado tivemos que competir cunha moi importante que hab\u00eda en Lugo e este ano en toda a provincia luguesa soamente est\u00e1 Ribadeo con pista de xeo natural, porque esta non \u00e9 unha pista de xeo artificial. Competimos con outras cidades, pero que est\u00e1n ben distantes a n\u00f3s&#8221;.<br \/>\n<\/em><\/p>\n<p><em>Su\u00e1rez Barcia convida &#8220;a todos aqueles, non soamente do concello sen\u00f3n do Occidente de Asturias, da Mari\u00f1a de Lugo, incluso da provincia de Lugo e doutras provincias, que estou convencido de que van vir durante estes d\u00edas de Nadal a facer as s\u00faas compras aqu\u00ed a Ribadeo&#8221;.<br \/>\n<\/em><\/p>\n<p><em>Pola s\u00faa banda o presidente de ACISA, David Mart\u00ednez, cre que &#8220;\u00e9 unha boa oportunidade patinar durante 50 minutos por tres euros facendo as compras en Ribadeo. Ribadeo ten de todo, p\u00f3dese vir comer aqu\u00ed, vir de compras e logo gozar desta pista, que \u00e9 a m\u00e1is importante de toda a provincia, eu creo que \u00e9 unha delicia&#8221;.<br \/>\n<\/em><\/p>\n<p><em>David Mart\u00ednez lembrou que &#8220;xa a partir de ma\u00f1\u00e1, martes, p\u00f3dense facer as compras nos establecementos asociados para entrar na pista de xeo \u00e1 metade de prezo&#8221;. Por compras superiores a 20 euros farase entrega dun vale do 50% de desconto na entrada \u00e1 pista de xeo. Os vales deber\u00e1n ir selados na parte posterior polo establecemento que o entregue e os clientes deber\u00e1n presentalos na taquilla grapados ao t\u00edcket de compra.<br \/>\n<\/em><\/p>\n<p><em>O presidente de Acisa dixo que &#8220;aqueles establecementos que non sexan asociados e queiran dispo\u00f1er destes vales de desconto para a pista de xeo, poden achegarse ao longo dos vindeiros d\u00edas polas nosas oficinas e facerse socios de Acisa. Dese xeito poder\u00e1n participar nesta interesante campa\u00f1a para Ribadeo, o seu comercio e a s\u00faa hostaler\u00eda&#8221;. <\/em><\/p>\n<p><em>O Concello procede estes d\u00edas a ultimar a contrataci\u00f3n das 4 persoas que traballar\u00e1n a xornada completa na pista de xeo ao longo deste Nadal.&nbsp;<\/em><\/p>\n<p>O cartel: <\/p>\n<p><a href=\"https:\/\/blogger.googleusercontent.com\/img\/b\/R29vZ2xl\/AVvXsEgFYpwukdGH8IQyspA6He5tSPkVbje-Ot8vHm7FHHrYuxqiBOh5CdTg-FrnjkTDTYjujivItniZF4B9LNKTc4Ya37j2DIrbBZxcbyvAOgzSlLTMnwGx1nspdw5gGoy1LAUeAFJGbg\/s2048\/pista-xeo-201611213.jpg\" imageanchor=\"1\" style=\"margin-left: 1em; margin-right: 1em;\"><img loading=\"lazy\" decoding=\"async\" height=\"640\" src=\"https:\/\/blogger.googleusercontent.com\/img\/b\/R29vZ2xl\/AVvXsEgFYpwukdGH8IQyspA6He5tSPkVbje-Ot8vHm7FHHrYuxqiBOh5CdTg-FrnjkTDTYjujivItniZF4B9LNKTc4Ya37j2DIrbBZxcbyvAOgzSlLTMnwGx1nspdw5gGoy1LAUeAFJGbg\/s2048\/pista-xeo-201611213.jpg\" width=\"426\" \/><\/a><\/p>\n<p>E a montaxe:<\/p>\n<p><a href=\"https:\/\/blogger.googleusercontent.com\/img\/b\/R29vZ2xl\/AVvXsEgdoIjWPcv01mrRFe3m6Z-0rUTIH92hdQfbDdtwsNPp2mx6hg0I71n_vg4f8f9xLWPAN17pjka39B7eyedCSmMxZWRoqF04UxxDEdGbe1J7jFYhEH0X2MMSARkawr3naGoOLTAaFw\/s2048\/montando+pista+de+xeo.png\" imageanchor=\"1\" style=\"margin-left: 1em; margin-right: 1em;\"><img loading=\"lazy\" decoding=\"async\" height=\"316\" src=\"https:\/\/blogger.googleusercontent.com\/img\/b\/R29vZ2xl\/AVvXsEgdoIjWPcv01mrRFe3m6Z-0rUTIH92hdQfbDdtwsNPp2mx6hg0I71n_vg4f8f9xLWPAN17pjka39B7eyedCSmMxZWRoqF04UxxDEdGbe1J7jFYhEH0X2MMSARkawr3naGoOLTAaFw\/s2048\/montando+pista+de+xeo.png\" width=\"640\" \/><\/a><\/p>\n<p>Nota posterior: <a href=\"http:\/\/ribadeo.gal\/actualidade\/nova.php?id=2282&amp;lg=gal\">o 16\/12 aparece outra nota de prensa do concello con outra foto tam\u00e9n co alcalde e o Presidente de ACISA a conto de que o 17\/12 se abre a pista<\/a>.<\/p>\n","protected":false},"excerpt":{"rendered":"<p>Que m\u00e1is natural que d\u00faas persoas calz\u00e1ndose? A\u00ednda que sexa pat\u00edns de xeo. A foto acompa\u00f1a \u00e1 pen\u00faltima nova deste Nadal, coa apertura da pista de xeo ACISA&#8211;Concello de Ribadeo: Ribadeo contar\u00e1 este Nadal, por segundo ano consecutivo, con pista de xeo natural, que estar\u00e1 situada no parque de San Francisco do 17 de decembro [&hellip;]<\/p>\n","protected":false},"author":3,"featured_media":0,"comment_status":"open","ping_status":"closed","sticky":false,"template":"","format":"standard","meta":{"activitypub_content_warning":"","activitypub_content_visibility":"","activitypub_max_image_attachments":3,"activitypub_interaction_policy_quote":"anyone","activitypub_status":"federated","footnotes":""},"categories":[1],"tags":[98,25],"class_list":["post-5987","post","type-post","status-publish","format-standard","hentry","category-sen-categoria","tag-acisa","tag-festas"],"_links":{"self":[{"href":"https:\/\/blogs.amarinha.gal\/ribadeando\/wp-json\/wp\/v2\/posts\/5987","targetHints":{"allow":["GET"]}}],"collection":[{"href":"https:\/\/blogs.amarinha.gal\/ribadeando\/wp-json\/wp\/v2\/posts"}],"about":[{"href":"https:\/\/blogs.amarinha.gal\/ribadeando\/wp-json\/wp\/v2\/types\/post"}],"author":[{"embeddable":true,"href":"https:\/\/blogs.amarinha.gal\/ribadeando\/wp-json\/wp\/v2\/users\/3"}],"replies":[{"embeddable":true,"href":"https:\/\/blogs.amarinha.gal\/ribadeando\/wp-json\/wp\/v2\/comments?post=5987"}],"version-history":[{"count":0,"href":"https:\/\/blogs.amarinha.gal\/ribadeando\/wp-json\/wp\/v2\/posts\/5987\/revisions"}],"wp:attachment":[{"href":"https:\/\/blogs.amarinha.gal\/ribadeando\/wp-json\/wp\/v2\/media?parent=5987"}],"wp:term":[{"taxonomy":"category","embeddable":true,"href":"https:\/\/blogs.amarinha.gal\/ribadeando\/wp-json\/wp\/v2\/categories?post=5987"},{"taxonomy":"post_tag","embeddable":true,"href":"https:\/\/blogs.amarinha.gal\/ribadeando\/wp-json\/wp\/v2\/tags?post=5987"}],"curies":[{"name":"wp","href":"https:\/\/api.w.org\/{rel}","templated":true}]}}