{"id":5984,"date":"2016-12-17T10:18:00","date_gmt":"2016-12-17T09:18:00","guid":{"rendered":""},"modified":"2024-11-12T13:42:30","modified_gmt":"2024-11-12T12:42:30","slug":"martes-20-pleno-convocatoria","status":"publish","type":"post","link":"https:\/\/blogs.amarinha.gal\/ribadeando\/2016\/12\/17\/martes-20-pleno-convocatoria\/","title":{"rendered":"Martes 20, pleno: convocatoria"},"content":{"rendered":"<p>Moito anuncio. Despois de <a href=\"http:\/\/ribadeando.blogspot.com.es\/2016\/12\/martes-20-pleno-870-ribadense.html\">avisar do pleno<\/a>, agora na web do concello aparece a convocatoria (abaixo), o <a href=\"http:\/\/ribadeo.gal\/imxd\/noticias\/doc\/1481904218Proposta_Alcaldia_sobre_m%C3%A9dico_familia_quenda_tardes.pdf\">escrito para pedir m\u00e9dico de familia<\/a> (coido que o que d\u00e1 orixe \u00f3 <a href=\"http:\/\/ribadeo.gal\/actualidade\/nova.php?id=2283&amp;lg=gal\">novo anuncio nas &#8216;novas&#8217; do concello<\/a>) e, acompa\u00f1ando, os comentarios pertinentes, que onde se poden dar abondos xiros, reviravoltas e aproveitamentos \u00e1 situaci\u00f3n.<\/p>\n<p>De calquera xeito, a que os puntos da convocatoria non dan demasiadas indicaci\u00f3ns? E \u00e9 que para seguilos, hai que seguir a vida municipal, o que non \u00e9 doado e do que non hai costume.<\/p>\n<p><a href=\"https:\/\/blogger.googleusercontent.com\/img\/b\/R29vZ2xl\/AVvXsEhkH3LwZqG5ng5Ure5cnvTkhlDhgU6ZFtY50HvTBzgsiH96QUMOMQXP4D1E2bQOz7_jfnCYJWe_2xazJeI2Pu-0X2l7bopP12ESThX8M-czAdf4wB1gG9SgMaxaWF4RuKZNnflG6Q\/s2048\/Orde_Pleno_Extraordinario_Ribadeo_20_decembro_2016.jpg\" imageanchor=\"1\" style=\"margin-left: 1em; margin-right: 1em;\"><img decoding=\"async\" src=\"https:\/\/blogger.googleusercontent.com\/img\/b\/R29vZ2xl\/AVvXsEhkH3LwZqG5ng5Ure5cnvTkhlDhgU6ZFtY50HvTBzgsiH96QUMOMQXP4D1E2bQOz7_jfnCYJWe_2xazJeI2Pu-0X2l7bopP12ESThX8M-czAdf4wB1gG9SgMaxaWF4RuKZNnflG6Q\/s2048\/Orde_Pleno_Extraordinario_Ribadeo_20_decembro_2016.jpg\" \/><\/a><\/p>\n","protected":false},"excerpt":{"rendered":"<p>Moito anuncio. Despois de avisar do pleno, agora na web do concello aparece a convocatoria (abaixo), o escrito para pedir m\u00e9dico de familia (coido que o que d\u00e1 orixe \u00f3 novo anuncio nas &#8216;novas&#8217; do concello) e, acompa\u00f1ando, os comentarios pertinentes, que onde se poden dar abondos xiros, reviravoltas e aproveitamentos \u00e1 situaci\u00f3n. De calquera [&hellip;]<\/p>\n","protected":false},"author":3,"featured_media":0,"comment_status":"open","ping_status":"closed","sticky":false,"template":"","format":"standard","meta":{"activitypub_content_warning":"","activitypub_content_visibility":"","activitypub_max_image_attachments":3,"activitypub_interaction_policy_quote":"anyone","activitypub_status":"federated","footnotes":""},"categories":[1],"tags":[42],"class_list":["post-5984","post","type-post","status-publish","format-standard","hentry","category-sen-categoria","tag-plenos"],"_links":{"self":[{"href":"https:\/\/blogs.amarinha.gal\/ribadeando\/wp-json\/wp\/v2\/posts\/5984","targetHints":{"allow":["GET"]}}],"collection":[{"href":"https:\/\/blogs.amarinha.gal\/ribadeando\/wp-json\/wp\/v2\/posts"}],"about":[{"href":"https:\/\/blogs.amarinha.gal\/ribadeando\/wp-json\/wp\/v2\/types\/post"}],"author":[{"embeddable":true,"href":"https:\/\/blogs.amarinha.gal\/ribadeando\/wp-json\/wp\/v2\/users\/3"}],"replies":[{"embeddable":true,"href":"https:\/\/blogs.amarinha.gal\/ribadeando\/wp-json\/wp\/v2\/comments?post=5984"}],"version-history":[{"count":0,"href":"https:\/\/blogs.amarinha.gal\/ribadeando\/wp-json\/wp\/v2\/posts\/5984\/revisions"}],"wp:attachment":[{"href":"https:\/\/blogs.amarinha.gal\/ribadeando\/wp-json\/wp\/v2\/media?parent=5984"}],"wp:term":[{"taxonomy":"category","embeddable":true,"href":"https:\/\/blogs.amarinha.gal\/ribadeando\/wp-json\/wp\/v2\/categories?post=5984"},{"taxonomy":"post_tag","embeddable":true,"href":"https:\/\/blogs.amarinha.gal\/ribadeando\/wp-json\/wp\/v2\/tags?post=5984"}],"curies":[{"name":"wp","href":"https:\/\/api.w.org\/{rel}","templated":true}]}}