{"id":5978,"date":"2016-12-23T09:02:00","date_gmt":"2016-12-23T08:02:00","guid":{"rendered":""},"modified":"2024-11-12T13:42:14","modified_gmt":"2024-11-12T12:42:14","slug":"no-merecen-que-les-felicitemos-la","status":"publish","type":"post","link":"https:\/\/blogs.amarinha.gal\/ribadeando\/2016\/12\/23\/no-merecen-que-les-felicitemos-la\/","title":{"rendered":"No merecen que les felicitemos la Navidad. Pablo Mosquera Mata"},"content":{"rendered":"<p>Coido que o que reproduzo a continuaci\u00f3n vai na li\u00f1a do que pensa moita xente. A\u00ednda que &#8216;a esperanza \u00e9 o \u00faltimo que se perde&#8217;, parece que vai na li\u00f1a da desesperanza, cando o que fai \u00e9 expresar algo que se pode constatar. Pero, son tantas cousas&#8230;<\/p>\n<p><em>No merecen los del PP que les vuelvan a dar confianzas en forma de votos y esca\u00f1os. Tengo serias dudas, no ya sobre si han escarmentado en cuanto a soberbia y corrupci\u00f3n, es que han llegado a una perversa conclusi\u00f3n sobre la escasa duraci\u00f3n de la memoria hist\u00f3rica en este pa\u00eds.<\/em><\/p>\n<p><em>No merecen los de Cs que sus esfuerzos por darle un gobierno a Espa\u00f1a, lo est\u00e9n pagando, tanto por la falta de cumplimiento del PP, como por la dificultad para explicar convincentemente, a la sociedad, cual es su espacio y su utilidad.<\/em><\/p>\n<p><em>No merecen los del PSOE que llevan a\u00f1os militando en la base, a una banda de aprovechados como los que se han situado en el &#8220;machito&#8221; y pondr\u00e1n a Susana, o vaya usted a saber a quien, con tal de seguir subidos en el rabo del cerdito del t\u00edo vivo.<\/em><\/p>\n<p><em>No merecen los de PODEMOS que sus bases procedentes de las calles y plazas de Espa\u00f1a, se encuentren con m\u00e9todos persuasivos propios de hace cien a\u00f1os, cuando a los dirigentes inc\u00f3modos se les purgaba en nombre de la revoluci\u00f3n.<\/em><\/p>\n<p><em>No merecen los pensionistas, con m\u00e1s de cuarenta a\u00f1os cotizando a la Seguridad Social, a estas alturas de una vida, echar sobre sus cansado hombros, no s\u00f3lo la preocupaci\u00f3n del mercado laboral que sufren sus hijos y nietos, tambi\u00e9n la inseguridad del sistema que garantiza el futuro inmediato de sus pensiones.<\/em><\/p>\n<p><em>No merecen los ciudadanos que viven toreando un sueldo o una pensi\u00f3n que tributa IRPF, que la Hacienda de todos, permita privilegios y golfer\u00edas, que luego son objeto de amnist\u00edas, o &#8220;arreglos&#8221; como los que sabemos se est\u00e1n dando en el mundo del futbol de \u00e9lite, que por cierto, era hora que se convirtiera en objetivo de la Agencia Tributaria.<\/em><\/p>\n<p><em>No merecen los funcionarios de carrera, que han hecho oposiciones y sacrificios econ\u00f3micos durante la crisis, el trato de us\u00eda que reciben en sueldo, prestaciones de toda \u00edndole, seguros, dietas, exenciones varias, la casta de los pol\u00edticos, que en muchos casos no saben hacer una o con un canuto, salvo rendir pleites\u00edas a la c\u00faspide del partido, acertando qui\u00e9n ganar\u00e1 en cada una de las crisis que son parte necesaria en el ciclo vital de tales organizaciones, que hace tiempo dejaron de representar al pueblo, para representar sus propios y bastardos intereses.<\/em><\/p>\n<p><em>No merecen las personas mayores que se les arrincone en centros de ancianos, d\u00f3nde son atendidos por empresas que han convertido el envejecimiento en un mercado, mientras las familias crean un mundo en el que s\u00f3lo tienen cabida los fuertes.<\/em><\/p>\n<p><em>No merecen ustedes y yo mismo, esta Europa de mercaderes y prestamistas, que nos han enga\u00f1ado con promesas de ciudadan\u00eda compartida.&nbsp;<\/em><\/p>\n<p>O pr\u00f3ximo ano&#8230; que cambiar\u00e1? Presionar\u00e1s e axudar\u00e1s a que cambie? No sentido de expectativa (e tir\u00f3n de orellas) vai a postal de Nadal do IES de Ribadeo Dionisio Gamallo:<\/p>\n<p><a href=\"https:\/\/blogger.googleusercontent.com\/img\/b\/R29vZ2xl\/AVvXsEh13vDAOnJRLKKLjdQcWkcQxLVeh0Cd14vmFkcJFh8zVmfeD0fS-gP3qmAHDiEB2RVC9VYYrvKoaqBcnlWy5Z7x69BXdSm3QGGdbII2w6ln-z7GiwTwdpfCKUqM2dli7MuKgagnSg\/s2048\/postal-2016.jpg\" imageanchor=\"1\" style=\"margin-left: 1em; margin-right: 1em;\"><img decoding=\"async\" src=\"https:\/\/blogger.googleusercontent.com\/img\/b\/R29vZ2xl\/AVvXsEh13vDAOnJRLKKLjdQcWkcQxLVeh0Cd14vmFkcJFh8zVmfeD0fS-gP3qmAHDiEB2RVC9VYYrvKoaqBcnlWy5Z7x69BXdSm3QGGdbII2w6ln-z7GiwTwdpfCKUqM2dli7MuKgagnSg\/s2048\/postal-2016.jpg\" \/><\/a><\/p>\n","protected":false},"excerpt":{"rendered":"<p>Coido que o que reproduzo a continuaci\u00f3n vai na li\u00f1a do que pensa moita xente. A\u00ednda que &#8216;a esperanza \u00e9 o \u00faltimo que se perde&#8217;, parece que vai na li\u00f1a da desesperanza, cando o que fai \u00e9 expresar algo que se pode constatar. Pero, son tantas cousas&#8230; No merecen los del PP que les vuelvan [&hellip;]<\/p>\n","protected":false},"author":3,"featured_media":0,"comment_status":"open","ping_status":"closed","sticky":false,"template":"","format":"standard","meta":{"activitypub_content_warning":"","activitypub_content_visibility":"","activitypub_max_image_attachments":3,"activitypub_interaction_policy_quote":"anyone","activitypub_status":"federated","footnotes":""},"categories":[1],"tags":[14,9],"class_list":["post-5978","post","type-post","status-publish","format-standard","hentry","category-sen-categoria","tag-pablo-mosquera","tag-sociedade"],"_links":{"self":[{"href":"https:\/\/blogs.amarinha.gal\/ribadeando\/wp-json\/wp\/v2\/posts\/5978","targetHints":{"allow":["GET"]}}],"collection":[{"href":"https:\/\/blogs.amarinha.gal\/ribadeando\/wp-json\/wp\/v2\/posts"}],"about":[{"href":"https:\/\/blogs.amarinha.gal\/ribadeando\/wp-json\/wp\/v2\/types\/post"}],"author":[{"embeddable":true,"href":"https:\/\/blogs.amarinha.gal\/ribadeando\/wp-json\/wp\/v2\/users\/3"}],"replies":[{"embeddable":true,"href":"https:\/\/blogs.amarinha.gal\/ribadeando\/wp-json\/wp\/v2\/comments?post=5978"}],"version-history":[{"count":0,"href":"https:\/\/blogs.amarinha.gal\/ribadeando\/wp-json\/wp\/v2\/posts\/5978\/revisions"}],"wp:attachment":[{"href":"https:\/\/blogs.amarinha.gal\/ribadeando\/wp-json\/wp\/v2\/media?parent=5978"}],"wp:term":[{"taxonomy":"category","embeddable":true,"href":"https:\/\/blogs.amarinha.gal\/ribadeando\/wp-json\/wp\/v2\/categories?post=5978"},{"taxonomy":"post_tag","embeddable":true,"href":"https:\/\/blogs.amarinha.gal\/ribadeando\/wp-json\/wp\/v2\/tags?post=5978"}],"curies":[{"name":"wp","href":"https:\/\/api.w.org\/{rel}","templated":true}]}}