{"id":597,"date":"2024-05-26T00:30:00","date_gmt":"2024-05-25T22:30:00","guid":{"rendered":""},"modified":"2024-10-23T10:57:13","modified_gmt":"2024-10-23T08:57:13","slug":"o-bosque-animado-de-vari-carames-xose","status":"publish","type":"post","link":"https:\/\/blogs.amarinha.gal\/ribadeando\/2024\/05\/26\/o-bosque-animado-de-vari-carames-xose\/","title":{"rendered":"O BOSQUE ANIMADO DE VARI CARAM\u00c9S. Xos\u00e9 Carlos Rodr\u00edguez Ra\u00f1\u00f3n"},"content":{"rendered":"<\/p>\n<p style=\"text-align: center;\">\n<i><\/p>\n<table align=\"center\" cellpadding=\"0\" cellspacing=\"0\" class=\"tr-caption-container\" style=\"margin-left: auto; margin-right: auto;\">\n<tbody>\n<tr>\n<td style=\"text-align: center;\"><a href=\"https:\/\/blogger.googleusercontent.com\/img\/b\/R29vZ2xl\/AVvXsEjnS58D3EtSvdnXAhOBCGYTd8KQM2rXdYe9ozX97Zv0H56ueeTg1LdG42gl3jILRcX9tCaKhE9W7mXF-wBvTbH3lOcswSeOTf5n2Dv0PREbuGWIHlMxO5S3xssWebSfqv4U0mnzyhQ3VefCwaDbtBGEL3Fkcl-nimWC77DTdlEB0VZcquMY8f2QXA\/s640\/Estudio_de_Vari_Caram%C3%A9s_na_Coru%C3%B1a.jpg\" imageanchor=\"1\" style=\"margin-left: auto; margin-right: auto;\"><img loading=\"lazy\" decoding=\"async\" border=\"0\" data-original-height=\"360\" data-original-width=\"640\" height=\"345\" src=\"https:\/\/blogs.amarinha.gal\/ribadeando\/wp-content\/uploads\/sites\/4\/2024\/05\/Estudio_de_Vari_CaramC3A9s_na_CoruC3B1a.jpg\" class=\"wp-image-598\" width=\"613\" \/><\/a><\/td>\n<\/tr>\n<tr>\n<td class=\"tr-caption\" style=\"text-align: center;\"><span style=\"font-size: x-small;\">Estudo de Vari Caram\u00e9s nA Coru\u00f1a. Por <a href=\"https:\/\/commons.wikimedia.org\/wiki\/User:Estevoaei\" rel=\"nofollow noopener\" target=\"_blank\">Estevoaei<\/a> en <a href=\"https:\/\/commons.wikimedia.org\/wiki\/File:Estudio_de_Vari_Caram%C3%A9s_na_Coru%C3%B1a.jpg\" rel=\"nofollow noopener\" target=\"_blank\">Commons<\/a>, lic. CC BY SA 4.0<\/span><\/td>\n<\/tr>\n<\/tbody>\n<\/table>\n<p>&nbsp;O BOSQUE ANIMADO DE VARI CARAM\u00c9S<\/i><\/p>\n<p style=\"text-align: center;\"><i><br \/>\n<a href=\"https:\/\/blogs.amarinha.gal\/ribadeando\/search\/label\/Xos%C3%A9%20Carlos%20Rodr%C3%ADguez%20Ra%C3%B1%C3%B3n\" rel=\"nofollow noopener\" target=\"_blank\">Xos\u00e9 Carlos Rodr\u00edguez Ra\u00f1\u00f3n<\/a><\/i><\/p>\n<p style=\"text-align: justify;\"><i><\/p>\n<p>\t<span>&nbsp;&nbsp; &nbsp;<\/span>O fot\u00f3grafo ferrol\u00e1n asentado desde xa hai tempo na Coru\u00f1a, <a href=\"https:\/\/gl.wikipedia.org\/wiki\/Vari_Caram%C3%A9s\" rel=\"nofollow noopener\" target=\"_blank\">Vari Caram\u00e9s<\/a>, mantivo entre os meses de febreiro e marzo na galer\u00eda Trinta compostel\u00e1 a s\u00faa \u00faltima exposici\u00f3n polo de agora, titulada \u201cO bosque animado\u201d en homenaxe ao escritor galego en lingua castel\u00e1 e un dos pais do que logo ser\u00eda o realismo m\u00e1xico hispanoamericano Wenceslao Fern\u00e1ndez Fl\u00f3rez.<\/i><\/p>\n<p style=\"text-align: justify;\"><i><br \/>\n\t<span>&nbsp;&nbsp; &nbsp;<\/span>Nela mestura unha ducia de instant\u00e1neas s\u00faas cunha decena de acuarelas de \u00c1ngeles Sales, quen fora a s\u00faa dona, compa\u00f1eira de vida e musa. A idea foi propiamente s\u00faa xa que ela non cr\u00eda tan seriamente no proxecto como el, malia a orixinalidade das acuarelas de Sales, frotadas \u00e1s cortizas das \u00e1rbores na m\u00edtica Fraga de Cecebre antes de seren coloreadas, fraga que o propio autor tam\u00e9n fotografou mesmo coa s\u00faa muller trafegando entre o mesto e aut\u00f3ctono arboredo.<\/i><\/p>\n<p style=\"text-align: justify;\"><i><br \/>\n\t<span>&nbsp;&nbsp; &nbsp;<\/span>Na exposici\u00f3n tam\u00e9n hai unha serie de fotos en branco e negro adicada exclusivamente \u00e1 cidade de Santiago, coa que Caram\u00e9s ten unha relaci\u00f3n especial desde hai xa moitos anos. Ultimamente, estase tam\u00e9n a interesar, como el mesmo confesou, pola edici\u00f3n do seu material en formato libro, algo que cre que est\u00e1 a pasar, na actualidade especialmente, por un momento estelar.<\/i><\/p>\n","protected":false},"excerpt":{"rendered":"<p>Estudo de Vari Caram\u00e9s nA Coru\u00f1a. Por Estevoaei en Commons, lic. CC BY SA 4.0 &nbsp;O BOSQUE ANIMADO DE VARI CARAM\u00c9S Xos\u00e9 Carlos Rodr\u00edguez Ra\u00f1\u00f3n &nbsp;&nbsp; &nbsp;O fot\u00f3grafo ferrol\u00e1n asentado desde xa hai tempo na Coru\u00f1a, Vari Caram\u00e9s, mantivo entre os meses de febreiro e marzo na galer\u00eda Trinta compostel\u00e1 a s\u00faa \u00faltima exposici\u00f3n polo [&hellip;]<\/p>\n","protected":false},"author":3,"featured_media":598,"comment_status":"open","ping_status":"closed","sticky":false,"template":"","format":"standard","meta":{"activitypub_content_warning":"","activitypub_content_visibility":"","activitypub_max_image_attachments":3,"activitypub_interaction_policy_quote":"anyone","activitypub_status":"federate","footnotes":""},"categories":[1],"tags":[10,31],"class_list":["post-597","post","type-post","status-publish","format-standard","has-post-thumbnail","hentry","category-sen-categoria","tag-cultura","tag-xose-carlos-rodriguez-ranon"],"_links":{"self":[{"href":"https:\/\/blogs.amarinha.gal\/ribadeando\/wp-json\/wp\/v2\/posts\/597","targetHints":{"allow":["GET"]}}],"collection":[{"href":"https:\/\/blogs.amarinha.gal\/ribadeando\/wp-json\/wp\/v2\/posts"}],"about":[{"href":"https:\/\/blogs.amarinha.gal\/ribadeando\/wp-json\/wp\/v2\/types\/post"}],"author":[{"embeddable":true,"href":"https:\/\/blogs.amarinha.gal\/ribadeando\/wp-json\/wp\/v2\/users\/3"}],"replies":[{"embeddable":true,"href":"https:\/\/blogs.amarinha.gal\/ribadeando\/wp-json\/wp\/v2\/comments?post=597"}],"version-history":[{"count":0,"href":"https:\/\/blogs.amarinha.gal\/ribadeando\/wp-json\/wp\/v2\/posts\/597\/revisions"}],"wp:featuredmedia":[{"embeddable":true,"href":"https:\/\/blogs.amarinha.gal\/ribadeando\/wp-json\/wp\/v2\/media\/598"}],"wp:attachment":[{"href":"https:\/\/blogs.amarinha.gal\/ribadeando\/wp-json\/wp\/v2\/media?parent=597"}],"wp:term":[{"taxonomy":"category","embeddable":true,"href":"https:\/\/blogs.amarinha.gal\/ribadeando\/wp-json\/wp\/v2\/categories?post=597"},{"taxonomy":"post_tag","embeddable":true,"href":"https:\/\/blogs.amarinha.gal\/ribadeando\/wp-json\/wp\/v2\/tags?post=597"}],"curies":[{"name":"wp","href":"https:\/\/api.w.org\/{rel}","templated":true}]}}