{"id":5960,"date":"2017-01-21T09:48:00","date_gmt":"2017-01-21T08:48:00","guid":{"rendered":""},"modified":"2024-11-12T13:41:41","modified_gmt":"2024-11-12T12:41:41","slug":"mana-xa-remata","status":"publish","type":"post","link":"https:\/\/blogs.amarinha.gal\/ribadeando\/2017\/01\/21\/mana-xa-remata\/","title":{"rendered":"Ma\u00f1\u00e1 xa remata (Fitur)"},"content":{"rendered":"<p>Miro a <a href=\"http:\/\/www.ifema.es\/fitur_01\/Informacion_general\/Fichatecnica\/index.htm\">ficha t\u00e9cnica<\/a>, por se acaso e si, ma\u00f1\u00e1 xa remata FITUR. Procuro no seu buscador &#8216;<a href=\"http:\/\/appcatalogo.ifema.es\/waCatalogoWeb\/index.html?feria=FT17&amp;idioma=es#LEMPRESAS&amp;p=1&amp;t=CONTIENE&amp;b=Ribadeo\">Ribadeo<\/a>&#8216; e apar\u00e9ceme o Parador como empresa participante. S\u00f3 o Parador. Procuro por &#8216;O Cabazo&#8217;, que vin en fotos que estaban os seus donos na feira, e non sae. Procuro por &#8216;A Mari\u00f1a&#8217;, e obte\u00f1o como resposta uns cantos hoteis que te\u00f1en a palabra &#8216;Marina&#8217;, pero ning\u00fan da Mari\u00f1a. Procura empresas, non lugares.<\/p>\n<p>Est\u00e1 visto. \u00c9 unha feira para participar, non para visitar telem\u00e1ticamente. Para facer fotos e que logo saian na prensa. Para facer unha viaxe previa \u00e1 viaxe dos teus sonos. Ou mellor, para que podan venderte de com\u00fan acordo un destino.<\/p>\n<p>Non remata de convencerme o \u00faltimo que puxen. Que destino te van vender se non poden procurar nel? Est\u00e1 visto que non visito Fitur e p\u00e9rdome nos detalles. Que coas fotos que aparecen nos xornais, coas galer\u00edas de fotos que po\u00f1en a disposici\u00f3n, non te podes facer unha idea m\u00e1is que de caras m\u00e1is ou menos co\u00f1ecidas sorrintes (non sei moi ben se por estar al\u00ed, porque saben que os podes ver ou por algunha outra raz\u00f3n.<\/p>\n<p>O caso \u00e9 que despois dunha chuvia de novas con base en Madrid, ma\u00f1\u00e1 rematar\u00e1 Fitur e voltar\u00e1 a verse Madrid na lontananza, despois de que todos sexan parab\u00e9ns, porque a viaxe a Madrid sup\u00f3n que todo ten que sa\u00edr ben.<\/p>\n<p>Non importa que non haxa un plan. As fotos est\u00e1n feitas. Misi\u00f3n cumprida.<\/p>\n<table align=\"center\" cellpadding=\"0\" cellspacing=\"0\" class=\"tr-caption-container\" style=\"margin-left: auto; margin-right: auto; text-align: center;\">\n<tbody>\n<tr>\n<td style=\"text-align: center;\"><a href=\"https:\/\/blogger.googleusercontent.com\/img\/b\/R29vZ2xl\/AVvXsEgbvOYugSU9QwTPsDwzE5itbAcba8a0BGFn33s721c_n8ejo1OJK7OR3P6NEdLGZ5L3aUM3OxG1FG6NTVcmMDD6WnokzolA6MncTkxw5W7MVMR9NigLv2ipPVHK5SeMEEXq46s1Pw\/s2048\/Fitur.png\" imageanchor=\"1\" style=\"margin-left: auto; margin-right: auto;\"><img decoding=\"async\" src=\"https:\/\/blogger.googleusercontent.com\/img\/b\/R29vZ2xl\/AVvXsEgbvOYugSU9QwTPsDwzE5itbAcba8a0BGFn33s721c_n8ejo1OJK7OR3P6NEdLGZ5L3aUM3OxG1FG6NTVcmMDD6WnokzolA6MncTkxw5W7MVMR9NigLv2ipPVHK5SeMEEXq46s1Pw\/s2048\/Fitur.png\" \/><\/a><\/td>\n<\/tr>\n<tr>\n<td class=\"tr-caption\" style=\"text-align: center;\">Se queres acceder \u00e1 web de Fitur, <a href=\"http:\/\/www.ifema.es\/fitur_01\/Informacion_general\/Presentacion\/index.htm\">http:\/\/www.ifema.es\/fitur_01\/Informacion_general\/Presentacion\/index.htm<\/a><\/td>\n<td class=\"tr-caption\" style=\"text-align: center;\">\n<\/td>\n<\/tr>\n<\/tbody>\n<\/table>\n","protected":false},"excerpt":{"rendered":"<p>Miro a ficha t\u00e9cnica, por se acaso e si, ma\u00f1\u00e1 xa remata FITUR. Procuro no seu buscador &#8216;Ribadeo&#8216; e apar\u00e9ceme o Parador como empresa participante. S\u00f3 o Parador. Procuro por &#8216;O Cabazo&#8217;, que vin en fotos que estaban os seus donos na feira, e non sae. Procuro por &#8216;A Mari\u00f1a&#8217;, e obte\u00f1o como resposta uns [&hellip;]<\/p>\n","protected":false},"author":3,"featured_media":0,"comment_status":"open","ping_status":"closed","sticky":false,"template":"","format":"standard","meta":{"activitypub_content_warning":"","activitypub_content_visibility":"","activitypub_max_image_attachments":3,"activitypub_interaction_policy_quote":"anyone","activitypub_status":"federate","footnotes":""},"categories":[1],"tags":[9],"class_list":["post-5960","post","type-post","status-publish","format-standard","hentry","category-sen-categoria","tag-sociedade"],"_links":{"self":[{"href":"https:\/\/blogs.amarinha.gal\/ribadeando\/wp-json\/wp\/v2\/posts\/5960","targetHints":{"allow":["GET"]}}],"collection":[{"href":"https:\/\/blogs.amarinha.gal\/ribadeando\/wp-json\/wp\/v2\/posts"}],"about":[{"href":"https:\/\/blogs.amarinha.gal\/ribadeando\/wp-json\/wp\/v2\/types\/post"}],"author":[{"embeddable":true,"href":"https:\/\/blogs.amarinha.gal\/ribadeando\/wp-json\/wp\/v2\/users\/3"}],"replies":[{"embeddable":true,"href":"https:\/\/blogs.amarinha.gal\/ribadeando\/wp-json\/wp\/v2\/comments?post=5960"}],"version-history":[{"count":0,"href":"https:\/\/blogs.amarinha.gal\/ribadeando\/wp-json\/wp\/v2\/posts\/5960\/revisions"}],"wp:attachment":[{"href":"https:\/\/blogs.amarinha.gal\/ribadeando\/wp-json\/wp\/v2\/media?parent=5960"}],"wp:term":[{"taxonomy":"category","embeddable":true,"href":"https:\/\/blogs.amarinha.gal\/ribadeando\/wp-json\/wp\/v2\/categories?post=5960"},{"taxonomy":"post_tag","embeddable":true,"href":"https:\/\/blogs.amarinha.gal\/ribadeando\/wp-json\/wp\/v2\/tags?post=5960"}],"curies":[{"name":"wp","href":"https:\/\/api.w.org\/{rel}","templated":true}]}}