{"id":5956,"date":"2017-01-25T07:56:00","date_gmt":"2017-01-25T06:56:00","guid":{"rendered":""},"modified":"2024-11-12T13:41:35","modified_gmt":"2024-11-12T12:41:35","slug":"o-teson-convocatoria","status":"publish","type":"post","link":"https:\/\/blogs.amarinha.gal\/ribadeando\/2017\/01\/25\/o-teson-convocatoria\/","title":{"rendered":"O Tes\u00f3n: convocatoria"},"content":{"rendered":"<p><a href=\"https:\/\/blogger.googleusercontent.com\/img\/b\/R29vZ2xl\/AVvXsEhe55s0jVzWV1cBQLe_B45Epz4mMBrNAwnEtBE1XQmEh9PIhWYAmHStr_1Q19JmodpPm8P2-Pei5M5A9ulYX0oK7YvLCZzyPOjMWWEjJBT81amRJs6myA7u7-KYTDFw5ZPaoznjHQ\/s2048\/20170204+convocatoria+asamblea.jpg\" imageanchor=\"1\" style=\"margin-left: 1em; margin-right: 1em;\"><img decoding=\"async\" src=\"https:\/\/blogger.googleusercontent.com\/img\/b\/R29vZ2xl\/AVvXsEhe55s0jVzWV1cBQLe_B45Epz4mMBrNAwnEtBE1XQmEh9PIhWYAmHStr_1Q19JmodpPm8P2-Pei5M5A9ulYX0oK7YvLCZzyPOjMWWEjJBT81amRJs6myA7u7-KYTDFw5ZPaoznjHQ\/s2048\/20170204+convocatoria+asamblea.jpg\" \/><\/a><\/p>\n<p>Por se non se ve ben a imaxe:<\/p>\n<p><em>Pola presente, conv\u00f3case a t\u00f3dolos socios de O Tes\u00f3n \u00e1 asamblea xeral ordinaria que ter\u00e1 lugar no sal\u00f3n de actos da Casa do Mar o d\u00eda 4 de febreiro de 2017, s\u00e1bado, \u00e1s 20:00 horas en segunda convocatoria (\u00e1s 19:30 en primeira convocatoria, que previsiblemente non se far\u00e1 por falta de quorum)<\/em><\/p>\n<p><em>Est\u00e1 previsto un punto \u00fanico na orde do d\u00eda:<br \/>\n<\/em><\/p>\n<p><em>1.Futuro da Asociaci\u00f3n.<br \/>\n<\/em><\/p>\n<p><em>Como comentario \u00f3 \u00fanico punto, despois de ter pasado un ano de prazo como foi previsto na \u00faltima asamblea, e ante o feito de que non hai candidaturas \u00e1 directiva, pero si nos te\u00f1en manifestado moitos socios (e mesmo non socios) un apoio para a continuidade, estanse estudando diversas posibilidades, como continuar a situaci\u00f3n actual de xeito indefinido, editar un novo libro de tema ribadense, etc, algo que queremos consultar a quen te\u00f1a a ben asistir.<br \/>\n<\/em><\/p>\n<p><em>En Ribadeo, a 15 de xaneiro de 2017<\/em><\/p>\n<p><em>O Presidente,<\/em><\/p>\n<p><em>Francisco J. Campos<\/em><\/p>\n","protected":false},"excerpt":{"rendered":"<p>Por se non se ve ben a imaxe: Pola presente, conv\u00f3case a t\u00f3dolos socios de O Tes\u00f3n \u00e1 asamblea xeral ordinaria que ter\u00e1 lugar no sal\u00f3n de actos da Casa do Mar o d\u00eda 4 de febreiro de 2017, s\u00e1bado, \u00e1s 20:00 horas en segunda convocatoria (\u00e1s 19:30 en primeira convocatoria, que previsiblemente non se [&hellip;]<\/p>\n","protected":false},"author":3,"featured_media":0,"comment_status":"open","ping_status":"closed","sticky":false,"template":"","format":"standard","meta":{"activitypub_content_warning":"","activitypub_content_visibility":"","activitypub_max_image_attachments":3,"activitypub_interaction_policy_quote":"anyone","activitypub_status":"federate","footnotes":""},"categories":[1],"tags":[11,74],"class_list":["post-5956","post","type-post","status-publish","format-standard","hentry","category-sen-categoria","tag-historia","tag-o-teson"],"_links":{"self":[{"href":"https:\/\/blogs.amarinha.gal\/ribadeando\/wp-json\/wp\/v2\/posts\/5956","targetHints":{"allow":["GET"]}}],"collection":[{"href":"https:\/\/blogs.amarinha.gal\/ribadeando\/wp-json\/wp\/v2\/posts"}],"about":[{"href":"https:\/\/blogs.amarinha.gal\/ribadeando\/wp-json\/wp\/v2\/types\/post"}],"author":[{"embeddable":true,"href":"https:\/\/blogs.amarinha.gal\/ribadeando\/wp-json\/wp\/v2\/users\/3"}],"replies":[{"embeddable":true,"href":"https:\/\/blogs.amarinha.gal\/ribadeando\/wp-json\/wp\/v2\/comments?post=5956"}],"version-history":[{"count":0,"href":"https:\/\/blogs.amarinha.gal\/ribadeando\/wp-json\/wp\/v2\/posts\/5956\/revisions"}],"wp:attachment":[{"href":"https:\/\/blogs.amarinha.gal\/ribadeando\/wp-json\/wp\/v2\/media?parent=5956"}],"wp:term":[{"taxonomy":"category","embeddable":true,"href":"https:\/\/blogs.amarinha.gal\/ribadeando\/wp-json\/wp\/v2\/categories?post=5956"},{"taxonomy":"post_tag","embeddable":true,"href":"https:\/\/blogs.amarinha.gal\/ribadeando\/wp-json\/wp\/v2\/tags?post=5956"}],"curies":[{"name":"wp","href":"https:\/\/api.w.org\/{rel}","templated":true}]}}