{"id":5955,"date":"2017-01-25T23:00:00","date_gmt":"2017-01-25T22:00:00","guid":{"rendered":""},"modified":"2024-11-12T13:41:33","modified_gmt":"2024-11-12T12:41:33","slug":"25-anos-da-presentacion-da-banda-de","status":"publish","type":"post","link":"https:\/\/blogs.amarinha.gal\/ribadeando\/2017\/01\/25\/25-anos-da-presentacion-da-banda-de\/","title":{"rendered":"A banda cumpre anos: 25!"},"content":{"rendered":"<p>25 anos da presentaci\u00f3n da Banda de m\u00fasica de Ribadeo, o 25 de xaneiro de 1992 na igrexa de Santa Mar\u00eda do Campo&#8230; e un longo recorrido dende aquela na historia da m\u00fasica en Ribadeo, e de moitos ribadenses!<\/p>\n<p><a href=\"https:\/\/blogger.googleusercontent.com\/img\/b\/R29vZ2xl\/AVvXsEgl0xZ_Bs7CadGeA013O7cxG_AHsuSgqWoime8o8NJfeFYF4JXft0v2g3N9ELNksfv0SdNFBMmBJpBjRFZRZfCvmCtd7S-xtK9ozafhlg6vnkMQV2hmrei3n3VlSfxlhdXX1Mlukg\/s2048\/cartel+presentacu%25C3%25B3n+banda.png\" imageanchor=\"1\" style=\"margin-left: 1em; margin-right: 1em;\"><img decoding=\"async\" src=\"https:\/\/blogger.googleusercontent.com\/img\/b\/R29vZ2xl\/AVvXsEgl0xZ_Bs7CadGeA013O7cxG_AHsuSgqWoime8o8NJfeFYF4JXft0v2g3N9ELNksfv0SdNFBMmBJpBjRFZRZfCvmCtd7S-xtK9ozafhlg6vnkMQV2hmrei3n3VlSfxlhdXX1Mlukg\/s2048\/cartel+presentacu%25C3%25B3n+banda.png\" \/><\/a><\/p>\n<p>O cartel e o libri\u00f1o da presentaci\u00f3n, \u00f3 grande, como a ilusi\u00f3n que lev\u00e1bamos!<\/p>\n<p><script async=\"true\" src=\"\/\/e.issuu.com\/embed.js\" type=\"text\/javascript\"><\/script><\/p>\n<p>Para<a href=\"https:\/\/issuu.com\/agremon\/docs\/ribadeo_banda_1992\"> ver e descargar<\/a>.<\/p>\n","protected":false},"excerpt":{"rendered":"<p>25 anos da presentaci\u00f3n da Banda de m\u00fasica de Ribadeo, o 25 de xaneiro de 1992 na igrexa de Santa Mar\u00eda do Campo&#8230; e un longo recorrido dende aquela na historia da m\u00fasica en Ribadeo, e de moitos ribadenses! O cartel e o libri\u00f1o da presentaci\u00f3n, \u00f3 grande, como a ilusi\u00f3n que lev\u00e1bamos! Para ver [&hellip;]<\/p>\n","protected":false},"author":3,"featured_media":0,"comment_status":"open","ping_status":"closed","sticky":false,"template":"","format":"standard","meta":{"activitypub_content_warning":"","activitypub_content_visibility":"","activitypub_max_image_attachments":3,"activitypub_interaction_policy_quote":"anyone","activitypub_status":"federate","footnotes":""},"categories":[1],"tags":[81,11],"class_list":["post-5955","post","type-post","status-publish","format-standard","hentry","category-sen-categoria","tag-banda","tag-historia"],"_links":{"self":[{"href":"https:\/\/blogs.amarinha.gal\/ribadeando\/wp-json\/wp\/v2\/posts\/5955","targetHints":{"allow":["GET"]}}],"collection":[{"href":"https:\/\/blogs.amarinha.gal\/ribadeando\/wp-json\/wp\/v2\/posts"}],"about":[{"href":"https:\/\/blogs.amarinha.gal\/ribadeando\/wp-json\/wp\/v2\/types\/post"}],"author":[{"embeddable":true,"href":"https:\/\/blogs.amarinha.gal\/ribadeando\/wp-json\/wp\/v2\/users\/3"}],"replies":[{"embeddable":true,"href":"https:\/\/blogs.amarinha.gal\/ribadeando\/wp-json\/wp\/v2\/comments?post=5955"}],"version-history":[{"count":0,"href":"https:\/\/blogs.amarinha.gal\/ribadeando\/wp-json\/wp\/v2\/posts\/5955\/revisions"}],"wp:attachment":[{"href":"https:\/\/blogs.amarinha.gal\/ribadeando\/wp-json\/wp\/v2\/media?parent=5955"}],"wp:term":[{"taxonomy":"category","embeddable":true,"href":"https:\/\/blogs.amarinha.gal\/ribadeando\/wp-json\/wp\/v2\/categories?post=5955"},{"taxonomy":"post_tag","embeddable":true,"href":"https:\/\/blogs.amarinha.gal\/ribadeando\/wp-json\/wp\/v2\/tags?post=5955"}],"curies":[{"name":"wp","href":"https:\/\/api.w.org\/{rel}","templated":true}]}}