{"id":5931,"date":"2017-02-20T08:03:00","date_gmt":"2017-02-20T07:03:00","guid":{"rendered":""},"modified":"2024-11-12T13:40:51","modified_gmt":"2024-11-12T12:40:51","slug":"bonito-crepusculo","status":"publish","type":"post","link":"https:\/\/blogs.amarinha.gal\/ribadeando\/2017\/02\/20\/bonito-crepusculo\/","title":{"rendered":"Bonito crep\u00fasculo"},"content":{"rendered":"<p>Onte, cara \u00f3 oeste, o crep\u00fasculo sorprendeu con cores e tonalidades nas nubes. Fin dun d\u00eda, anuncio dunha semana que, por estar por comezar, pode dar todo de si.<\/p>\n<p>Unha semana para sementar e tam\u00e9n para recoller froito. Adiante! <\/p>\n<p><a href=\"https:\/\/blogger.googleusercontent.com\/img\/b\/R29vZ2xl\/AVvXsEiUNCTY2EEzAF3zKEeWhWZzINDopmqy-yBHK7MRDj9dP2K91SYFPFTonHnO5R7HpNLj8NZCwMdOKUk6vz0wZHg5ZnT0AU96lPjz17AD_mGcvPwBKGlt5Hne02s8ugz5Zu5SI5ZKxA\/s2048\/posta+de+Sol.png\" imageanchor=\"1\" style=\"margin-left: 1em; margin-right: 1em;\"><img decoding=\"async\" src=\"https:\/\/blogger.googleusercontent.com\/img\/b\/R29vZ2xl\/AVvXsEiUNCTY2EEzAF3zKEeWhWZzINDopmqy-yBHK7MRDj9dP2K91SYFPFTonHnO5R7HpNLj8NZCwMdOKUk6vz0wZHg5ZnT0AU96lPjz17AD_mGcvPwBKGlt5Hne02s8ugz5Zu5SI5ZKxA\/s2048\/posta+de+Sol.png\" \/><\/a><\/p>\n<p><a href=\"https:\/\/blogger.googleusercontent.com\/img\/b\/R29vZ2xl\/AVvXsEjx5ZtFX8hyphenhyphene8Dc5rhmcZCWBrP8GtI-xPjqbWG1IYQxiXSO8E6OlU1MThM9KNfdCoSD2prZ-zm6_-XBA4SwCyGIH3m5N3a2rgaxCCuLHHKXaUIazdE3zVR6-YZjg2eCUDkTQMwZ5g\/s2048\/posta+de+Sol+2.png\" imageanchor=\"1\" style=\"clear: right; float: right; margin-bottom: 1em; margin-left: 1em;\"><img decoding=\"async\" src=\"https:\/\/blogger.googleusercontent.com\/img\/b\/R29vZ2xl\/AVvXsEjx5ZtFX8hyphenhyphene8Dc5rhmcZCWBrP8GtI-xPjqbWG1IYQxiXSO8E6OlU1MThM9KNfdCoSD2prZ-zm6_-XBA4SwCyGIH3m5N3a2rgaxCCuLHHKXaUIazdE3zVR6-YZjg2eCUDkTQMwZ5g\/s2048\/posta+de+Sol+2.png\" \/><\/a><\/p>\n","protected":false},"excerpt":{"rendered":"<p>Onte, cara \u00f3 oeste, o crep\u00fasculo sorprendeu con cores e tonalidades nas nubes. Fin dun d\u00eda, anuncio dunha semana que, por estar por comezar, pode dar todo de si. Unha semana para sementar e tam\u00e9n para recoller froito. Adiante!<\/p>\n","protected":false},"author":3,"featured_media":0,"comment_status":"open","ping_status":"closed","sticky":false,"template":"","format":"standard","meta":{"activitypub_content_warning":"","activitypub_content_visibility":"","activitypub_max_image_attachments":3,"activitypub_interaction_policy_quote":"anyone","activitypub_status":"federated","footnotes":""},"categories":[1],"tags":[103],"class_list":["post-5931","post","type-post","status-publish","format-standard","hentry","category-sen-categoria","tag-fotos"],"_links":{"self":[{"href":"https:\/\/blogs.amarinha.gal\/ribadeando\/wp-json\/wp\/v2\/posts\/5931","targetHints":{"allow":["GET"]}}],"collection":[{"href":"https:\/\/blogs.amarinha.gal\/ribadeando\/wp-json\/wp\/v2\/posts"}],"about":[{"href":"https:\/\/blogs.amarinha.gal\/ribadeando\/wp-json\/wp\/v2\/types\/post"}],"author":[{"embeddable":true,"href":"https:\/\/blogs.amarinha.gal\/ribadeando\/wp-json\/wp\/v2\/users\/3"}],"replies":[{"embeddable":true,"href":"https:\/\/blogs.amarinha.gal\/ribadeando\/wp-json\/wp\/v2\/comments?post=5931"}],"version-history":[{"count":0,"href":"https:\/\/blogs.amarinha.gal\/ribadeando\/wp-json\/wp\/v2\/posts\/5931\/revisions"}],"wp:attachment":[{"href":"https:\/\/blogs.amarinha.gal\/ribadeando\/wp-json\/wp\/v2\/media?parent=5931"}],"wp:term":[{"taxonomy":"category","embeddable":true,"href":"https:\/\/blogs.amarinha.gal\/ribadeando\/wp-json\/wp\/v2\/categories?post=5931"},{"taxonomy":"post_tag","embeddable":true,"href":"https:\/\/blogs.amarinha.gal\/ribadeando\/wp-json\/wp\/v2\/tags?post=5931"}],"curies":[{"name":"wp","href":"https:\/\/api.w.org\/{rel}","templated":true}]}}