{"id":5925,"date":"2017-02-25T13:02:00","date_gmt":"2017-02-25T12:02:00","guid":{"rendered":""},"modified":"2024-11-12T13:40:42","modified_gmt":"2024-11-12T12:40:42","slug":"ah-se-xa-pasou-claro-estamos-no-antroido","status":"publish","type":"post","link":"https:\/\/blogs.amarinha.gal\/ribadeando\/2017\/02\/25\/ah-se-xa-pasou-claro-estamos-no-antroido\/","title":{"rendered":"Ah! Se xa pasou! Claro, estamos no antroido&#8230;"},"content":{"rendered":"<p>Onte foi polo d\u00eda de Rosal\u00eda. Foi que? Foi&#8230; o que fora. E si, houbo movida. Nos centros educativos, algunha nova na prensa&#8230; Mais que Galicia est\u00e1 a desgaleguizarse \u00e9 algo que se palpa nos actos convocados e a participaci\u00f3n que acadan. Claro que non \u00e9 s\u00f3 que se estea a desgaleguizar. Pero isa \u00e9 outra cuesti\u00f3n.<\/p>\n<p><a href=\"https:\/\/blogger.googleusercontent.com\/img\/b\/R29vZ2xl\/AVvXsEgcNPx3icjqwULtYnSy9EI_GX2dKsIbzeD9ZhgzJDHiEPuAFocEjBNNS_2-DZI0k4zL2XYPsXOFIY0q8RtLYnWtIa2gJ0ETHqgZ4_cjYZJtvNzqUKFaIWMe61jwP1s4o0aRMDM2ug\/s2048\/Manifesto+polo+d%25C3%25ADa+de+Rosal%25C3%25ADa+2017_.jpg\" imageanchor=\"1\" style=\"margin-left: 1em; margin-right: 1em;\"><img decoding=\"async\" src=\"https:\/\/blogger.googleusercontent.com\/img\/b\/R29vZ2xl\/AVvXsEgcNPx3icjqwULtYnSy9EI_GX2dKsIbzeD9ZhgzJDHiEPuAFocEjBNNS_2-DZI0k4zL2XYPsXOFIY0q8RtLYnWtIa2gJ0ETHqgZ4_cjYZJtvNzqUKFaIWMe61jwP1s4o0aRMDM2ug\/s2048\/Manifesto+polo+d%25C3%25ADa+de+Rosal%25C3%25ADa+2017_.jpg\" \/><\/a><\/p>\n<p>Onte, no cine teatro, representaci\u00f3n polo d\u00eda de Rosal\u00eda. Unhas 50 persoas. Lectura do manifesto e &#8216;<a href=\"http:\/\/www.inversateatro.com\/inicio\/es\/2013\/07\/te-con-kant-el-nuevo-espectaculo-de-inversa-teatro\/\">Un t\u00e9 con Kant<\/a>&#8216;. Por certo, Hai 4 anos, entrada na Coru\u00f1a para a obra de teatro, 5 \u20ac. Onte, 4\u20ac<\/p>\n<p>Hoxe, presentaci\u00f3n do antroido. Coido que non far\u00e1 falla correr a cortina para diminu\u00edr o aforo percibido no cine-teatro. O certo \u00e9 que onte parec\u00eda m\u00e1is pequeno.<\/p>\n","protected":false},"excerpt":{"rendered":"<p>Onte foi polo d\u00eda de Rosal\u00eda. Foi que? Foi&#8230; o que fora. E si, houbo movida. Nos centros educativos, algunha nova na prensa&#8230; Mais que Galicia est\u00e1 a desgaleguizarse \u00e9 algo que se palpa nos actos convocados e a participaci\u00f3n que acadan. Claro que non \u00e9 s\u00f3 que se estea a desgaleguizar. Pero isa \u00e9 [&hellip;]<\/p>\n","protected":false},"author":3,"featured_media":0,"comment_status":"open","ping_status":"closed","sticky":false,"template":"","format":"standard","meta":{"activitypub_content_warning":"","activitypub_content_visibility":"","activitypub_max_image_attachments":3,"activitypub_interaction_policy_quote":"anyone","activitypub_status":"federated","footnotes":""},"categories":[1],"tags":[16],"class_list":["post-5925","post","type-post","status-publish","format-standard","hentry","category-sen-categoria","tag-lingua"],"_links":{"self":[{"href":"https:\/\/blogs.amarinha.gal\/ribadeando\/wp-json\/wp\/v2\/posts\/5925","targetHints":{"allow":["GET"]}}],"collection":[{"href":"https:\/\/blogs.amarinha.gal\/ribadeando\/wp-json\/wp\/v2\/posts"}],"about":[{"href":"https:\/\/blogs.amarinha.gal\/ribadeando\/wp-json\/wp\/v2\/types\/post"}],"author":[{"embeddable":true,"href":"https:\/\/blogs.amarinha.gal\/ribadeando\/wp-json\/wp\/v2\/users\/3"}],"replies":[{"embeddable":true,"href":"https:\/\/blogs.amarinha.gal\/ribadeando\/wp-json\/wp\/v2\/comments?post=5925"}],"version-history":[{"count":0,"href":"https:\/\/blogs.amarinha.gal\/ribadeando\/wp-json\/wp\/v2\/posts\/5925\/revisions"}],"wp:attachment":[{"href":"https:\/\/blogs.amarinha.gal\/ribadeando\/wp-json\/wp\/v2\/media?parent=5925"}],"wp:term":[{"taxonomy":"category","embeddable":true,"href":"https:\/\/blogs.amarinha.gal\/ribadeando\/wp-json\/wp\/v2\/categories?post=5925"},{"taxonomy":"post_tag","embeddable":true,"href":"https:\/\/blogs.amarinha.gal\/ribadeando\/wp-json\/wp\/v2\/tags?post=5925"}],"curies":[{"name":"wp","href":"https:\/\/api.w.org\/{rel}","templated":true}]}}