{"id":5921,"date":"2017-03-01T11:14:00","date_gmt":"2017-03-01T10:14:00","guid":{"rendered":""},"modified":"2024-11-12T13:40:30","modified_gmt":"2024-11-12T12:40:30","slug":"movemento-do-porto-de-ribadeo","status":"publish","type":"post","link":"https:\/\/blogs.amarinha.gal\/ribadeando\/2017\/03\/01\/movemento-do-porto-de-ribadeo\/","title":{"rendered":"Movemento do porto de Ribadeo: actualizando"},"content":{"rendered":"<p>Despois da entrada do d\u00eda 11 do mes pasado sobre o <a href=\"http:\/\/ribadeando.blogspot.com.es\/2017\/02\/movemento-no-porto-de-ribadeo.html\">movemento do porto de Ribadeo<\/a>, ten chegada unha nova entrega de dados portuarios, esta vez sobre o mes de xaneiro. Ser\u00edan, segundo os xornais (e suponse que segundo a correspondente nota de prensa -ver m\u00e1is abaixo-), 37 500 Tm estibadas no porto comercial de Ribadeo en xaneiro.<\/p>\n<p>Aproveito o dado para facer unha comparaci\u00f3n coa media mensual doutros anos:<\/p>\n<p><a href=\"https:\/\/blogger.googleusercontent.com\/img\/b\/R29vZ2xl\/AVvXsEgxT4cZ8PFSYL56pNJQqdC6YjRlrLre_NcyWM3CAt6YWg4Cq2HzRvQdynayaVbTvT7zkhweLTiO7QgquSSw8mnrETINWbnTuD6FW9fN2QBKH_xLygCUDoyBVdugt5N5II3kWG3gAw\/s2048\/Porto+de+Ribadeo.png\" imageanchor=\"1\" style=\"margin-left: 1em; margin-right: 1em;\"><img decoding=\"async\" src=\"https:\/\/blogger.googleusercontent.com\/img\/b\/R29vZ2xl\/AVvXsEgxT4cZ8PFSYL56pNJQqdC6YjRlrLre_NcyWM3CAt6YWg4Cq2HzRvQdynayaVbTvT7zkhweLTiO7QgquSSw8mnrETINWbnTuD6FW9fN2QBKH_xLygCUDoyBVdugt5N5II3kWG3gAw\/s2048\/Porto+de+Ribadeo.png\" \/><\/a><\/p>\n<p>A\u00ed vese que (a\u00ednda coas inexactitudes xa apuntadas no artigo anterior m\u00e1is a pouca significaci\u00f3n do dado dun \u00fanico mes deste ano), o porto de Ribadeo tende a consolidar unha baixada lenta de mercador\u00edas. E, lembremos, seguen a estar vixentes a rebaixas sucesivas realizadas no seu momento a ENCE.<\/p>\n<p>Con iso, Ribadeo segue a\u00ednda \u00e1 cabeza dos portos auton\u00f3micos en mercador\u00edas estibadas. Non se sabe se en valor, que, para Portos de Galicia en conxunto, din que aumentou un 9% interanual (en facturaci\u00f3n). Tam\u00e9n seguimos sen co\u00f1ecer o conxunto de valor xerado plo porto, e&#8230; e en xeral, sen datos para ter unha perspectiva de pobo sobre o propio porto. Portos de Galicia ten unha web onde aparecen os informes de xesti\u00f3n (en teor\u00eda, por cita dos xornais, de onde se sacou a informaci\u00f3n das 37 500 Tm), onde o <a href=\"http:\/\/www.portosdegalicia.gal\/gl\/informes\">\u00faltimo informe cargado<\/a>, a d\u00eda de hoxe, \u00e9 o de 2013, que foi cargado en &#8230; 2015.<\/p>\n<p>Unha \u00faltima cousa: lembrar que Portos de Galicia ten titularidade sobre os &#8216;portos menores&#8217; da comunidade, non sobre o porto de Vigo ou da Coru\u00f1a, por po\u00f1er os dous exemplos m\u00e1is relevantes. Nin sobre instalaci\u00f3ns ou dominios achegados \u00f3 traico mar\u00edtimo como as situadas na illa Pancha, dependente a traverso da adminsitraci\u00f3n de Puerto de Ferrol-S. Cibrao, de Puertos del Estado.<\/p>\n<p>&#8212;<\/p>\n<p>A continuaci\u00f3n disto:<\/p>\n<p>Ver tam\u00e9n <a href=\"http:\/\/o-teson.blogspot.com.es\/2017\/03\/carta-portos-de-galicia.html\">no blog de O Tes\u00f3n<\/a>.<\/p>\n","protected":false},"excerpt":{"rendered":"<p>Despois da entrada do d\u00eda 11 do mes pasado sobre o movemento do porto de Ribadeo, ten chegada unha nova entrega de dados portuarios, esta vez sobre o mes de xaneiro. Ser\u00edan, segundo os xornais (e suponse que segundo a correspondente nota de prensa -ver m\u00e1is abaixo-), 37 500 Tm estibadas no porto comercial de [&hellip;]<\/p>\n","protected":false},"author":3,"featured_media":0,"comment_status":"open","ping_status":"closed","sticky":false,"template":"","format":"standard","meta":{"activitypub_content_warning":"","activitypub_content_visibility":"","activitypub_max_image_attachments":3,"activitypub_interaction_policy_quote":"anyone","activitypub_status":"federate","footnotes":""},"categories":[1],"tags":[21,74],"class_list":["post-5921","post","type-post","status-publish","format-standard","hentry","category-sen-categoria","tag-economia","tag-o-teson"],"_links":{"self":[{"href":"https:\/\/blogs.amarinha.gal\/ribadeando\/wp-json\/wp\/v2\/posts\/5921","targetHints":{"allow":["GET"]}}],"collection":[{"href":"https:\/\/blogs.amarinha.gal\/ribadeando\/wp-json\/wp\/v2\/posts"}],"about":[{"href":"https:\/\/blogs.amarinha.gal\/ribadeando\/wp-json\/wp\/v2\/types\/post"}],"author":[{"embeddable":true,"href":"https:\/\/blogs.amarinha.gal\/ribadeando\/wp-json\/wp\/v2\/users\/3"}],"replies":[{"embeddable":true,"href":"https:\/\/blogs.amarinha.gal\/ribadeando\/wp-json\/wp\/v2\/comments?post=5921"}],"version-history":[{"count":0,"href":"https:\/\/blogs.amarinha.gal\/ribadeando\/wp-json\/wp\/v2\/posts\/5921\/revisions"}],"wp:attachment":[{"href":"https:\/\/blogs.amarinha.gal\/ribadeando\/wp-json\/wp\/v2\/media?parent=5921"}],"wp:term":[{"taxonomy":"category","embeddable":true,"href":"https:\/\/blogs.amarinha.gal\/ribadeando\/wp-json\/wp\/v2\/categories?post=5921"},{"taxonomy":"post_tag","embeddable":true,"href":"https:\/\/blogs.amarinha.gal\/ribadeando\/wp-json\/wp\/v2\/tags?post=5921"}],"curies":[{"name":"wp","href":"https:\/\/api.w.org\/{rel}","templated":true}]}}