{"id":5914,"date":"2017-03-08T08:05:00","date_gmt":"2017-03-08T07:05:00","guid":{"rendered":""},"modified":"2024-11-12T13:40:18","modified_gmt":"2024-11-12T12:40:18","slug":"imaxes-de-ribadeo","status":"publish","type":"post","link":"https:\/\/blogs.amarinha.gal\/ribadeando\/2017\/03\/08\/imaxes-de-ribadeo\/","title":{"rendered":"Imaxes de Ribadeo"},"content":{"rendered":"<p>8 de marzo. D\u00eda da muller&#8230; Te\u00f1o argumentado varias veces no blog que cando se quere sacar do medio o facer unha actividade de impacto sobre un tema, ad\u00edcaselle un d\u00eda. E si, ese d\u00eda hai celebraci\u00f3n, palabras, e \u00f3 seguinte, esquecemento. Por unha banda, non chega, e pola outra, \u00e1s veces case se pode ver como contraproducente.<\/p>\n<p>Remato de ver na rede unha <a href=\"https:\/\/en.wikiquote.org\/wiki\/William_Golding\">cita<\/a> de <a href=\"https:\/\/gl.wikipedia.org\/wiki\/William_Golding\">William Golding<\/a> (autor de &#8216;o se\u00f1or das moscas&#8217; entre outras cousas) que indica que non sabe por que as mulleres queren ser iguais \u00f3s homes, xa que son superiores, como amosa con varios exemplos. Esa li\u00f1a de pensamento (e a aplicaci\u00f3n correspondente na pr\u00e1ctica) ach\u00e9gase abondo \u00f3 que penso, e polo tanto, n\u00e9gome a &#8216;botar flores por un d\u00eda&#8217; e ap\u00fantome a colaborar a diario en igualdade. Hoxe, sinxelamente lembrando que o mundo ten outras facetas nas que \u00e1s veces non cavilamos e son tan importantes ao menos como aquelas que temos presente de xeito cont\u00ednuo. Facendo outra cousa, po\u00f1endo algunha foto do noso mundo com\u00fan (de todos, mulleres e homes, por se non se entendeu)<\/p>\n<p><a href=\"https:\/\/blogger.googleusercontent.com\/img\/b\/R29vZ2xl\/AVvXsEiiPM-r4pVGCsC_luh1D5rFJn4VF4qXcqT2B9sz8GSnEzNdyORHMX-2kd_t2NTBDgdO1UsoGHwZLKXlDg9lq_d6o66I6xTnT6BgCccmQ4wAn7lHyQt_1Eh5vOGmu53V45tfjWJJqg\/s2048\/Cocos.jpg\" imageanchor=\"1\" style=\"margin-left: 1em; margin-right: 1em;\"><img decoding=\"async\" src=\"https:\/\/blogger.googleusercontent.com\/img\/b\/R29vZ2xl\/AVvXsEiiPM-r4pVGCsC_luh1D5rFJn4VF4qXcqT2B9sz8GSnEzNdyORHMX-2kd_t2NTBDgdO1UsoGHwZLKXlDg9lq_d6o66I6xTnT6BgCccmQ4wAn7lHyQt_1Eh5vOGmu53V45tfjWJJqg\/s2048\/Cocos.jpg\" \/><\/a><\/p>\n<p>&nbsp;Os cocos en San Roque<\/p>\n<p><a href=\"https:\/\/blogger.googleusercontent.com\/img\/b\/R29vZ2xl\/AVvXsEgBJfelm1OKZUswm9YWdeMJg7SgMBv3TkNFcmSQGHrciI8DU07KTqBlrFq6ldZzQGpdlWDMGejRhSskbbaL_7MJrP1OcxmEQZIyGU3X5ZQk7qoDK6PydJiokMtAeN7S5LzatXgsyg\/s2048\/Santa+Clara+interior.jpg\" imageanchor=\"1\" style=\"margin-left: 1em; margin-right: 1em;\"><img decoding=\"async\" src=\"https:\/\/blogger.googleusercontent.com\/img\/b\/R29vZ2xl\/AVvXsEgBJfelm1OKZUswm9YWdeMJg7SgMBv3TkNFcmSQGHrciI8DU07KTqBlrFq6ldZzQGpdlWDMGejRhSskbbaL_7MJrP1OcxmEQZIyGU3X5ZQk7qoDK6PydJiokMtAeN7S5LzatXgsyg\/s2048\/Santa+Clara+interior.jpg\" \/><\/a><\/p>\n<p>&nbsp;Interior da igrexa de Santa Clara<\/p>\n<p><a href=\"https:\/\/blogger.googleusercontent.com\/img\/b\/R29vZ2xl\/AVvXsEh5ay0mFXPU6z8pA6VwbevJwacnQt0m8alL3DMJpkQtIARRn8ThRYvWgPiF-U-A1qJp16u1pHcdj-xVzj-V-pI_81mBR63roKzUtCtTbjZ9jEkPQsederu0Q_6H_ZAGaaG1EeP3vA\/s2048\/Santa+Clara.jpg\" imageanchor=\"1\" style=\"margin-left: 1em; margin-right: 1em;\"><img decoding=\"async\" src=\"https:\/\/blogger.googleusercontent.com\/img\/b\/R29vZ2xl\/AVvXsEh5ay0mFXPU6z8pA6VwbevJwacnQt0m8alL3DMJpkQtIARRn8ThRYvWgPiF-U-A1qJp16u1pHcdj-xVzj-V-pI_81mBR63roKzUtCtTbjZ9jEkPQsederu0Q_6H_ZAGaaG1EeP3vA\/s2048\/Santa+Clara.jpg\" \/><\/a><\/p>\n<p>Exterior da igrexa do convento de Santa Clara<\/p>\n<p><a href=\"https:\/\/blogger.googleusercontent.com\/img\/b\/R29vZ2xl\/AVvXsEiIOs6Ye3bhVz5aO8DWpqRIyRGla9aHqDWDEnjxlDgVKW9t61h5Xuefma7XO7KG0fv0R0b5S6vPCdKZX3ep1Ss0K9pmtlnQOA4xK_Q-i2QdVz-XJf5iyjZdmJwjJg-bLaw0_LUEQQ\/s2048\/Ribade+o+Castropol+unidos.jpg\" imageanchor=\"1\" style=\"margin-left: 1em; margin-right: 1em;\"><img decoding=\"async\" src=\"https:\/\/blogger.googleusercontent.com\/img\/b\/R29vZ2xl\/AVvXsEiIOs6Ye3bhVz5aO8DWpqRIyRGla9aHqDWDEnjxlDgVKW9t61h5Xuefma7XO7KG0fv0R0b5S6vPCdKZX3ep1Ss0K9pmtlnQOA4xK_Q-i2QdVz-XJf5iyjZdmJwjJg-bLaw0_LUEQQ\/s2048\/Ribade+o+Castropol+unidos.jpg\" \/><\/a><\/p>\n<p>Ribadeo e Castropol, unidos<\/p>\n","protected":false},"excerpt":{"rendered":"<p>8 de marzo. D\u00eda da muller&#8230; Te\u00f1o argumentado varias veces no blog que cando se quere sacar do medio o facer unha actividade de impacto sobre un tema, ad\u00edcaselle un d\u00eda. E si, ese d\u00eda hai celebraci\u00f3n, palabras, e \u00f3 seguinte, esquecemento. Por unha banda, non chega, e pola outra, \u00e1s veces case se pode [&hellip;]<\/p>\n","protected":false},"author":3,"featured_media":0,"comment_status":"open","ping_status":"closed","sticky":false,"template":"","format":"standard","meta":{"activitypub_content_warning":"","activitypub_content_visibility":"","activitypub_max_image_attachments":3,"activitypub_interaction_policy_quote":"anyone","activitypub_status":"federate","footnotes":""},"categories":[1],"tags":[103,57,93],"class_list":["post-5914","post","type-post","status-publish","format-standard","hentry","category-sen-categoria","tag-fotos","tag-fotos-ria-de-ribadeo","tag-fotos-ribadeo"],"_links":{"self":[{"href":"https:\/\/blogs.amarinha.gal\/ribadeando\/wp-json\/wp\/v2\/posts\/5914","targetHints":{"allow":["GET"]}}],"collection":[{"href":"https:\/\/blogs.amarinha.gal\/ribadeando\/wp-json\/wp\/v2\/posts"}],"about":[{"href":"https:\/\/blogs.amarinha.gal\/ribadeando\/wp-json\/wp\/v2\/types\/post"}],"author":[{"embeddable":true,"href":"https:\/\/blogs.amarinha.gal\/ribadeando\/wp-json\/wp\/v2\/users\/3"}],"replies":[{"embeddable":true,"href":"https:\/\/blogs.amarinha.gal\/ribadeando\/wp-json\/wp\/v2\/comments?post=5914"}],"version-history":[{"count":0,"href":"https:\/\/blogs.amarinha.gal\/ribadeando\/wp-json\/wp\/v2\/posts\/5914\/revisions"}],"wp:attachment":[{"href":"https:\/\/blogs.amarinha.gal\/ribadeando\/wp-json\/wp\/v2\/media?parent=5914"}],"wp:term":[{"taxonomy":"category","embeddable":true,"href":"https:\/\/blogs.amarinha.gal\/ribadeando\/wp-json\/wp\/v2\/categories?post=5914"},{"taxonomy":"post_tag","embeddable":true,"href":"https:\/\/blogs.amarinha.gal\/ribadeando\/wp-json\/wp\/v2\/tags?post=5914"}],"curies":[{"name":"wp","href":"https:\/\/api.w.org\/{rel}","templated":true}]}}