{"id":5902,"date":"2017-03-18T11:06:00","date_gmt":"2017-03-18T10:06:00","guid":{"rendered":""},"modified":"2024-11-12T13:39:57","modified_gmt":"2024-11-12T12:39:57","slug":"lembrando-o-inverno-que-ainda-non","status":"publish","type":"post","link":"https:\/\/blogs.amarinha.gal\/ribadeando\/2017\/03\/18\/lembrando-o-inverno-que-ainda-non\/","title":{"rendered":"Lembrando o inverno (que a\u00ednda non rematou)"},"content":{"rendered":"<p>Nun d\u00eda non c\u00e1lido, pero tranquilo, suave de aire como hoxe, unha lembranza dun d\u00eda diferente deste mesmo inverno con fotos da r\u00eda.<\/p>\n<p><a href=\"https:\/\/blogger.googleusercontent.com\/img\/b\/R29vZ2xl\/AVvXsEi0WMseahG7QU_MBgpC9SarYpwFh_p0CD3Vn0av4SqQi1fZH_4A15vkF70SpE7dg7-Hx_VKlwVml7FS7HFWaxL1xpN1TvgfUJZBVVYmnRVHr37SPnMEVrfbpJ7pSvgVRztSm99_jA\/s2048\/tormenta+bocana+r%25C3%25ADa.jpg\" imageanchor=\"1\" style=\"margin-left: 1em; margin-right: 1em;\"><img decoding=\"async\" src=\"https:\/\/blogger.googleusercontent.com\/img\/b\/R29vZ2xl\/AVvXsEi0WMseahG7QU_MBgpC9SarYpwFh_p0CD3Vn0av4SqQi1fZH_4A15vkF70SpE7dg7-Hx_VKlwVml7FS7HFWaxL1xpN1TvgfUJZBVVYmnRVHr37SPnMEVrfbpJ7pSvgVRztSm99_jA\/s2048\/tormenta+bocana+r%25C3%25ADa.jpg\" \/><\/a><\/p>\n<p>&nbsp;A bocana da r\u00eda, imposible para o tr\u00e1nsito mari\u00f1o.<\/p>\n<p><a href=\"https:\/\/blogger.googleusercontent.com\/img\/b\/R29vZ2xl\/AVvXsEj6aBa_4-CzcX9mKLRfdpeLAE-8SzUydbOC8XytpQSLnis8Xiwbfu-8dgjs4b4NoqiECu0ME_V4YyGo5awVf0fssgWEiLW4eM4I5ZRpb-5PB9vBHGAmXXZNIv__TQH8h3C19uohew\/s2048\/tormenta+Carrallas.jpg\" imageanchor=\"1\" style=\"margin-left: 1em; margin-right: 1em;\"><img decoding=\"async\" src=\"https:\/\/blogger.googleusercontent.com\/img\/b\/R29vZ2xl\/AVvXsEj6aBa_4-CzcX9mKLRfdpeLAE-8SzUydbOC8XytpQSLnis8Xiwbfu-8dgjs4b4NoqiECu0ME_V4YyGo5awVf0fssgWEiLW4eM4I5ZRpb-5PB9vBHGAmXXZNIv__TQH8h3C19uohew\/s2048\/tormenta+Carrallas.jpg\" \/><\/a><\/p>\n<p>&nbsp;As Carrallas, co faro azotado polas ondas despeinadas polo vento.<\/p>\n<p><a href=\"https:\/\/blogger.googleusercontent.com\/img\/b\/R29vZ2xl\/AVvXsEgK7_oheRNrHuFOBRlI75jqpbb7-IMxXPSTDMpef9-z4FXKTbzrN8zITTjufz5J0ziTuvk7C8ZFlp1_BH-CGoL-Zg5I3yr8BtHbrAKTYjyU7RH2Ru5FGPK1xSYyNnPaAK50te0Gzg\/s2048\/tormenta+faro.jpg\" imageanchor=\"1\" style=\"margin-left: 1em; margin-right: 1em;\"><img decoding=\"async\" src=\"https:\/\/blogger.googleusercontent.com\/img\/b\/R29vZ2xl\/AVvXsEgK7_oheRNrHuFOBRlI75jqpbb7-IMxXPSTDMpef9-z4FXKTbzrN8zITTjufz5J0ziTuvk7C8ZFlp1_BH-CGoL-Zg5I3yr8BtHbrAKTYjyU7RH2Ru5FGPK1xSYyNnPaAK50te0Gzg\/s2048\/tormenta+faro.jpg\" \/><\/a><\/p>\n<p>A illa Pancha, s\u00edmbolo fronte \u00f3 mar.<\/p>\n","protected":false},"excerpt":{"rendered":"<p>Nun d\u00eda non c\u00e1lido, pero tranquilo, suave de aire como hoxe, unha lembranza dun d\u00eda diferente deste mesmo inverno con fotos da r\u00eda. &nbsp;A bocana da r\u00eda, imposible para o tr\u00e1nsito mari\u00f1o. &nbsp;As Carrallas, co faro azotado polas ondas despeinadas polo vento. A illa Pancha, s\u00edmbolo fronte \u00f3 mar.<\/p>\n","protected":false},"author":3,"featured_media":0,"comment_status":"open","ping_status":"closed","sticky":false,"template":"","format":"standard","meta":{"activitypub_content_warning":"","activitypub_content_visibility":"","activitypub_max_image_attachments":3,"activitypub_interaction_policy_quote":"anyone","activitypub_status":"federate","footnotes":""},"categories":[1],"tags":[103,57,37,26],"class_list":["post-5902","post","type-post","status-publish","format-standard","hentry","category-sen-categoria","tag-fotos","tag-fotos-ria-de-ribadeo","tag-illa-pancha","tag-medio"],"_links":{"self":[{"href":"https:\/\/blogs.amarinha.gal\/ribadeando\/wp-json\/wp\/v2\/posts\/5902","targetHints":{"allow":["GET"]}}],"collection":[{"href":"https:\/\/blogs.amarinha.gal\/ribadeando\/wp-json\/wp\/v2\/posts"}],"about":[{"href":"https:\/\/blogs.amarinha.gal\/ribadeando\/wp-json\/wp\/v2\/types\/post"}],"author":[{"embeddable":true,"href":"https:\/\/blogs.amarinha.gal\/ribadeando\/wp-json\/wp\/v2\/users\/3"}],"replies":[{"embeddable":true,"href":"https:\/\/blogs.amarinha.gal\/ribadeando\/wp-json\/wp\/v2\/comments?post=5902"}],"version-history":[{"count":0,"href":"https:\/\/blogs.amarinha.gal\/ribadeando\/wp-json\/wp\/v2\/posts\/5902\/revisions"}],"wp:attachment":[{"href":"https:\/\/blogs.amarinha.gal\/ribadeando\/wp-json\/wp\/v2\/media?parent=5902"}],"wp:term":[{"taxonomy":"category","embeddable":true,"href":"https:\/\/blogs.amarinha.gal\/ribadeando\/wp-json\/wp\/v2\/categories?post=5902"},{"taxonomy":"post_tag","embeddable":true,"href":"https:\/\/blogs.amarinha.gal\/ribadeando\/wp-json\/wp\/v2\/tags?post=5902"}],"curies":[{"name":"wp","href":"https:\/\/api.w.org\/{rel}","templated":true}]}}